{"id":14736,"date":"2022-03-04T21:37:38","date_gmt":"2022-03-04T21:37:38","guid":{"rendered":"http:\/\/fmriachuelo.com.ar\/?p=14736"},"modified":"2025-04-16T15:35:32","modified_gmt":"2025-04-16T18:35:32","slug":"maximo-paz-se-inaugura-un-jardin-maternal-de-gestion-comunitaria","status":"publish","type":"post","link":"http:\/\/fmriachuelo.it10.com.ar\/index.php\/2022\/03\/04\/maximo-paz-se-inaugura-un-jardin-maternal-de-gestion-comunitaria\/","title":{"rendered":"M\u00c1XIMO PAZ: SE INAUGURA UN JARD\u00cdN MATERNAL DE GESTI\u00d3N COMUNITARIA"},"content":{"rendered":"<p><b>[FM Riachuelo, 4\/3\/2022] El jard\u00edn comunitario maternal \u201cLev Vygotsky\u201d se inaugur\u00f3 hoy en M\u00e1ximo Paz. Un salto de calidad para los trabajadores y trabajadoras que integran las Cooperativas impulsadas por la Agrupaci\u00f3n de Frente, quienes a partir de hoy tendr\u00e1n un espacio que garantice el cuidado de sus hijos e hijas mientras trabajan.<\/b><\/p>\n<p><span style=\"font-weight: 400\">Se trata del segundo jard\u00edn de M\u00e1ximo Paz, y el primero de gesti\u00f3n comunitaria de todo el municipio de Ca\u00f1uelas. Un sue\u00f1o colectivo que se logr\u00f3 cumplir debido al trabajo y la organizaci\u00f3n de la comunidad.<\/span><\/p>\n<p><span style=\"font-weight: 400\">Las palabras de Marta Ferraro, secretaria general de la Agrupaci\u00f3n de Frente responsable de la obra, reflejaron la impronta comunitaria y colectiva que hizo posible esta nueva realidad para M\u00e1ximo Paz: <em>\u201cNo hay ninguna persona que est\u00e9 ac\u00e1 que no haya participado y construido colectivamente con nosotros en el territorio. Todos los que est\u00e1n ac\u00e1 son parte de lo que construimos todos los d\u00edas\u201d<\/em>.<br \/>\n<\/span><\/p>\n<p><img loading=\"lazy\" decoding=\"async\" class=\"size-medium wp-image-14745 aligncenter\" src=\"http:\/\/fmriachuelo.com.ar\/wp-content\/uploads\/2022\/03\/275136483_4943875072334335_4051072638796439754_n-300x200.jpg\" alt=\"\" width=\"300\" height=\"200\" srcset=\"http:\/\/fmriachuelo.it10.com.ar\/wp-content\/uploads\/2022\/03\/275136483_4943875072334335_4051072638796439754_n-300x200.jpg 300w, http:\/\/fmriachuelo.it10.com.ar\/wp-content\/uploads\/2022\/03\/275136483_4943875072334335_4051072638796439754_n-1024x684.jpg 1024w, http:\/\/fmriachuelo.it10.com.ar\/wp-content\/uploads\/2022\/03\/275136483_4943875072334335_4051072638796439754_n-768x513.jpg 768w, http:\/\/fmriachuelo.it10.com.ar\/wp-content\/uploads\/2022\/03\/275136483_4943875072334335_4051072638796439754_n-1536x1025.jpg 1536w, http:\/\/fmriachuelo.it10.com.ar\/wp-content\/uploads\/2022\/03\/275136483_4943875072334335_4051072638796439754_n-750x501.jpg 750w, http:\/\/fmriachuelo.it10.com.ar\/wp-content\/uploads\/2022\/03\/275136483_4943875072334335_4051072638796439754_n-1140x761.jpg 1140w, http:\/\/fmriachuelo.it10.com.ar\/wp-content\/uploads\/2022\/03\/275136483_4943875072334335_4051072638796439754_n.jpg 2048w\" sizes=\"auto, (max-width: 300px) 100vw, 300px\" \/><\/p>\n<div class=\"cxmmr5t8 oygrvhab hcukyx3x c1et5uql o9v6fnle ii04i59q\">\n<div dir=\"auto\">La inauguraci\u00f3n cont\u00f3 con la presencia de Emilio P\u00e9rsico, Secretario de Econom\u00eda Social del Ministerio de Desarrollo Social de la Naci\u00f3n, quien en su intervenci\u00f3n destac\u00f3 el impacto de la inversi\u00f3n del Estado cuando se realiza a trav\u00e9s de la tarea y el compromiso comunitario de los movimientos populares y los trabajadores de la econom\u00eda popular.<\/div>\n<\/div>\n<div class=\"cxmmr5t8 oygrvhab hcukyx3x c1et5uql o9v6fnle ii04i59q\">\n<div dir=\"auto\"><\/div>\n<div dir=\"auto\"><img loading=\"lazy\" decoding=\"async\" class=\"size-medium wp-image-14746 alignleft\" src=\"http:\/\/fmriachuelo.com.ar\/wp-content\/uploads\/2022\/03\/274730810_4943875469000962_2031100066850242843_n-300x200.jpg\" alt=\"\" width=\"300\" height=\"200\" srcset=\"http:\/\/fmriachuelo.it10.com.ar\/wp-content\/uploads\/2022\/03\/274730810_4943875469000962_2031100066850242843_n-300x200.jpg 300w, http:\/\/fmriachuelo.it10.com.ar\/wp-content\/uploads\/2022\/03\/274730810_4943875469000962_2031100066850242843_n-1024x684.jpg 1024w, http:\/\/fmriachuelo.it10.com.ar\/wp-content\/uploads\/2022\/03\/274730810_4943875469000962_2031100066850242843_n-768x513.jpg 768w, http:\/\/fmriachuelo.it10.com.ar\/wp-content\/uploads\/2022\/03\/274730810_4943875469000962_2031100066850242843_n-1536x1025.jpg 1536w, http:\/\/fmriachuelo.it10.com.ar\/wp-content\/uploads\/2022\/03\/274730810_4943875469000962_2031100066850242843_n-750x501.jpg 750w, http:\/\/fmriachuelo.it10.com.ar\/wp-content\/uploads\/2022\/03\/274730810_4943875469000962_2031100066850242843_n-1140x761.jpg 1140w, http:\/\/fmriachuelo.it10.com.ar\/wp-content\/uploads\/2022\/03\/274730810_4943875469000962_2031100066850242843_n.jpg 2048w\" sizes=\"auto, (max-width: 300px) 100vw, 300px\" \/>Tambi\u00e9n participaron de la actividad Cesar Villanueva, de la Agrupaci\u00f3n Mar\u00eda Claudia Falcone y Luciano Alvarez, del Movimiento Popular Los Pibes quienes, junto a De Frente integran la Mesa Gremial 19 y 20 de la UTEP desde donde se conquistaron y gestionaron los recursos que contribuyeron a la realizaci\u00f3n de la obra.<\/div>\n<div dir=\"auto\"><\/div>\n<div dir=\"auto\"><span>Uno de los ejes centrales de este jard\u00edn, cuyo nombre hace honor a un pedagogo ruso que hizo aportes muy valiosos a la educaci\u00f3n, es el cuidado de la comunidad: \u201c<\/span><i><span>Las expectativas son muchas, sobre todo que las compa\u00f1eras puedan venir a trabajar y no generar un problema en sus casas. Porque a veces no pueden venir porque no tienen qui\u00e9n le cuide los nenes (&#8230;) y sus mam\u00e1s van a estar trabajando tranquilas porque van a estar cuidado<\/span><\/i><span>s\u201d, expres\u00f3 Antonella, coordinadora de la parte de producci\u00f3n de la Casa de la Mujer Esther Careaga.<\/span><\/div>\n<\/div>\n<p><span style=\"font-weight: 400\"><img loading=\"lazy\" decoding=\"async\" class=\" wp-image-14740 aligncenter\" src=\"http:\/\/fmriachuelo.com.ar\/wp-content\/uploads\/2022\/03\/WhatsApp-Image-2022-03-04-at-3.52.37-PM-300x200.jpeg\" alt=\"\" width=\"365\" height=\"243\" srcset=\"http:\/\/fmriachuelo.it10.com.ar\/wp-content\/uploads\/2022\/03\/WhatsApp-Image-2022-03-04-at-3.52.37-PM-300x200.jpeg 300w, http:\/\/fmriachuelo.it10.com.ar\/wp-content\/uploads\/2022\/03\/WhatsApp-Image-2022-03-04-at-3.52.37-PM-1024x683.jpeg 1024w, http:\/\/fmriachuelo.it10.com.ar\/wp-content\/uploads\/2022\/03\/WhatsApp-Image-2022-03-04-at-3.52.37-PM-768x512.jpeg 768w, http:\/\/fmriachuelo.it10.com.ar\/wp-content\/uploads\/2022\/03\/WhatsApp-Image-2022-03-04-at-3.52.37-PM-750x500.jpeg 750w, http:\/\/fmriachuelo.it10.com.ar\/wp-content\/uploads\/2022\/03\/WhatsApp-Image-2022-03-04-at-3.52.37-PM-1140x761.jpeg 1140w, http:\/\/fmriachuelo.it10.com.ar\/wp-content\/uploads\/2022\/03\/WhatsApp-Image-2022-03-04-at-3.52.37-PM.jpeg 1280w\" sizes=\"auto, (max-width: 365px) 100vw, 365px\" \/><\/span><\/p>\n<p><span style=\"font-weight: 400\">As\u00ed, existen hoy en M\u00e1ximo Paz dos jardines; uno estatal y otro gestionado por los trabajadores de la Econom\u00eda Popular. Marta Ferraro dio cuenta de lo que la organizaci\u00f3n comunitaria puede lograr cuando el Estado le destina los recursos necesarios: \u201c<\/span><i><span style=\"font-weight: 400\">Este edificio como el del al lado, son edificios que se han construido con el programa Potenciar Trabajo, y se han equipado con el Potenciar Trabajo Productivo, todo construido por compa\u00f1eros de este programa, \u00bfqu\u00e9 nos van a hablar de laburo a nosotros? Nosotros somos trabajadores de la Econom\u00eda Popular<\/span><\/i><span style=\"font-weight: 400\">\u201d.<\/span><\/p>\n","protected":false},"excerpt":{"rendered":"<p>[FM Riachuelo, 4\/3\/2022] El jard\u00edn comunitario maternal \u201cLev Vygotsky\u201d se inaugur\u00f3 hoy en M\u00e1ximo Paz. Un salto de calidad para los trabajadores y trabajadoras que integran las Cooperativas impulsadas por la Agrupaci\u00f3n de Frente, quienes a partir de hoy tendr\u00e1n un espacio que garantice el cuidado de sus hijos e hijas mientras trabajan. Se trata [&hellip;]<\/p>\n","protected":false},"author":5,"featured_media":14739,"comment_status":"closed","ping_status":"closed","sticky":false,"template":"","format":"standard","meta":{"_monsterinsights_skip_tracking":false,"_monsterinsights_sitenote_active":false,"_monsterinsights_sitenote_note":"","_monsterinsights_sitenote_category":0,"jnews-multi-image_gallery":[],"jnews_single_post":{"format":"standard"},"jnews_primary_category":[],"_joinchat":[],"footnotes":""},"categories":[58],"tags":[64,149,103],"class_list":["post-14736","post","type-post","status-publish","format-standard","has-post-thumbnail","hentry","category-noticiariachuelo","tag-economia-popular","tag-educacion-popular","tag-movimientos-populares"],"_links":{"self":[{"href":"http:\/\/fmriachuelo.it10.com.ar\/index.php\/wp-json\/wp\/v2\/posts\/14736","targetHints":{"allow":["GET"]}}],"collection":[{"href":"http:\/\/fmriachuelo.it10.com.ar\/index.php\/wp-json\/wp\/v2\/posts"}],"about":[{"href":"http:\/\/fmriachuelo.it10.com.ar\/index.php\/wp-json\/wp\/v2\/types\/post"}],"author":[{"embeddable":true,"href":"http:\/\/fmriachuelo.it10.com.ar\/index.php\/wp-json\/wp\/v2\/users\/5"}],"replies":[{"embeddable":true,"href":"http:\/\/fmriachuelo.it10.com.ar\/index.php\/wp-json\/wp\/v2\/comments?post=14736"}],"version-history":[{"count":1,"href":"http:\/\/fmriachuelo.it10.com.ar\/index.php\/wp-json\/wp\/v2\/posts\/14736\/revisions"}],"predecessor-version":[{"id":22309,"href":"http:\/\/fmriachuelo.it10.com.ar\/index.php\/wp-json\/wp\/v2\/posts\/14736\/revisions\/22309"}],"wp:featuredmedia":[{"embeddable":true,"href":"http:\/\/fmriachuelo.it10.com.ar\/index.php\/wp-json\/wp\/v2\/media\/14739"}],"wp:attachment":[{"href":"http:\/\/fmriachuelo.it10.com.ar\/index.php\/wp-json\/wp\/v2\/media?parent=14736"}],"wp:term":[{"taxonomy":"category","embeddable":true,"href":"http:\/\/fmriachuelo.it10.com.ar\/index.php\/wp-json\/wp\/v2\/categories?post=14736"},{"taxonomy":"post_tag","embeddable":true,"href":"http:\/\/fmriachuelo.it10.com.ar\/index.php\/wp-json\/wp\/v2\/tags?post=14736"}],"curies":[{"name":"wp","href":"https:\/\/api.w.org\/{rel}","templated":true}]}}