{"id":1473,"date":"2016-02-26T01:44:00","date_gmt":"2016-02-26T01:44:00","guid":{"rendered":"http:\/\/fmriachuelo.observatorioess.org.ar\/index.php\/2016\/02\/26\/politicas-de-exclusion-y-represion-contra-trabajadores-de-la-economia-popular\/"},"modified":"2016-02-26T01:44:00","modified_gmt":"2016-02-26T01:44:00","slug":"politicas-de-exclusion-y-represion-contra-trabajadores-de-la-economia-popular","status":"publish","type":"post","link":"http:\/\/fmriachuelo.it10.com.ar\/index.php\/2016\/02\/26\/politicas-de-exclusion-y-represion-contra-trabajadores-de-la-economia-popular\/","title":{"rendered":"POL\u00cdTICAS DE EXCLUSI\u00d3N Y REPRESI\u00d3N CONTRA TRABAJADORES DE LA ECONOM\u00cdA POPULAR"},"content":{"rendered":"<div><span><span style=\"color: red;font-size: large\"><b>SIN LUGAR PARA LOS SECTORES POPULARES<\/b><\/span>&nbsp;<\/span><\/div>\n<p><span><br \/><\/span><span style=\"font-family: verdana, sans-serif\"><a href=\"http:\/\/www.mediafire.com\/download\/58xvs81q6xje91v\/02-25-2016_-_REPRESI%C3%93N_MANTEROS_LINIERS_-_ENT.._GABY_OLGUIN_-_COOP._EL_ADOQUIN_-_CTEP.mp3\"><b>ESCUCH\u00c1 LA ENTREVISTA CON GABRIELA OLGUIN (CTEP) EN ROMP\u00c9 EL CERCO INFORMATIVO<\/b><\/a><\/span><br \/><span><br \/><\/span><span>REPRIMEN CON BALAS DE GOMA A TRABAJADORES MANTEROS EN LINIERS<\/span><\/p>\n<div style=\"clear: both;text-align: center\"><a href=\"https:\/\/3.bp.blogspot.com\/-TZu6EGqCkRU\/Vs-tduz0-1I\/AAAAAAAAH9A\/jdsS16171fo\/s1600\/liniers-768x497.jpg\" style=\"clear: left;float: left;margin-bottom: 1em;margin-right: 1em\"><img loading=\"lazy\" decoding=\"async\" border=\"0\" height=\"207\" src=\"https:\/\/3.bp.blogspot.com\/-TZu6EGqCkRU\/Vs-tduz0-1I\/AAAAAAAAH9A\/jdsS16171fo\/s320\/liniers-768x497.jpg\" width=\"320\" \/><\/a><\/div>\n<p><span><\/span><\/p>\n<div style=\"text-align: justify\"><span>\u00a1URGENTE!<\/span><\/div>\n<p><span><\/p>\n<div style=\"text-align: justify\">[CTEP]Reprimen con balas de goma a trabajadores manteros en Liniers<\/div>\n<div style=\"text-align: justify\"><b>HAY HERIDOS<\/b><\/div>\n<div style=\"text-align: justify\">Hace minutos Personal de Infanter\u00eda reprimi\u00f3 salvajamente a trabajadores manteros en la Estaci\u00f3n de Liniers (Rivadavia 11.599-CABA), utilizando balas de gomas y palos.<\/div>\n<div style=\"text-align: justify\">Un menor recibi\u00f3 un balazo de goma en un dedo y a varios trabajadores le decomisaron sus productos a los golpes.<\/div>\n<div style=\"text-align: justify\">En estos momentos compa\u00f1eros de la CTEP se dirigen al lugar, junto con asesores legales, con el objetivo de acompa\u00f1ar a los trabajadores y accionar acorde a lo ocurrido.<\/div>\n<div style=\"text-align: justify\">Hacemos responsable al Gobierno Nacional y de la Ciudad por la integridad f\u00edsica de nuestros compa\u00f1eros.<\/div>\n<div style=\"text-align: justify\">AMPLIAREMOS.<\/div>\n<p><\/span><\/p>\n","protected":false},"excerpt":{"rendered":"<p>SIN LUGAR PARA LOS SECTORES POPULARES&nbsp; ESCUCH\u00c1 LA ENTREVISTA CON GABRIELA OLGUIN (CTEP) EN ROMP\u00c9 EL CERCO INFORMATIVOREPRIMEN CON BALAS DE GOMA A TRABAJADORES MANTEROS EN LINIERS \u00a1URGENTE! [CTEP]Reprimen con balas de goma a trabajadores manteros en Liniers HAY HERIDOS Hace minutos Personal de Infanter\u00eda reprimi\u00f3 salvajamente a trabajadores manteros en la Estaci\u00f3n de Liniers [&hellip;]<\/p>\n","protected":false},"author":4,"featured_media":0,"comment_status":"open","ping_status":"open","sticky":false,"template":"","format":"standard","meta":{"_monsterinsights_skip_tracking":false,"_monsterinsights_sitenote_active":false,"_monsterinsights_sitenote_note":"","_monsterinsights_sitenote_category":0,"jnews-multi-image_gallery":[],"jnews_single_post":[],"jnews_primary_category":[],"_joinchat":[],"footnotes":""},"categories":[1],"tags":[],"class_list":["post-1473","post","type-post","status-publish","format-standard","hentry","category-habitat"],"_links":{"self":[{"href":"http:\/\/fmriachuelo.it10.com.ar\/index.php\/wp-json\/wp\/v2\/posts\/1473","targetHints":{"allow":["GET"]}}],"collection":[{"href":"http:\/\/fmriachuelo.it10.com.ar\/index.php\/wp-json\/wp\/v2\/posts"}],"about":[{"href":"http:\/\/fmriachuelo.it10.com.ar\/index.php\/wp-json\/wp\/v2\/types\/post"}],"author":[{"embeddable":true,"href":"http:\/\/fmriachuelo.it10.com.ar\/index.php\/wp-json\/wp\/v2\/users\/4"}],"replies":[{"embeddable":true,"href":"http:\/\/fmriachuelo.it10.com.ar\/index.php\/wp-json\/wp\/v2\/comments?post=1473"}],"version-history":[{"count":0,"href":"http:\/\/fmriachuelo.it10.com.ar\/index.php\/wp-json\/wp\/v2\/posts\/1473\/revisions"}],"wp:attachment":[{"href":"http:\/\/fmriachuelo.it10.com.ar\/index.php\/wp-json\/wp\/v2\/media?parent=1473"}],"wp:term":[{"taxonomy":"category","embeddable":true,"href":"http:\/\/fmriachuelo.it10.com.ar\/index.php\/wp-json\/wp\/v2\/categories?post=1473"},{"taxonomy":"post_tag","embeddable":true,"href":"http:\/\/fmriachuelo.it10.com.ar\/index.php\/wp-json\/wp\/v2\/tags?post=1473"}],"curies":[{"name":"wp","href":"https:\/\/api.w.org\/{rel}","templated":true}]}}