{"id":14726,"date":"2022-03-02T22:01:23","date_gmt":"2022-03-02T22:01:23","guid":{"rendered":"http:\/\/fmriachuelo.com.ar\/?p=14726"},"modified":"2025-04-16T15:37:05","modified_gmt":"2025-04-16T18:37:05","slug":"entrevistariachuelo-guerra-entre-rusia-y-ucrania-una-mirada-sobre-lo-que-nos-toca-a-los-pueblos","status":"publish","type":"post","link":"http:\/\/fmriachuelo.it10.com.ar\/index.php\/2022\/03\/02\/entrevistariachuelo-guerra-entre-rusia-y-ucrania-una-mirada-sobre-lo-que-nos-toca-a-los-pueblos\/","title":{"rendered":"#EntrevistaRiachuelo  GUERRA ENTRE RUSIA Y UCRANIA: UNA MIRADA SOBRE LO QUE NOS TOCA A LOS PUEBLOS"},"content":{"rendered":"<p><b>[FM Riachuelo, 2\/3\/2022] El conflicto b\u00e9lico entre Rusia y Ucrania ya est\u00e1 por cumplir una semana, conflicto que aunque parezca lejano, afecta en todas las regiones del planeta, sin excepci\u00f3n de la nuestra. Para interiorizarnos en este conflicto, invitamos al piso a Lito Borello, secretario de Derechos Humanos de la Uni\u00f3n de Trabajadores y Trabajadoras de la Econom\u00eda Popular y coordinador nacional del Movimiento Popular Los Pibes. A continuaci\u00f3n, compartimos los principales temas que se trataron en la entrevista:<\/b><\/p>\n<p><b>Sobre el panorama mundial de guerra<\/b><\/p>\n<p><span style=\"font-weight: 400\">\u201cDec\u00edamos hace unos d\u00edas atr\u00e1s que mientras los poderosos juegan a la guerra, los nuestros siguen padeciendo las tremendas injusticias. El conflicto de Ucrania y Rusia inicia hace 6 a\u00f1os como m\u00ednimo, donde hay una tensi\u00f3n permanente luego de los conflictos que se generan en la anterior Uni\u00f3n Sovi\u00e9tica, por todo lo que es la periferia de lo que hoy es Rusia. Por otro lado, no son los \u00fanicos conflictos b\u00e9licos que andan en danza: Yemen, \u00c1frica, Siria; el planeta est\u00e1 plagado de conflictos b\u00e9licos de una gran envergadura, donde inmensas mayor\u00edas quedan afectadas y andan migrando por el mundo, producto de la avaricia de los poderosos que est\u00e1n tratando de dirimir c\u00f3mo se van a hacer el reparto de la bolsa del planeta\u201d.<\/span><\/p>\n<p><span style=\"font-weight: 400\">\u201cPareciera que todo lo quieren reducir a si estas con Rusia o con Ucrania, y se trata de ocultar el papel que tienen la OTAN y Estados Unidos en fogonear permanente que los conflictos lleguen a un punto de que se diriman en el plano de la guerra abierta (&#8230;) y est\u00e1 claro que ese escenario le conviene a Estados Unidos\u201d.<\/span><\/p>\n<p><span style=\"font-weight: 400\">\u201cEst\u00e1 bien que los pa\u00edses del tercer mundo, o los pa\u00edses \u201cno alineados\u201d, aprovechemos las contradicciones de los poderosos. Pero eso sin dejar de tener claro siempre que nosotros tenemos que construir una alternativa y, como bien dice Francisco, este sistema capitalista no da m\u00e1s, y hay que construir otro mundo posible\u201d.<\/span><\/p>\n<p><b>Sobre los distintos modos de guerra y el aspecto comunicacional<\/b><\/p>\n<p><span style=\"font-weight: 400\">\u201cLa guerra hoy se libra en todos los planos, en todos al mismo tiempo, y en algunos lugares por sobre otros alg\u00fan formato toma m\u00e1s relieve.\u201d<\/span><\/p>\n<p><span style=\"font-weight: 400\">\u201cEl d\u00eda que estallaron los enfrentamientos, qued\u00f3 claro que no hace falta y que es nocivo escuchar los medios; desaparece la verdad. Al darse la guerra abierta, todo lo dem\u00e1s es comunicaci\u00f3n de guerra. Por lo tanto no podemos imaginar que vamos a encontrar en los medios alg\u00fan grado de veracidad, todo est\u00e1 te\u00f1ido de qu\u00e9 bando juega cada uno\u201d.<\/span><\/p>\n<p><span style=\"font-weight: 400\">\u201cLa disputa global por la primac\u00eda de quien va a llevar adelante el dominio cada vez m\u00e1s llega a niveles de confrontaci\u00f3n mas abiertos, mas cruenta y mas perjudiciales para los pueblos. Est\u00e1 muy bien que llamemos a la paz, pero hay que ser conscientes de que estamos en guerra\u201d.<\/span><\/p>\n<p><b>Sobre lo que nos tienen preparado las grandes potencias a los pueblos; c\u00f3mo accionar<\/b><\/p>\n<p><span style=\"font-weight: 400\">\u201cEn Europa, China ya ha involucrado a muchos pa\u00edses en la Ruta de la Seda, que a veces parece que es una, pero son todos los caminos que est\u00e1 construyendo China para hacerse del dominio de la comercializaci\u00f3n en todo el planeta. China ya est\u00e1 acordando en Chile la comercializaci\u00f3n del litio, por lo tanto tenemos que hablar de los pa\u00edses nuestroamericanos, que los tenemos ocupados por los poderes globales, y que esa disputa a nivel mundial la libran en nuestros territorios, a ver de qu\u00e9 manera saquean nuestras riquezas\u201d.<\/span><\/p>\n<p><span style=\"font-weight: 400\">(A prop\u00f3sito de la apertura de Sesiones Ordinarias) \u201cSi no hay sujeto pueblo, si no hay fuerza motriz, organizaciones populares, no hay capacidad de enfrentar esos poderes f\u00e1cticos. La ret\u00f3rica est\u00e1 bien para un discurso de un rato, pero despu\u00e9s, la confrontaci\u00f3n en el plano concreto con los poderes globales se da todos los d\u00edas. En eso, escuchamos a veces algunas cuestiones temerarias, como decir que se van a hacer algunas cosas, pero no fortalecer el entramado de los Movimientos Populares y de los trabajadores, que como siempre decimos, en donde no hay trabajadores como columna vertebral y cabeza de los procesos, no hay garant\u00eda de que la direccionalidad de las transformaciones vayan en el sentido de los trabajadores y la Naci\u00f3n\u201d.<\/span><\/p>\n<p><span style=\"font-weight: 400\">\u201cSi no hay una apuesta al vertebrado de la Econom\u00eda Popular y a una generaci\u00f3n de ejes de car\u00e1cter estrat\u00e9gico para el ejercicio de la soberan\u00eda, nos van dejando que cantemos el himno los d\u00edas patrios, que icemos la bandera, llevemos a nuestros chicos a las escuelas y le pongamos la escarapela, pero somos cada vez m\u00e1s un pa\u00eds ocupado, y frente a un pa\u00eds ocupado, hay que construir la resistencia\u201d.<\/span><\/p>\n<p><b>Escuch\u00e1 la entrevista completa<\/b><\/p>\n<p><a href=\"https:\/\/ar.radiocut.fm\/audiocut\/guerra-entre-rusia-y-ucrania-una-mirada-sobre-lo-nos-toca-a-pueblos\/\"><span style=\"font-weight: 400\">https:\/\/ar.radiocut.fm\/audiocut\/guerra-entre-rusia-y-ucrania-una-mirada-sobre-lo-nos-toca-a-pueblos\/<\/span><\/a><\/p>\n","protected":false},"excerpt":{"rendered":"<p>[FM Riachuelo, 2\/3\/2022] El conflicto b\u00e9lico entre Rusia y Ucrania ya est\u00e1 por cumplir una semana, conflicto que aunque parezca lejano, afecta en todas las regiones del planeta, sin excepci\u00f3n de la nuestra. Para interiorizarnos en este conflicto, invitamos al piso a Lito Borello, secretario de Derechos Humanos de la Uni\u00f3n de Trabajadores y Trabajadoras [&hellip;]<\/p>\n","protected":false},"author":5,"featured_media":14727,"comment_status":"closed","ping_status":"closed","sticky":false,"template":"","format":"standard","meta":{"_monsterinsights_skip_tracking":false,"_monsterinsights_sitenote_active":false,"_monsterinsights_sitenote_note":"","_monsterinsights_sitenote_category":0,"jnews-multi-image_gallery":[],"jnews_single_post":{"format":"standard"},"jnews_primary_category":[],"_joinchat":[],"footnotes":""},"categories":[63],"tags":[167],"class_list":["post-14726","post","type-post","status-publish","format-standard","has-post-thumbnail","hentry","category-entrevista-riachuelo","tag-politica-internacional"],"_links":{"self":[{"href":"http:\/\/fmriachuelo.it10.com.ar\/index.php\/wp-json\/wp\/v2\/posts\/14726","targetHints":{"allow":["GET"]}}],"collection":[{"href":"http:\/\/fmriachuelo.it10.com.ar\/index.php\/wp-json\/wp\/v2\/posts"}],"about":[{"href":"http:\/\/fmriachuelo.it10.com.ar\/index.php\/wp-json\/wp\/v2\/types\/post"}],"author":[{"embeddable":true,"href":"http:\/\/fmriachuelo.it10.com.ar\/index.php\/wp-json\/wp\/v2\/users\/5"}],"replies":[{"embeddable":true,"href":"http:\/\/fmriachuelo.it10.com.ar\/index.php\/wp-json\/wp\/v2\/comments?post=14726"}],"version-history":[{"count":1,"href":"http:\/\/fmriachuelo.it10.com.ar\/index.php\/wp-json\/wp\/v2\/posts\/14726\/revisions"}],"predecessor-version":[{"id":22312,"href":"http:\/\/fmriachuelo.it10.com.ar\/index.php\/wp-json\/wp\/v2\/posts\/14726\/revisions\/22312"}],"wp:featuredmedia":[{"embeddable":true,"href":"http:\/\/fmriachuelo.it10.com.ar\/index.php\/wp-json\/wp\/v2\/media\/14727"}],"wp:attachment":[{"href":"http:\/\/fmriachuelo.it10.com.ar\/index.php\/wp-json\/wp\/v2\/media?parent=14726"}],"wp:term":[{"taxonomy":"category","embeddable":true,"href":"http:\/\/fmriachuelo.it10.com.ar\/index.php\/wp-json\/wp\/v2\/categories?post=14726"},{"taxonomy":"post_tag","embeddable":true,"href":"http:\/\/fmriachuelo.it10.com.ar\/index.php\/wp-json\/wp\/v2\/tags?post=14726"}],"curies":[{"name":"wp","href":"https:\/\/api.w.org\/{rel}","templated":true}]}}