{"id":1472,"date":"2016-02-27T18:25:00","date_gmt":"2016-02-27T18:25:00","guid":{"rendered":"http:\/\/fmriachuelo.observatorioess.org.ar\/index.php\/2016\/02\/27\/jujuy-alto-comedero-tomaron-viviendas-de-la-tupac-amaru\/"},"modified":"2016-02-27T18:25:00","modified_gmt":"2016-02-27T18:25:00","slug":"jujuy-alto-comedero-tomaron-viviendas-de-la-tupac-amaru","status":"publish","type":"post","link":"http:\/\/fmriachuelo.it10.com.ar\/index.php\/2016\/02\/27\/jujuy-alto-comedero-tomaron-viviendas-de-la-tupac-amaru\/","title":{"rendered":"JUJUY, ALTO COMEDERO: TOMARON VIVIENDAS DE LA TUPAC AMARU"},"content":{"rendered":"<p><span style=\"font-family: Verdana, sans-serif\"><span style=\"color: red;font-size: large\"><b>PERSECUSI\u00d3N IDEOL\u00d3GICA<\/b><\/span><\/span><\/p>\n<div><span style=\"font-family: Verdana, sans-serif\">TOMARON VIVIENDAS DE LA TUPAC AMARU EN ALTO COMEDERO<\/span><\/div>\n<div><span style=\"font-family: Verdana, sans-serif\"><span style=\"color: red;font-size: large\"><span style=\"color: black;font-size: small\"><br \/><\/span><\/span><\/span><\/p>\n<div style=\"clear: both;text-align: center\"><a href=\"https:\/\/2.bp.blogspot.com\/-1oqcqE9-Ses\/VtHpaAUbg-I\/AAAAAAAAH9U\/h2gMvwYf1cs\/s1600\/TUPAC.jpg\" style=\"clear: left;float: left;margin-bottom: 1em;margin-right: 1em\"><img loading=\"lazy\" decoding=\"async\" border=\"0\" height=\"180\" src=\"https:\/\/2.bp.blogspot.com\/-1oqcqE9-Ses\/VtHpaAUbg-I\/AAAAAAAAH9U\/h2gMvwYf1cs\/s320\/TUPAC.jpg\" width=\"320\" \/><\/a><\/div>\n<p><span style=\"font-family: Verdana, sans-serif\"><\/p>\n<div style=\"text-align: justify\"><b>[Tupac Amaru 26\/02\/16] Ayer por la noche, un grupo de personas tom\u00f3 127 viviendas que la Tupac Amaru est\u00e1 construyendo en las 30 hect\u00e1reas en Alto Comedero. La denuncia se radic\u00f3 en la subcomisar\u00eda de la zona. A\u00fan se aguarda que el ayudante fiscal de Alto Comedero, Guillermo Beller, hermano del secretario parlamentario del Concejo Deliberante de la Municipalidad de Jujuy transmita la situaci\u00f3n y las denuncias al agente fiscal Gustavo Araya.<\/b><\/div>\n<div style=\"text-align: justify\"><\/div>\n<div style=\"text-align: justify\">Ayer, un grupo de personas que, seg\u00fan identificaron vecinos del barrio, pertenecer\u00edan a la municipalidad de San Salvador de Jujuy y otro grupo de ex cooperativistas de la Tupac Amaru que mantuvieron reuniones con Gerardo Morales, tomaron 127 viviendas a medio construir en el barrio 30 hect\u00e1reas en Alto Comedero. Se espera la inmediata intervenci\u00f3n de la justicia con la celeridad que este hecho delictivo merece.<\/div>\n<div style=\"text-align: justify\">Por otra parte, ayer mas de un centenar de policias de la brigada, caballeria e infanteria irrumpieron en el barrio Tupac Amaru de Calilegua para custodiar a funcionarios del instituto de viviendas, quienes tras la&#8217;visita&#8217; del gobernador a esa repartici\u00f3n comenzaron un desmedido operativo de relevamiento amparados por fuerzas policiales.<\/div>\n<div style=\"text-align: justify\"><\/div>\n<div style=\"text-align: justify\">Desde hace meses, desde la Tupac Amaru, se denuncia el clima de enfrentamiento que gener\u00f3 el gobernador a partir de su odio hacia la organizaci\u00f3n que plasm\u00f3 en cada una de las declaraciones y actuaciones que realiz\u00f3 en la campa\u00f1a electoral y desde que asumi\u00f3 su mandato. Desde la organizaci\u00f3n barrial hacemos directamente responsable a Gerardo Morales por la situaci\u00f3n de violencia que se est\u00e1 viviendo contra los integrantes de la Tupac Amaru en todos los \u00e1mbitos<\/div>\n<p><\/span><\/div>\n","protected":false},"excerpt":{"rendered":"<p>PERSECUSI\u00d3N IDEOL\u00d3GICA TOMARON VIVIENDAS DE LA TUPAC AMARU EN ALTO COMEDERO [Tupac Amaru 26\/02\/16] Ayer por la noche, un grupo de personas tom\u00f3 127 viviendas que la Tupac Amaru est\u00e1 construyendo en las 30 hect\u00e1reas en Alto Comedero. La denuncia se radic\u00f3 en la subcomisar\u00eda de la zona. A\u00fan se aguarda que el ayudante fiscal [&hellip;]<\/p>\n","protected":false},"author":4,"featured_media":0,"comment_status":"open","ping_status":"open","sticky":false,"template":"","format":"standard","meta":{"_monsterinsights_skip_tracking":false,"_monsterinsights_sitenote_active":false,"_monsterinsights_sitenote_note":"","_monsterinsights_sitenote_category":0,"jnews-multi-image_gallery":[],"jnews_single_post":[],"jnews_primary_category":[],"_joinchat":[],"footnotes":""},"categories":[74],"tags":[],"class_list":["post-1472","post","type-post","status-publish","format-standard","hentry","category-san-cayetano"],"_links":{"self":[{"href":"http:\/\/fmriachuelo.it10.com.ar\/index.php\/wp-json\/wp\/v2\/posts\/1472","targetHints":{"allow":["GET"]}}],"collection":[{"href":"http:\/\/fmriachuelo.it10.com.ar\/index.php\/wp-json\/wp\/v2\/posts"}],"about":[{"href":"http:\/\/fmriachuelo.it10.com.ar\/index.php\/wp-json\/wp\/v2\/types\/post"}],"author":[{"embeddable":true,"href":"http:\/\/fmriachuelo.it10.com.ar\/index.php\/wp-json\/wp\/v2\/users\/4"}],"replies":[{"embeddable":true,"href":"http:\/\/fmriachuelo.it10.com.ar\/index.php\/wp-json\/wp\/v2\/comments?post=1472"}],"version-history":[{"count":0,"href":"http:\/\/fmriachuelo.it10.com.ar\/index.php\/wp-json\/wp\/v2\/posts\/1472\/revisions"}],"wp:attachment":[{"href":"http:\/\/fmriachuelo.it10.com.ar\/index.php\/wp-json\/wp\/v2\/media?parent=1472"}],"wp:term":[{"taxonomy":"category","embeddable":true,"href":"http:\/\/fmriachuelo.it10.com.ar\/index.php\/wp-json\/wp\/v2\/categories?post=1472"},{"taxonomy":"post_tag","embeddable":true,"href":"http:\/\/fmriachuelo.it10.com.ar\/index.php\/wp-json\/wp\/v2\/tags?post=1472"}],"curies":[{"name":"wp","href":"https:\/\/api.w.org\/{rel}","templated":true}]}}