{"id":14713,"date":"2022-02-25T19:58:05","date_gmt":"2022-02-25T19:58:05","guid":{"rendered":"http:\/\/fmriachuelo.com.ar\/?p=14713"},"modified":"2025-04-16T15:53:42","modified_gmt":"2025-04-16T18:53:42","slug":"violencia-institucional-comenzo-el-juicio-por-el-asesinato-de-marcos-acuna","status":"publish","type":"post","link":"http:\/\/fmriachuelo.it10.com.ar\/index.php\/2022\/02\/25\/violencia-institucional-comenzo-el-juicio-por-el-asesinato-de-marcos-acuna\/","title":{"rendered":"VIOLENCIA INSTITUCIONAL: COMENZ\u00d3 EL JUICIO POR EL ASESINATO DE MARCOS ACU\u00d1A"},"content":{"rendered":"<p><strong>[FM Riachuelo, 25\/02\/22]\u00a0<\/strong><strong>El d\u00eda 23 de febrero inici\u00f3 el juicio por el asesinato de Marcos Sebasti\u00e1n Acu\u00f1a, hecho que tuvo lugar el 28 de agosto 2015 en Quilmes Oeste. El imputado es el efectivo de la Prefectura Nacional, Juan Jos\u00e9 Silva, acusado de \u00abgatillo f\u00e1cil\u00bb. El comienzo de las audiencias de debate estaba previsto para el a\u00f1o 2020 pero fue postergado por las medidas sanitarias tomadas a ra\u00edz de la pandemia.\u00a0El juicio se desarrollar\u00e1 en tres audiencias luego de transcurridos seis a\u00f1os y seis meses del hecho.<\/strong><\/p>\n<p>Este jueves <strong>FM RIACHUELO<\/strong> entrevist\u00f3 a <strong>In\u00e9s Alderete<\/strong>, madre de Marcos Acu\u00f1a, para que cuente los hechos, su largo camino para llegar a un juicio y nos brinde un balance de las primeras audiencias.<\/p>\n<p>In\u00e9s cuenta los escoyos que debi\u00f3 superar para poder llegar al juicio: <em>\u00abPas\u00f3 lo que pasa siempre. <strong>Los pibes que son asesinados por gatillo f\u00e1cil son lo primero que descarta la justicia, porque son delincuentes listo, matado ya est\u00e1, pero se toparon con una madre que no olvida<\/strong>. Me cost\u00f3 mucho llegar a juicio, la estafa de una abogada, otra abogada que nunca apel\u00f3 que no hizo nada. Despu\u00e9s cambi\u00e9 de abogados para ver si ten\u00eda resultado en la causa, pero es c\u00f3mo te dije antes l<strong>a justicia para los pibes que terminan asesinados por las balas del estado no tienen acompa\u00f1amiento, no tienen ayuda m\u00e1s que de nosotros, los familiares de v\u00edctimas<\/strong>\u00ab.<\/em><\/p>\n<p>Con respecto al desarrollo de la audiencia del mi\u00e9rcoles expres\u00f3: <em>\u00abAyer me atravesaron demasiadas cosas. No hay testigos, los \u00fanicos testigos que hay de la causa y del hecho fueron Marcos, el prefecto y la polic\u00eda que intervino en las pericias. <strong>Fue un d\u00eda dif\u00edcil, ver al que gatill\u00f3, tenerlo enfrente<\/strong>. Que me diga que pas\u00f3, que fue. Nunca levant\u00f3 la vista, nunca me mir\u00f3 a los ojos y lo primero que dijo fue &lt;yo no quise matar a nadie, pero tem\u00ed por mi vida y la de mi familia&gt;.\u201d \u00a0<\/em>Luego agreg\u00f3: \u201c<em>La audiencia de hoy fue peor.\u00bb<\/em><\/p>\n<p>Tambi\u00e9n cont\u00f3 porque los padres de v\u00edctimas se siguen organizando: <em>\u201cHoy las mamas no organizamos, organizamos la marcha de la gorra, y estamos muy unidas. Si estamos todas juntas no nos hacen nada, pero si estamos solas s\u00ed. Nos viven amenazando. No podes pedir justicia por tu familia. Ayer nos mandaron m\u00e1s polic\u00eda a la puerta de fiscal\u00eda porque no nos quer\u00edan dejar entrar. Mi \u00fanico orgullo es que el primer juicio de gatillo f\u00e1cil que se transmiten en vivo y que <strong>a partir de ahora vamos a ir a reclamar que todos los juicios de nuestros pibes sean justos y visibles.\u201d<\/strong><\/em><\/p>\n<p><img loading=\"lazy\" decoding=\"async\" class=\" wp-image-14714 alignleft\" src=\"http:\/\/fmriachuelo.com.ar\/wp-content\/uploads\/2022\/02\/FOTO-INTERNA-1.jpeg\" alt=\"\" width=\"401\" height=\"300\" \/>Con respecto a la acusaci\u00f3n y la posible condena del asesino dijo: <em>\u201cYo no creo en esa justicia de ellos. No me interesa la condena, no me interesa si va preso. <strong>La madres no tenemos justicia esperamos diez, ocho, veinte a\u00f1os y ellos siguen libres afuera<\/strong>. Lo \u00fanico que ped\u00ed es que si ellos le dan una condena de tres a\u00f1os por exceso de leg\u00edtima defensa, le retiran el arma, la placa y no puede trabajar, <strong>saqu\u00e9 a un asesino de la calle.<\/strong> <strong>Porque Marcos no vuelve, pero ese no mata m\u00e1s a nadie.\u201d <\/strong><\/em><\/p>\n<p>Las tres audiencias estaban programadas para el 23, 24 y 25 de febrero de este a\u00f1o, pero en la audiencia del d\u00eda mi\u00e9rcoles informaron que se suspender\u00eda el debate del 25. In\u00e9s expres\u00f3: <em>\u201cAyer suspendieron el debate del 25 y se hab\u00eda pasado para el mi\u00e9rcoles de la semana que viene y hoy lo suspendieron nuevamente y directamente contin\u00faa el viernes 4 de marzo con los dos \u00faltimos testigos.\u201d <\/em><\/p>\n<p>Para finalizar y ante la consulta de qu\u00e9 expectativas tienen sobre el juicio destac\u00f3: <em>\u201cNo tengo ninguna. <strong>No creo en el poder judicial ni en la justicia del poder judicial<\/strong>. La justicia la hicimos ayer cuando llegamos a la fiscal\u00eda un mont\u00f3n de madres, la justicia la vamos a seguir haciendo luchando por todos los pibes. Nosotras hacemos justicia social y van a pensar antes de gatillar porque se van a tener que enfrentar con todas nosotras y los familiares porque ya no se quedan m\u00e1s en las casas.\u201d<\/em> Luego enfatiz\u00f3: \u201c<em>La comunicaci\u00f3n es fundamental para que la gente escuche la voz de las madres. Que no todo es como les dicen. <strong>Ning\u00fan pibe nace chorro, el Estado los abandona, porque hay mam\u00e1s que no pueden.<\/strong>\u201d <\/em><\/p>\n<p>&nbsp;<\/p>\n<p><a href=\"https:\/\/ar.radiocut.fm\/audiocut\/si-yo-logro-le-saquen-arma-y-placa-saque-a-un-asesino-calle-ines-alderete\/\">Escucha la entrevista completa<\/a><\/p>\n","protected":false},"excerpt":{"rendered":"<p>[FM Riachuelo, 25\/02\/22]\u00a0El d\u00eda 23 de febrero inici\u00f3 el juicio por el asesinato de Marcos Sebasti\u00e1n Acu\u00f1a, hecho que tuvo lugar el 28 de agosto 2015 en Quilmes Oeste. El imputado es el efectivo de la Prefectura Nacional, Juan Jos\u00e9 Silva, acusado de \u00abgatillo f\u00e1cil\u00bb. El comienzo de las audiencias de debate estaba previsto para [&hellip;]<\/p>\n","protected":false},"author":5,"featured_media":14715,"comment_status":"closed","ping_status":"closed","sticky":false,"template":"","format":"standard","meta":{"_monsterinsights_skip_tracking":false,"_monsterinsights_sitenote_active":false,"_monsterinsights_sitenote_note":"","_monsterinsights_sitenote_category":0,"jnews-multi-image_gallery":[],"jnews_single_post":{"format":"standard"},"jnews_primary_category":[],"_joinchat":[],"footnotes":""},"categories":[58],"tags":[119,89],"class_list":["post-14713","post","type-post","status-publish","format-standard","has-post-thumbnail","hentry","category-noticiariachuelo","tag-derechos-humanos","tag-violencia-institucional"],"_links":{"self":[{"href":"http:\/\/fmriachuelo.it10.com.ar\/index.php\/wp-json\/wp\/v2\/posts\/14713","targetHints":{"allow":["GET"]}}],"collection":[{"href":"http:\/\/fmriachuelo.it10.com.ar\/index.php\/wp-json\/wp\/v2\/posts"}],"about":[{"href":"http:\/\/fmriachuelo.it10.com.ar\/index.php\/wp-json\/wp\/v2\/types\/post"}],"author":[{"embeddable":true,"href":"http:\/\/fmriachuelo.it10.com.ar\/index.php\/wp-json\/wp\/v2\/users\/5"}],"replies":[{"embeddable":true,"href":"http:\/\/fmriachuelo.it10.com.ar\/index.php\/wp-json\/wp\/v2\/comments?post=14713"}],"version-history":[{"count":1,"href":"http:\/\/fmriachuelo.it10.com.ar\/index.php\/wp-json\/wp\/v2\/posts\/14713\/revisions"}],"predecessor-version":[{"id":22315,"href":"http:\/\/fmriachuelo.it10.com.ar\/index.php\/wp-json\/wp\/v2\/posts\/14713\/revisions\/22315"}],"wp:featuredmedia":[{"embeddable":true,"href":"http:\/\/fmriachuelo.it10.com.ar\/index.php\/wp-json\/wp\/v2\/media\/14715"}],"wp:attachment":[{"href":"http:\/\/fmriachuelo.it10.com.ar\/index.php\/wp-json\/wp\/v2\/media?parent=14713"}],"wp:term":[{"taxonomy":"category","embeddable":true,"href":"http:\/\/fmriachuelo.it10.com.ar\/index.php\/wp-json\/wp\/v2\/categories?post=14713"},{"taxonomy":"post_tag","embeddable":true,"href":"http:\/\/fmriachuelo.it10.com.ar\/index.php\/wp-json\/wp\/v2\/tags?post=14713"}],"curies":[{"name":"wp","href":"https:\/\/api.w.org\/{rel}","templated":true}]}}