{"id":1468,"date":"2016-03-04T03:13:00","date_gmt":"2016-03-04T03:13:00","guid":{"rendered":"http:\/\/fmriachuelo.observatorioess.org.ar\/index.php\/2016\/03\/04\/el-paseo-martin-oso-cisneros-y-radio-grafica-se-organizan-contra-el-ajuste\/"},"modified":"2016-03-04T03:13:00","modified_gmt":"2016-03-04T03:13:00","slug":"el-paseo-martin-oso-cisneros-y-radio-grafica-se-organizan-contra-el-ajuste","status":"publish","type":"post","link":"http:\/\/fmriachuelo.it10.com.ar\/index.php\/2016\/03\/04\/el-paseo-martin-oso-cisneros-y-radio-grafica-se-organizan-contra-el-ajuste\/","title":{"rendered":"EL PASEO MART\u00cdN OSO CISNEROS Y RADIO GR\u00c1FICA SE ORGANIZAN CONTRA EL AJUSTE"},"content":{"rendered":"<p><span><b>POR UNA ECONOM\u00cdA AL SERVICIO DEL PUEBLO<\/b><\/span>  <\/p>\n<div style=\"clear: both;text-align: center\"><a href=\"https:\/\/2.bp.blogspot.com\/-cc0tqxGRNCE\/Vtj81LC_-ZI\/AAAAAAAAH_A\/Qrr6FyXXPCY\/s1600\/firma%2Bpepmoc%2Bgrafica.jpg\" style=\"clear: left;float: left;margin-bottom: 1em;margin-right: 1em\"><img loading=\"lazy\" decoding=\"async\" border=\"0\" height=\"111\" src=\"https:\/\/2.bp.blogspot.com\/-cc0tqxGRNCE\/Vtj81LC_-ZI\/AAAAAAAAH_A\/Qrr6FyXXPCY\/s200\/firma%2Bpepmoc%2Bgrafica.jpg\" width=\"200\" \/><\/a><\/div>\n<p><\/p>\n<div style=\"text-align: justify\"><span style=\"font-family: Verdana, sans-serif\">El pasado s\u00e1bado 27 de febrero comenz\u00f3 la organizaci\u00f3n de compras colectivas en el Paseo de la Econom\u00eda Popular Mart\u00edn Oso Cisneros. Los compa\u00f1eros de la FM 89.3 Radio Gr\u00e1fica inauguraron esta modalidad realizando una primer compra comunitaria, que les permiti\u00f3 llevar a sus mesas alimentos de calidad a buenos precios, producidos por organizaciones y cooperativas de la Econom\u00eda Popular: verduras agroecol\u00f3gica de los compa\u00f1eros de la Uni\u00f3n de Trabajadores de la Tierra, yerba mate de la Cooperativa Las Tunas, muzzarella de la Cooperativa L\u00e1ctea La Ciudad, pollo de campo de Coopechas, huevos, entre otros.<\/span><br \/><a name='more'><\/a><span style=\"font-family: verdana, sans-serif\">El ajuste econ\u00f3mico que ha llevado adelante el gobierno macrista en los primeros meses de su mandato ha impactado fuertemente en el poder adquisitivo de los trabajadores, entre otras cosas, mediante los aumentos desmedidos en los supermercados.&nbsp;<\/span><\/div>\n<p><span><\/p>\n<div style=\"text-align: justify\"><\/div>\n<div style=\"text-align: justify\">Tambi\u00e9n ha impactado en el sostenimiento de los medios comunitarios -como es el caso de esta radio popular organizada de forma cooperativa por sus trabajadores- a partir de la firma del DNU que desconoce los derechos de medios del sector sin fines de lucro a recibir recursos por parte del Estado.<\/div>\n<div style=\"text-align: justify\"><\/div>\n<div style=\"text-align: justify\">Ante esta avanzada de los sectores m\u00e1s reaccionarios de la pol\u00edtica argentina que hoy gestionan el Estado, ambas organizaciones resolvieron profundizar el trabajo conjunto a trav\u00e9s de relaciones comerciales justas y solidarias.&nbsp;<\/div>\n<div style=\"text-align: justify\"><\/div>\n<div style=\"text-align: justify\">Esto permitir\u00e1 a los trabajadores de Radio Gr\u00e1fica acceder a alimentos de calidad a precios populares y a su vez fortalecer\u00e1 la difusi\u00f3n del Paseo a trav\u00e9s de la FM 89.3, d\u00f3nde todos los d\u00edas los oyentes podr\u00e1n escuchar la publicidad del Paseo.&nbsp;<\/div>\n<div style=\"text-align: justify\"><\/div>\n<div style=\"text-align: justify\"><\/div>\n<div style=\"text-align: justify\">El Paseo, uno de los centros de distribuci\u00f3n de la Confederaci\u00f3n de Trabajadores de la Econom\u00eda Popular -CTEP- cotidianamente aporta a la mesa de los trabajadores vecinos, productos que garanticen la soberan\u00eda alimentaria, dando una batalla frontal contra las empresas formadores de precios, y facilitando a los peque\u00f1os productores y cooperativas llegar a los sectores m\u00e1s humildes escapando al lucro especulativo.&nbsp;<\/div>\n<div style=\"text-align: justify\"><\/div>\n<div style=\"text-align: justify\">En este sentido esta prueba piloto intenta organizar un sistema que tambi\u00e9n ayude a los consumidores a desarrollar su voluntad de organizarse en forma colectiva. Ya se comienzan a sumar a este sistema los trabajadores docentes de la Universidad de Avellaneda, del teatro comunitario Galp\u00f3n de Catalinas y de la Asamblea del Parque Lezama, entre otros sectores del campo popular que valoran la iniciativa.&nbsp;<\/div>\n<div style=\"text-align: justify\">Nuevamente es el pueblo organizado a trav\u00e9s de la econom\u00eda popular quien encuentra las respuestas que el poder nos niega.<\/div>\n<p><\/span><\/p>\n<div dir=\"ltr\" style=\"line-height: 21.3px;text-align: center\">\n<div style=\"line-height: 21.3px;text-align: left\">\n<div style=\"line-height: 21.3px\">\n<div style=\"line-height: 21.3px\">\n<div dir=\"ltr\" style=\"line-height: 21.3px\">\n<div dir=\"ltr\" style=\"font-size: 16px;line-height: 22.72px\"><span><br style=\"line-height: 22.72px\" \/><\/span><\/div>\n<\/div>\n<\/div>\n<\/div>\n<\/div>\n<\/div>\n<div>\n<div dir=\"ltr\">\n<div>\n<div dir=\"ltr\">\n<div>\n<div dir=\"ltr\">\n<div>\n<div dir=\"ltr\">\n<div>\n<div dir=\"ltr\">\n<div>\n<div style=\"background-color: white\">\n<div>\n<div>\n<div style=\"font-size: 16px;line-height: 22.72px\">\n<div style=\"line-height: 22.72px\">\n<div style=\"line-height: 22.72px\">\n<div style=\"font-size: 13px;line-height: 18.46px\"><span><br style=\"line-height: 18.46px\" \/><\/span><\/div>\n<\/div>\n<\/div>\n<\/div>\n<div>\n<div align=\"center\"><\/div>\n<div style=\"line-height: 21.3px\"><b style=\"line-height: 21.3px\"><span><br \/><\/span><\/b><\/div>\n<\/div>\n<\/div>\n<\/div>\n<\/div>\n<\/div>\n<\/div>\n<\/div>\n<\/div>\n<\/div>\n<\/div>\n<\/div>\n<\/div>\n<\/div>\n<\/div>\n<\/div>\n","protected":false},"excerpt":{"rendered":"<p>POR UNA ECONOM\u00cdA AL SERVICIO DEL PUEBLO El pasado s\u00e1bado 27 de febrero comenz\u00f3 la organizaci\u00f3n de compras colectivas en el Paseo de la Econom\u00eda Popular Mart\u00edn Oso Cisneros. Los compa\u00f1eros de la FM 89.3 Radio Gr\u00e1fica inauguraron esta modalidad realizando una primer compra comunitaria, que les permiti\u00f3 llevar a sus mesas alimentos de calidad [&hellip;]<\/p>\n","protected":false},"author":4,"featured_media":0,"comment_status":"open","ping_status":"open","sticky":false,"template":"","format":"standard","meta":{"_monsterinsights_skip_tracking":false,"_monsterinsights_sitenote_active":false,"_monsterinsights_sitenote_note":"","_monsterinsights_sitenote_category":0,"jnews-multi-image_gallery":[],"jnews_single_post":[],"jnews_primary_category":[],"_joinchat":[],"footnotes":""},"categories":[1],"tags":[],"class_list":["post-1468","post","type-post","status-publish","format-standard","hentry","category-habitat"],"_links":{"self":[{"href":"http:\/\/fmriachuelo.it10.com.ar\/index.php\/wp-json\/wp\/v2\/posts\/1468","targetHints":{"allow":["GET"]}}],"collection":[{"href":"http:\/\/fmriachuelo.it10.com.ar\/index.php\/wp-json\/wp\/v2\/posts"}],"about":[{"href":"http:\/\/fmriachuelo.it10.com.ar\/index.php\/wp-json\/wp\/v2\/types\/post"}],"author":[{"embeddable":true,"href":"http:\/\/fmriachuelo.it10.com.ar\/index.php\/wp-json\/wp\/v2\/users\/4"}],"replies":[{"embeddable":true,"href":"http:\/\/fmriachuelo.it10.com.ar\/index.php\/wp-json\/wp\/v2\/comments?post=1468"}],"version-history":[{"count":0,"href":"http:\/\/fmriachuelo.it10.com.ar\/index.php\/wp-json\/wp\/v2\/posts\/1468\/revisions"}],"wp:attachment":[{"href":"http:\/\/fmriachuelo.it10.com.ar\/index.php\/wp-json\/wp\/v2\/media?parent=1468"}],"wp:term":[{"taxonomy":"category","embeddable":true,"href":"http:\/\/fmriachuelo.it10.com.ar\/index.php\/wp-json\/wp\/v2\/categories?post=1468"},{"taxonomy":"post_tag","embeddable":true,"href":"http:\/\/fmriachuelo.it10.com.ar\/index.php\/wp-json\/wp\/v2\/tags?post=1468"}],"curies":[{"name":"wp","href":"https:\/\/api.w.org\/{rel}","templated":true}]}}