{"id":1467,"date":"2016-03-04T20:41:00","date_gmt":"2016-03-04T20:41:00","guid":{"rendered":"http:\/\/fmriachuelo.observatorioess.org.ar\/index.php\/2016\/03\/04\/las-organizaciones-populares-unidas-marcharon-en-buenos-aires-reclamando-justicia-por-el-asesinato-de-la-queridisima-lider-hondurena\/"},"modified":"2016-03-04T20:41:00","modified_gmt":"2016-03-04T20:41:00","slug":"las-organizaciones-populares-unidas-marcharon-en-buenos-aires-reclamando-justicia-por-el-asesinato-de-la-queridisima-lider-hondurena","status":"publish","type":"post","link":"http:\/\/fmriachuelo.it10.com.ar\/index.php\/2016\/03\/04\/las-organizaciones-populares-unidas-marcharon-en-buenos-aires-reclamando-justicia-por-el-asesinato-de-la-queridisima-lider-hondurena\/","title":{"rendered":"LAS ORGANIZACIONES POPULARES UNIDAS MARCHARON EN BUENOS AIRES RECLAMANDO JUSTICIA POR EL ASESINATO DE LA QUERID\u00cdSIMA L\u00cdDER HONDURE\u00d1A"},"content":{"rendered":"<div style=\"background-color: white;color: #222222;text-align: left\">\n<div style=\"font-family: arial, sans-serif;text-align: left\"><span>MULTITUDINARIA MOVILIZACI\u00d3N A LA EMBAJADA DE HONDURAS<\/span><\/div>\n<div style=\"font-family: arial, sans-serif;text-align: left\"><span><b><span style=\"color: red;font-size: large\">EL LEGADO DE BERTA<\/span><\/b><\/span><\/p>\n<div style=\"clear: both;text-align: center\"><a href=\"https:\/\/3.bp.blogspot.com\/-ixWntL5uI28\/Vtnxuz5uZrI\/AAAAAAAAH_g\/DF0UfAqFMgc\/s1600\/MARCHA%2BPOR%2BBERTA.jpg\" style=\"clear: left;float: left;margin-bottom: 1em;margin-right: 1em\"><img loading=\"lazy\" decoding=\"async\" border=\"0\" height=\"98\" src=\"https:\/\/3.bp.blogspot.com\/-ixWntL5uI28\/Vtnxuz5uZrI\/AAAAAAAAH_g\/DF0UfAqFMgc\/s200\/MARCHA%2BPOR%2BBERTA.jpg\" width=\"200\" \/><\/a><\/div>\n<p><a href=\"http:\/\/www.mediafire.com\/download\/dupeay8dtva8o5w\/03-04-2016_-_LECTURA_DOCUMENTO_COPINH.mp3\" style=\"font-family: verdana, sans-serif\"><b>LECTURA DEL DOCUMENTO DEL&nbsp;<\/b><b>CONSEJO C\u00cdVICO DE ORGANIZACIONES POPULARES E IND\u00cdGENAS DE HONDURAS (COPINH)<\/b><\/a><\/div>\n<\/div>\n<div style=\"background-color: white;text-align: left\"><span><b><a href=\"http:\/\/www.mediafire.com\/download\/gz332lfkwf3hdk1\/03-04-2016_-_CARINA_LOPEZ_MONJA%2C_FPDS_-_QUE_SEPAN_QUE_SON_ELLOS_LOS_ASESINOS_Y_QUE_VAMOS_A_SEGUIR.mp3\">CARINA L\u00d3PEZ MONJA &#8211; FRENTE POPULAR DAR\u00cdO SANTILL\u00c1N<\/a><\/b><\/span><\/div>\n<div style=\"background-color: white;text-align: left\"><span><b><a href=\"http:\/\/www.mediafire.com\/download\/zlkk1o9znno5ecu\/03-04-2016_-_JACQUELINE_FLORES%2C_MTE_-_EL_MIEDO_NO_EXISTE_PARA_UN_LUCHADOR.mp3\">JACQUELINE FLORES &#8211; MOVIMIENTO DE TRABAJADORES EXCLUIDOS<\/a><\/b><\/span><\/div>\n<div style=\"background-color: white;text-align: left\"><span><b><a href=\"http:\/\/www.mediafire.com\/download\/9c92mmiv2bzaub4\/03-04-2016_-_NADIA_MARTINEZ%2C_OSYPLP_-_ES_NECESARIA_LA_UNIDAD_PORQUE_NOS_QUIEREN_FRNEAR.mp3\">NADIA MART\u00cdNEZ &#8211; ORGANIZACI\u00d3N SOCIAL Y POL\u00cdTICA LOS PIBES<\/a><\/b><\/span><\/p>\n<div style=\"text-align: justify\">\n<table cellpadding=\"0\" cellspacing=\"0\" style=\"float: left;text-align: left\">\n<tbody>\n<tr>\n<td style=\"text-align: center\"><a href=\"https:\/\/3.bp.blogspot.com\/-f_tmsJ7qgck\/VtozbISJxfI\/AAAAAAAAH_4\/LDqp7zOUshE\/s1600\/Berta%2BC%25C3%25A1ceres%2Ben%2BFM%2BRiachuelo%2B%25282%2529.JPG\" style=\"clear: left;margin-bottom: 1em;margin-left: auto;margin-right: auto\"><img loading=\"lazy\" decoding=\"async\" border=\"0\" height=\"111\" src=\"https:\/\/3.bp.blogspot.com\/-f_tmsJ7qgck\/VtozbISJxfI\/AAAAAAAAH_4\/LDqp7zOUshE\/s200\/Berta%2BC%25C3%25A1ceres%2Ben%2BFM%2BRiachuelo%2B%25282%2529.JPG\" width=\"200\" \/><\/a><\/td>\n<\/tr>\n<tr>\n<td style=\"text-align: center\"><span>BERTA C\u00c1CERES EN FM RIACHUELO 2011<\/span><\/td>\n<\/tr>\n<\/tbody>\n<\/table>\n<p><b><span style=\"text-align: left\"><span>[FMR Viernes 4\/3\/16]&nbsp;<\/span><\/span><span>En la madrugada del jueves pasado ingresaron al interior de su vivienda y le quitaron la vida. Para la fuerza de seguridad hondure\u00f1a fueron desconocidos. Los compa\u00f1eros de Berta y el pueblo saben que son sicarios de esos capitales asociados con el gobierno. Hoy las organizaciones populares expresaron su repudi\u00f3 y&nbsp;exigieron&nbsp;justicia ante la Embajada de Hondura en Buenos Aires.<\/span><\/b><br \/><a name='more'><\/a> <\/div>\n<div style=\"color: #222222;text-align: center\"><span><\/span><\/p>\n<div style=\"text-align: center\">\n<div style=\"text-align: justify\"><span style=\"color: black;text-align: start\"><span>Berta fue fundadora del Consejo C\u00edvico de Organizaciones Populares e Ind\u00edgenas de Honduras (COPINH). L\u00edder de la comunidad ind\u00edgena lenca y movimientos campesinos, adem\u00e1s era defensora de los derechos humanos. Trabaj\u00f3 y luch\u00f3 por las reivindicaciones de la comunidad lenca en el occidente de Honduras. Compa\u00f1eros de la activista vinculan su muerte con la defensa de recursos naturales y la tierra del pueblo ind\u00edgena Lenca, del que formaba parte.<\/span><\/span><\/div>\n<p><span><span><\/span><\/span><\/p>\n<div style=\"text-align: justify\"><span><span>En el mediod\u00eda de hoy numerosas organizaciones populares de las m\u00e1s diversas extracciones se congregaron en la puerta de la Embajada de Honduras en Buenos Aires, en la Avenida Santa F\u00e9 al 900, para exigirle al gobierno hondure\u00f1o justicia por el asesinato de la querid\u00edsma l\u00edder.<\/span><\/span><\/div>\n<p><span><span><\/span><\/span><\/div>\n<p><span><\/span><span><\/span><\/p>\n<div style=\"font-family: arial, sans-serif\"><\/div>\n<\/div>\n<p><span><\/span><\/p>\n<div style=\"color: #222222;font-family: arial, sans-serif;text-align: justify\"><\/div>\n<\/div>\n<div>\n<div style=\"text-align: justify\"><span>Defensora del medio ambiente en Honduras: uno de los pa\u00edses&nbsp;m\u00e1s&nbsp;amenazados por los capitales internacionales por su recursos naturales de nuestra codiciada Patria Grande.&nbsp;<\/span><\/div>\n<p><span><\/span><\/p>\n<div style=\"text-align: justify\"><span>En la madrugada del jueves pasado ingresaron al interior de su vivienda y le quitaron la vida. Para la fuerza de seguridad hondure\u00f1a fueron desconocidos. Los compa\u00f1eros de Berta y el pueblo saben que son sicarios de esos capitales asociados con el gobierno.<\/span><\/div>\n<p><span><\/span><span><\/span><\/p>\n<div style=\"text-align: justify\"><span>Hasta ahora hay una persona detenida y otra m\u00e1s bajo resguardo como testigo protegido.&nbsp;<\/span><\/div>\n<p><span><\/span><\/p>\n<div style=\"text-align: justify\"><span>Berta fue fundadora del Consejo C\u00edvico de Organizaciones Populares e Ind\u00edgenas de Honduras (COPINH). L\u00edder de la comunidad ind\u00edgena lenca y movimientos campesinos, adem\u00e1s era defensora de los derechos humanos. Trabaj\u00f3 y luch\u00f3 por las reivindicaciones de la comunidad lenca en el occidente de Honduras.<\/span><\/div>\n<p><span><\/span><\/p>\n<div style=\"text-align: justify\"><span>Compa\u00f1eros de la activista vinculan su muerte con la defensa de recursos naturales y la tierra del pueblo ind\u00edgena Lenca, del que formaba parte.<\/span><\/div>\n<div style=\"text-align: justify\"><span>La Comisi\u00f3n Interamericana de Derechos Humanos (CIDH) hab\u00eda establecido medidas cautelares de protecci\u00f3n para Berta, quien recientemente denunci\u00f3 amenazas en su contra.<\/span><\/div>\n<div style=\"text-align: justify\"><span>D\u00edas antes del crimen la activista di\u00f3 una conf. de prensa donde denunci\u00f3 que cuatro de sus compa\u00f1eros hab\u00edan sido asesinados y otros m\u00e1<br \/>\ns recibieron amenazas.<\/span><\/div>\n<div style=\"text-align: justify\"><span>Berta estaba sindicada como la activista que derrot\u00f3 los poderosos intereses del Banco Mundial y China.<\/span><\/div>\n<div style=\"text-align: justify\"><span>En abril de 2015 Berta C\u00e1ceres recibi\u00f3 el Premio Medioambiental Goldman, la mayor distinci\u00f3n para activistas que luchan por el medio ambiente.<\/span><\/div>\n<div style=\"text-align: justify\"><span>Ese mismo mes se revelaba que Honduras registraba el mayor n\u00famero de asesinatos de ambientalistas por habitante y el cuarto puesto a nivel mundial (Brasil era el primero), con 12 asesinados en 2014.<\/span><\/div>\n<div style=\"text-align: justify\"><span>A fines de febrero pasado el Copinh inici\u00f3 una jornada de resistencia civil, en contra del Proyecto Hidroel\u00e9ctrico \u00abAgua Zarca\u00bb en el que estaban asociados el gobierno con empresas transnacionales en la construcci\u00f3n del proyecto hidroel\u00e9ctrico y de mineria a cielo abierto. Para llevar adelante dicha empresa el gobierno recurri\u00f3 a estrat\u00e9gias judiciales que le aseguren su realizaci\u00f3n.<\/span><\/div>\n<div style=\"text-align: justify\"><span>La represa se construye en el R\u00edo Blanco dentro del territorio de la comunidad Lenca.<\/span><\/div>\n<div style=\"text-align: justify\"><span>De acuerdo con medios locales Berta C\u00e1ceres y sus compa\u00f1eros tuvieron un fuerte altercado con vigilantes y promotores del proyecto, quienes seg\u00fan el Copinh agredieron a quienes participaban en una caminata de protesta.<\/span><\/div>\n<div style=\"text-align: justify\"><span>Luego, el 25 de febrero el Consejo denunci\u00f3 que 50 familias lencas de la comunidad de La Jarcia, Guis\u00e9, en el departamento de Intibuc\u00e1, fueron desalojadas con violencia.<\/span><\/div>\n<div style=\"text-align: justify\"><span>Estos hechos fueron el pre\u00e1mbulo de la denuncia que hizo C\u00e1ceres sobre el homicidio de cuatro de sus compa\u00f1eros.<\/span><\/div>\n<div style=\"text-align: justify\"><span>Organizaciones internacionales como el Observatorio para la Protecci\u00f3n de los Defensores de Derechos Humanos condenaron el asesinato de la activista.<\/span><\/div>\n<div style=\"text-align: justify\"><span>\u00abEste asesinato evidencia la falta de voluntad de las autoridades hondure\u00f1as para garantizar la protecci\u00f3n de los defensores de los derechos humanos\u00bb,indic\u00f3 en un comunicado emitido en Par\u00eds.<\/span><br \/><span><br \/><\/span><\/div>\n<\/div>\n","protected":false},"excerpt":{"rendered":"<p>MULTITUDINARIA MOVILIZACI\u00d3N A LA EMBAJADA DE HONDURAS EL LEGADO DE BERTA LECTURA DEL DOCUMENTO DEL&nbsp;CONSEJO C\u00cdVICO DE ORGANIZACIONES POPULARES E IND\u00cdGENAS DE HONDURAS (COPINH) CARINA L\u00d3PEZ MONJA &#8211; FRENTE POPULAR DAR\u00cdO SANTILL\u00c1N JACQUELINE FLORES &#8211; MOVIMIENTO DE TRABAJADORES EXCLUIDOS NADIA MART\u00cdNEZ &#8211; ORGANIZACI\u00d3N SOCIAL Y POL\u00cdTICA LOS PIBES BERTA C\u00c1CERES EN FM RIACHUELO 2011 [FMR [&hellip;]<\/p>\n","protected":false},"author":4,"featured_media":0,"comment_status":"open","ping_status":"open","sticky":false,"template":"","format":"standard","meta":{"_monsterinsights_skip_tracking":false,"_monsterinsights_sitenote_active":false,"_monsterinsights_sitenote_note":"","_monsterinsights_sitenote_category":0,"jnews-multi-image_gallery":[],"jnews_single_post":[],"jnews_primary_category":[],"_joinchat":[],"footnotes":""},"categories":[74],"tags":[],"class_list":["post-1467","post","type-post","status-publish","format-standard","hentry","category-san-cayetano"],"_links":{"self":[{"href":"http:\/\/fmriachuelo.it10.com.ar\/index.php\/wp-json\/wp\/v2\/posts\/1467","targetHints":{"allow":["GET"]}}],"collection":[{"href":"http:\/\/fmriachuelo.it10.com.ar\/index.php\/wp-json\/wp\/v2\/posts"}],"about":[{"href":"http:\/\/fmriachuelo.it10.com.ar\/index.php\/wp-json\/wp\/v2\/types\/post"}],"author":[{"embeddable":true,"href":"http:\/\/fmriachuelo.it10.com.ar\/index.php\/wp-json\/wp\/v2\/users\/4"}],"replies":[{"embeddable":true,"href":"http:\/\/fmriachuelo.it10.com.ar\/index.php\/wp-json\/wp\/v2\/comments?post=1467"}],"version-history":[{"count":0,"href":"http:\/\/fmriachuelo.it10.com.ar\/index.php\/wp-json\/wp\/v2\/posts\/1467\/revisions"}],"wp:attachment":[{"href":"http:\/\/fmriachuelo.it10.com.ar\/index.php\/wp-json\/wp\/v2\/media?parent=1467"}],"wp:term":[{"taxonomy":"category","embeddable":true,"href":"http:\/\/fmriachuelo.it10.com.ar\/index.php\/wp-json\/wp\/v2\/categories?post=1467"},{"taxonomy":"post_tag","embeddable":true,"href":"http:\/\/fmriachuelo.it10.com.ar\/index.php\/wp-json\/wp\/v2\/tags?post=1467"}],"curies":[{"name":"wp","href":"https:\/\/api.w.org\/{rel}","templated":true}]}}