{"id":1466,"date":"2016-03-05T20:44:00","date_gmt":"2016-03-05T20:44:00","guid":{"rendered":"http:\/\/fmriachuelo.observatorioess.org.ar\/index.php\/2016\/03\/05\/jornada-de-homenaje-a-hugo-chavez-comunicador-popular\/"},"modified":"2016-03-05T20:44:00","modified_gmt":"2016-03-05T20:44:00","slug":"jornada-de-homenaje-a-hugo-chavez-comunicador-popular","status":"publish","type":"post","link":"http:\/\/fmriachuelo.it10.com.ar\/index.php\/2016\/03\/05\/jornada-de-homenaje-a-hugo-chavez-comunicador-popular\/","title":{"rendered":"JORNADA DE HOMENAJE A HUGO CHAVEZ COMUNICADOR POPULAR"},"content":{"rendered":"<p><span><b>\u00a1CHAVEZ VIVE!<\/b><\/span><br \/><a href=\"https:\/\/4.bp.blogspot.com\/-rOw7vj7kK7g\/VtxRtfdTZGI\/AAAAAAAAIAQ\/_e1AyGuBLUA\/s1600\/muralR.JPG\" style=\"clear: left;float: left;margin-bottom: 1em;margin-right: 1em\"><img loading=\"lazy\" decoding=\"async\" border=\"0\" height=\"135\" src=\"https:\/\/4.bp.blogspot.com\/-rOw7vj7kK7g\/VtxRtfdTZGI\/AAAAAAAAIAQ\/_e1AyGuBLUA\/s200\/muralR.JPG\" width=\"200\" \/><\/a><span><b>Escuch\u00e1 alguno de los testimonios:&nbsp;<\/b><\/span><br \/><span><b><a href=\"http:\/\/www.mediafire.com\/download\/hcg1lheoaxa4lvs\/CAROLINA_-_CONVENTILLERAS.mp3\">CAROLINA &#8211; CONVENTILLERAS RIACHUELO<\/a><\/b><\/span><br \/><span><b><a href=\"http:\/\/www.mediafire.com\/download\/0st2rqhr02ke69y\/Dario_Callejas_PAEBYT.mp3\">DARIO CALLEJAS &#8211; PAEBYT<\/a><\/b><\/span><br \/><span><b><a href=\"http:\/\/www.mediafire.com\/download\/ajgoj2xhpacc78h\/FACUNDO__H._UNDAV.mp3\">FACUNDO HARTEGUI &#8211; UNDAV<\/a><\/b><\/span><br \/><span><b><a href=\"http:\/\/www.mediafire.com\/download\/39oy95g4vxsgs8z\/GABRIELA_EL_ENFOQUE.mp3\">GABRIELA &#8211; EL ENFOQUE<\/a><\/b><\/span><br \/><span><b><a href=\"http:\/\/www.mediafire.com\/download\/d2ayxzc91a2k239\/LITO_BORELO.mp3\">LITO BORELLO COORD. NAC. O.S.y P. LOS PIBES<\/a><\/b><\/span><br \/><span><b><a href=\"http:\/\/www.mediafire.com\/download\/2c89d59esq8t18e\/LUCAS_QUINTO_-_MURALISTA.mp3\">LUCAS QUINTO &#8211; MURALISTA, ART. PLASTICO<\/a><\/b><\/span><br \/><span><b><a href=\"http:\/\/www.mediafire.com\/download\/ltcqv5hww358p3b\/PABLO_RODRIGUEZ_._LA_BOCA_RESISTE_Y_PROP.mp3\">PABLO RODRIGUEZ &#8211; LA BOCA RESISTE Y PROPONE<\/a><\/b><\/span><br \/><span><b><a href=\"http:\/\/www.mediafire.com\/download\/8u5ydxp4pva2lgx\/Yefry_El_Hormiguero.mp3\">YEFRY &#8211; EL HORMIGUERO ONG.&nbsp;<\/a><\/b><\/span><br \/><span><b><span><b><span style=\"color: blue;line-height: 16.8px\"><span style=\"color: #741b47\"><a href=\"http:\/\/www.mediafire.com\/download\/8uy5263i3pi2oi5\/03-05-2016_-_NADIA_MARTINEZ.mp3\" rel=\"nofollow noopener\" target=\"_blank\">NADIA MARTINEZ &#8211; FM RIACHUELO<\/a><\/span><\/span><\/b><\/span><\/b><\/span><\/p>\n<div style=\"text-align: justify\"><span><b>[FMR S\u00e1bado 05\/03\/16] Convocados por la consigna de recordar a Hugo Rafael Ch\u00e1vez Fr\u00edas, a tres a\u00f1os de su paso a la eternidad, en la calle se hicieron presentes organizaciones sociales, barriales, y populares, vecinos y docentes de UNDAV para construir juntos la comunicaci\u00f3n popular desde nuestras veredas.<\/b><\/span><br \/><a name='more'><\/a><\/div>\n<p><span><\/span><\/p>\n<div style=\"text-align: justify\"><span><br \/><\/span><\/div>\n<p><span><\/span><\/p>\n<div style=\"text-align: justify\"><span>Durante la jornada de trabajo se realiz\u00f3 un mural tem\u00e1tico y se trasmiti\u00f3 desde la puerta de la <span style=\"color: red\"><b>FM Riachuelo<\/b><\/span>, para escuchar las voces del pueblo que hablan de lo que sucede, sus necesidades, sus dificultades, sus alegr\u00edas.&nbsp;<\/span><\/div>\n<p><span><\/p>\n<div style=\"text-align: justify\"><\/div>\n<div style=\"text-align: justify\">El territorio de la comunicaci\u00f3n se construye en muchos lugares, fundamentalmente en la calle y con otros, eso es la gran ense\u00f1anza del comandante eterno.&nbsp;<\/div>\n<div style=\"text-align: justify\"><\/div>\n<div style=\"text-align: justify\">Para empezar a contar nuestra propia historia y que no la cuenten otros en su propio beneficio.<\/div>\n<div style=\"text-align: justify\"><\/div>\n<div style=\"text-align: justify\">\n<div style=\"clear: both;text-align: center\"><a href=\"https:\/\/2.bp.blogspot.com\/-zPfQdQh7Msw\/VtxR9c3qBZI\/AAAAAAAAIAU\/9I0qKNbVl14\/s1600\/mural1.jpg\" style=\"clear: left;float: left;margin-bottom: 1em;margin-right: 1em\"><img loading=\"lazy\" decoding=\"async\" border=\"0\" height=\"180\" src=\"https:\/\/2.bp.blogspot.com\/-zPfQdQh7Msw\/VtxR9c3qBZI\/AAAAAAAAIAU\/9I0qKNbVl14\/s320\/mural1.jpg\" width=\"320\" \/><\/a><\/div>\n<p>Con el trabajo del grupo muralista <b>\u00abFreddy y los Fileteadores del Conurbano\u00bb <\/b>junto al artista pl\u00e1stico <b>Lucas Quinto<\/b>, habitantes del barrio, militantes y vecinos tomaron sus pinceles para plasmar nuestras voces en los muros y en los micr\u00f3fonos.<\/div>\n<div style=\"text-align: justify\"><\/div>\n<div style=\"text-align: justify\">Los compa\u00f1eros de la <b>\u00abAsamblea del Parque Lezama\u00bb<\/b> realizaron en vivo y en la calle el primer programa de <b>\u00abEspantarrejas\u00bb <\/b>de la temporada 2016 en el aire de la FM Riachuelo 100.9<\/div>\n<div style=\"text-align: justify\"><\/div>\n<div style=\"text-align: justify\">\n<div style=\"clear: both;text-align: center\"><a href=\"https:\/\/4.bp.blogspot.com\/-Y4ph7vIso5M\/VtxSMvLa8BI\/AAAAAAAAIAY\/2mp4Q4xMNGo\/s1600\/espanta.jpg\" style=\"clear: left;float: left;margin-bottom: 1em;margin-right: 1em\"><img loading=\"lazy\" decoding=\"async\" border=\"0\" height=\"240\" src=\"https:\/\/4.bp.blogspot.com\/-Y4ph7vIso5M\/VtxSMvLa8BI\/AAAAAAAAIAY\/2mp4Q4xMNGo\/s320\/espanta.jpg\" width=\"320\" \/><\/a><\/div>\n<p>Compartir la alegr\u00eda de acercarnos en el espacio territorial.&nbsp;<\/p><\/div>\n<div style=\"text-align: justify\"><\/div>\n<div style=\"text-align: justify\"><\/div>\n<div style=\"text-align: justify\"><b><span style=\"color: red\"><br \/><\/span><\/b><\/div>\n<div style=\"text-align: justify\"><b><span style=\"color: red\">\u00a1Chavez vive, la lucha sigue!<\/span><\/b><\/div>\n<p><\/span><\/p>\n","protected":false},"excerpt":{"rendered":"<p>\u00a1CHAVEZ VIVE!Escuch\u00e1 alguno de los testimonios:&nbsp;CAROLINA &#8211; CONVENTILLERAS RIACHUELODARIO CALLEJAS &#8211; PAEBYTFACUNDO HARTEGUI &#8211; UNDAVGABRIELA &#8211; EL ENFOQUELITO BORELLO COORD. NAC. O.S.y P. LOS PIBESLUCAS QUINTO &#8211; MURALISTA, ART. PLASTICOPABLO RODRIGUEZ &#8211; LA BOCA RESISTE Y PROPONEYEFRY &#8211; EL HORMIGUERO ONG.&nbsp;NADIA MARTINEZ &#8211; FM RIACHUELO [FMR S\u00e1bado 05\/03\/16] Convocados por la consigna de recordar a [&hellip;]<\/p>\n","protected":false},"author":4,"featured_media":0,"comment_status":"open","ping_status":"open","sticky":false,"template":"","format":"standard","meta":{"_monsterinsights_skip_tracking":false,"_monsterinsights_sitenote_active":false,"_monsterinsights_sitenote_note":"","_monsterinsights_sitenote_category":0,"jnews-multi-image_gallery":[],"jnews_single_post":[],"jnews_primary_category":[],"_joinchat":[],"footnotes":""},"categories":[77],"tags":[],"class_list":["post-1466","post","type-post","status-publish","format-standard","hentry","category-soberania"],"_links":{"self":[{"href":"http:\/\/fmriachuelo.it10.com.ar\/index.php\/wp-json\/wp\/v2\/posts\/1466","targetHints":{"allow":["GET"]}}],"collection":[{"href":"http:\/\/fmriachuelo.it10.com.ar\/index.php\/wp-json\/wp\/v2\/posts"}],"about":[{"href":"http:\/\/fmriachuelo.it10.com.ar\/index.php\/wp-json\/wp\/v2\/types\/post"}],"author":[{"embeddable":true,"href":"http:\/\/fmriachuelo.it10.com.ar\/index.php\/wp-json\/wp\/v2\/users\/4"}],"replies":[{"embeddable":true,"href":"http:\/\/fmriachuelo.it10.com.ar\/index.php\/wp-json\/wp\/v2\/comments?post=1466"}],"version-history":[{"count":0,"href":"http:\/\/fmriachuelo.it10.com.ar\/index.php\/wp-json\/wp\/v2\/posts\/1466\/revisions"}],"wp:attachment":[{"href":"http:\/\/fmriachuelo.it10.com.ar\/index.php\/wp-json\/wp\/v2\/media?parent=1466"}],"wp:term":[{"taxonomy":"category","embeddable":true,"href":"http:\/\/fmriachuelo.it10.com.ar\/index.php\/wp-json\/wp\/v2\/categories?post=1466"},{"taxonomy":"post_tag","embeddable":true,"href":"http:\/\/fmriachuelo.it10.com.ar\/index.php\/wp-json\/wp\/v2\/tags?post=1466"}],"curies":[{"name":"wp","href":"https:\/\/api.w.org\/{rel}","templated":true}]}}