{"id":14645,"date":"2022-02-01T17:24:05","date_gmt":"2022-02-01T17:24:05","guid":{"rendered":"http:\/\/fmriachuelo.com.ar\/?p=14645"},"modified":"2025-04-16T16:06:23","modified_gmt":"2025-04-16T19:06:23","slug":"ultimo-dia-de-la-colonia-de-suarez-421","status":"publish","type":"post","link":"http:\/\/fmriachuelo.it10.com.ar\/index.php\/2022\/02\/01\/ultimo-dia-de-la-colonia-de-suarez-421\/","title":{"rendered":"\u00daLTIMO D\u00cdA DE LA COLONIA DE SU\u00c1REZ 421"},"content":{"rendered":"<p><strong>[FM Riachuelo, 1\/2\/2022] Ayer fue el \u00faltimo d\u00eda de la Colonia organizada todos los a\u00f1os por el Movimiento Popular Los Pibes en el barrio de La Boca. Los ni\u00f1os y ni\u00f1as se juntaron todo este mes en Su\u00e1rez 421 para luego ir al Polideportivo Parque Patricios, y los d\u00edas de lluvia hicieron meriendas para no perder el encuentro.<\/strong><\/p>\n<p><span style=\"font-weight: 400\">Se realiz\u00f3 un cierre con pizzas y empanadas, y los padres colaboraron con la bebida. Con un m\u00f3vil en el lugar, recopilamos testimonios de quienes hacen posible este espacio en el que se construye comunidad.<\/span><\/p>\n<p><span style=\"font-weight: 400\">\u201c<\/span><i><span style=\"font-weight: 400\">Estoy muy orgullosa y muy contenta. Los chicos y los padres confiaron otra vez en la organizaci\u00f3n<\/span><\/i><span style=\"font-weight: 400\">\u201d, expres\u00f3 La Pacha, integrante de la Cocina de Su\u00e1rez 421 y del Movimiento Popular Los Pibes, que cada a\u00f1o se pone al hombro la iniciativa de realizar la colonia.<\/span><\/p>\n<p><span style=\"font-weight: 400\">Bel\u00e9n, vecina del barrio de La Boca, mientras ni\u00f1os y ni\u00f1as se acercaban al m\u00f3vil para expresar su felicidad de tener un espacio para encontrarse y divertirse, tambi\u00e9n aport\u00f3 su mirada: \u201c<\/span><i><span style=\"font-weight: 400\">La verdad es muy bueno que los chicos est\u00e9n con gente del barrio, que se los conoce. Uno deposita toda la confianza sabiendo que son nuestros hijos. Y ver que mi hija baja con una sonrisa de oreja a oreja nos muestra que puede haber otra vida y no s\u00f3lo pensar en pandemia<\/span><\/i><span style=\"font-weight: 400\">\u201d.<\/span><\/p>\n<p>&nbsp;<\/p>\n<p><span style=\"font-weight: 400\">\u201c<\/span><i><span style=\"font-weight: 400\">Renunciar a los ni\u00f1os es renunciar al porvenir<\/span><\/i><span style=\"font-weight: 400\">\u201d.<\/span><\/p>\n<p><span style=\"font-weight: 400\">Evita.<\/span><\/p>\n","protected":false},"excerpt":{"rendered":"<p>[FM Riachuelo, 1\/2\/2022] Ayer fue el \u00faltimo d\u00eda de la Colonia organizada todos los a\u00f1os por el Movimiento Popular Los Pibes en el barrio de La Boca. Los ni\u00f1os y ni\u00f1as se juntaron todo este mes en Su\u00e1rez 421 para luego ir al Polideportivo Parque Patricios, y los d\u00edas de lluvia hicieron meriendas para no [&hellip;]<\/p>\n","protected":false},"author":5,"featured_media":14647,"comment_status":"closed","ping_status":"closed","sticky":false,"template":"","format":"standard","meta":{"_monsterinsights_skip_tracking":false,"_monsterinsights_sitenote_active":false,"_monsterinsights_sitenote_note":"","_monsterinsights_sitenote_category":0,"jnews-multi-image_gallery":[],"jnews_single_post":{"format":"standard"},"jnews_primary_category":[],"_joinchat":[],"footnotes":""},"categories":[58],"tags":[64,120,162],"class_list":["post-14645","post","type-post","status-publish","format-standard","has-post-thumbnail","hentry","category-noticiariachuelo","tag-economia-popular","tag-la-boca","tag-salud-comunitaria"],"_links":{"self":[{"href":"http:\/\/fmriachuelo.it10.com.ar\/index.php\/wp-json\/wp\/v2\/posts\/14645","targetHints":{"allow":["GET"]}}],"collection":[{"href":"http:\/\/fmriachuelo.it10.com.ar\/index.php\/wp-json\/wp\/v2\/posts"}],"about":[{"href":"http:\/\/fmriachuelo.it10.com.ar\/index.php\/wp-json\/wp\/v2\/types\/post"}],"author":[{"embeddable":true,"href":"http:\/\/fmriachuelo.it10.com.ar\/index.php\/wp-json\/wp\/v2\/users\/5"}],"replies":[{"embeddable":true,"href":"http:\/\/fmriachuelo.it10.com.ar\/index.php\/wp-json\/wp\/v2\/comments?post=14645"}],"version-history":[{"count":1,"href":"http:\/\/fmriachuelo.it10.com.ar\/index.php\/wp-json\/wp\/v2\/posts\/14645\/revisions"}],"predecessor-version":[{"id":22326,"href":"http:\/\/fmriachuelo.it10.com.ar\/index.php\/wp-json\/wp\/v2\/posts\/14645\/revisions\/22326"}],"wp:featuredmedia":[{"embeddable":true,"href":"http:\/\/fmriachuelo.it10.com.ar\/index.php\/wp-json\/wp\/v2\/media\/14647"}],"wp:attachment":[{"href":"http:\/\/fmriachuelo.it10.com.ar\/index.php\/wp-json\/wp\/v2\/media?parent=14645"}],"wp:term":[{"taxonomy":"category","embeddable":true,"href":"http:\/\/fmriachuelo.it10.com.ar\/index.php\/wp-json\/wp\/v2\/categories?post=14645"},{"taxonomy":"post_tag","embeddable":true,"href":"http:\/\/fmriachuelo.it10.com.ar\/index.php\/wp-json\/wp\/v2\/tags?post=14645"}],"curies":[{"name":"wp","href":"https:\/\/api.w.org\/{rel}","templated":true}]}}