{"id":14624,"date":"2022-01-12T00:16:30","date_gmt":"2022-01-12T00:16:30","guid":{"rendered":"http:\/\/fmriachuelo.com.ar\/?p=14624"},"modified":"2025-04-16T16:26:43","modified_gmt":"2025-04-16T19:26:43","slug":"sequia-del-parana-testimonio-de-un-corresponsal-a-orillas-del-rio","status":"publish","type":"post","link":"http:\/\/fmriachuelo.it10.com.ar\/index.php\/2022\/01\/12\/sequia-del-parana-testimonio-de-un-corresponsal-a-orillas-del-rio\/","title":{"rendered":"SEQU\u00cdA DEL PARAN\u00c1: TESTIMONIO DE UN CORRESPONSAL A ORILLAS DEL R\u00cdO"},"content":{"rendered":"<p><b>[FM Riachuelo, 11\/01\/2022] El d\u00eda de hoy se registr\u00f3 en el R\u00edo Paran\u00e1 la bajante m\u00e1s importante de los \u00faltimos 77 a\u00f1os. Cada vez se hace m\u00e1s evidente que los modos de producci\u00f3n del sistema imperante son los causantes del cambio clim\u00e1tico y sus consecuencias, sobre todo en las regiones del sur global, abocadas a la producci\u00f3n de materias primas. Luis Romero, pescador artesanal, ambientalista y defensor del r\u00edo, estuvo en comunicaci\u00f3n con la FM Riachuelo para seguir reflexionando sobre la situaci\u00f3n actual del r\u00edo y cu\u00e1l es el rol que debe tener nuestro pueblo.<\/b><\/p>\n<p><i><span style=\"font-weight: 400\">\u201cToda esta gran regi\u00f3n de Am\u00e9rica del Sur, fundamentalmente todo lo que es la Cuenca del Paran\u00e1, todo lo que es el Pantanal del Mato Grosso y lo que es la Cuenca del R\u00edo Paraguay, todo ha sido modificado. Se ha reemplazado la selva paranaense por los monocultivos: hablemos del ma\u00edz, de la soja, hablemos de todo este cultivo que el mundo demanda. Y en esta demanda nosotros vamos haciendo el peor negocio, porque nos quedamos con los territorios empobrecidos, con la desaparici\u00f3n de los montes nativos, con la contaminaci\u00f3n de los cursos de agua. El monocultivo jam\u00e1s podr\u00e1 reemplazar lo que produc\u00edan los montes nativos\u201d<\/span><\/i><span style=\"font-weight: 400\">, reflexion\u00f3 sobre la actualidad de nuestros territorios producto del modelo hist\u00f3rico de pa\u00eds exportador subordinado a las grandes potencias del norte.<\/span><\/p>\n<p><span style=\"font-weight: 400\">Hablando de los tantos problemas ambientales de la regi\u00f3n, Luis coment\u00f3 lo que suced\u00eda en su propio territorio mientras sal\u00eda al aire: <\/span><i><span style=\"font-weight: 400\">\u201cEn este momento yo estoy mirando el r\u00edo y estoy mirando la humareda que hay de aproximadamente ocho kil\u00f3metros de ancho en frente de la ciudad de Paran\u00e1. En este momento hay intensos fuegos del lado de las islas de la provincia de Santa Fe. Es terrible, doloroso. Y siguen incendiando como si nada pasara, seguimos recalentando el planeta.\u201d<\/span><\/i><\/p>\n<p><span style=\"font-weight: 400\">Para Luis el problema es estructural y la soluci\u00f3n tiene que ver con despegarse de las l\u00f3gicas aprendidas dentro de este sistema: <\/span><i><span style=\"font-weight: 400\">\u201cA nosotros nos pusieron el chip de consumo, y eso viene desde temprana edad. A nosotros en la escuela primaria no nos ense\u00f1an a reconocer nuestros territorios, nuestros arroyos cercanos. No nos ense\u00f1an a entender de d\u00f3nde provienen nuestros alimentos, la importancia que tiene cuidar los recursos acu\u00edferos que tenemos en toda esta regi\u00f3n. La verdad llama poderosamente la atenci\u00f3n que esto no sea una tem\u00e1tica de estudio, de formaci\u00f3n y de sensibilizaci\u00f3n para una humanidad que necesita, en estos tiempos m\u00e1s que nunca, comprometerse con lo que est\u00e1 sucediendo en nuestra casa com\u00fan, el planeta. Hoy est\u00e1 siendo vandalizado por un mont\u00f3n de empresarios que solamente quieren el \u00e9xito econ\u00f3mico sin importarle la calidad de vida de muchos pueblos del mundo.\u201d<\/span><\/i><\/p>\n<p><span style=\"font-weight: 400\">Por \u00faltimo, acerca del rol que debe tener el pueblo para detener estas embestidas de los poderosos expres\u00f3: <\/span><i><span style=\"font-weight: 400\">\u201cDebemos tener esa agenda de prioridades como sociedad, que no participamos en las gestiones de gobierno pero que s\u00ed somos una sociedad comprometida, ya sea a trav\u00e9s de la cultura, ya sea a trav\u00e9s de empresas sociales. Debemos tener una mirada mucho m\u00e1s abarcativa y que los pol\u00edticos comiencen a mirarnos a nosotros que tambi\u00e9n somos parte de esta sociedad, que tambi\u00e9n estamos organizados.\u201d<\/span><\/i><\/p>\n<p><a href=\"https:\/\/ar.radiocut.fm\/audiocut\/sequia-del-parana-testimonio-un-corresponsal-a-orillas-del-rio\/\" target=\"_blank\" rel=\"noopener\"><b>Escuch\u00e1 la nota completa ac\u00e1<\/b><\/a><\/p>\n","protected":false},"excerpt":{"rendered":"<p>[FM Riachuelo, 11\/01\/2022] El d\u00eda de hoy se registr\u00f3 en el R\u00edo Paran\u00e1 la bajante m\u00e1s importante de los \u00faltimos 77 a\u00f1os. Cada vez se hace m\u00e1s evidente que los modos de producci\u00f3n del sistema imperante son los causantes del cambio clim\u00e1tico y sus consecuencias, sobre todo en las regiones del sur global, abocadas a [&hellip;]<\/p>\n","protected":false},"author":5,"featured_media":14625,"comment_status":"closed","ping_status":"closed","sticky":false,"template":"","format":"standard","meta":{"_monsterinsights_skip_tracking":false,"_monsterinsights_sitenote_active":false,"_monsterinsights_sitenote_note":"","_monsterinsights_sitenote_category":0,"jnews-multi-image_gallery":[],"jnews_single_post":{"format":"standard"},"jnews_primary_category":[],"_joinchat":[],"footnotes":""},"categories":[58],"tags":[147,162],"class_list":["post-14624","post","type-post","status-publish","format-standard","has-post-thumbnail","hentry","category-noticiariachuelo","tag-habitat","tag-salud-comunitaria"],"_links":{"self":[{"href":"http:\/\/fmriachuelo.it10.com.ar\/index.php\/wp-json\/wp\/v2\/posts\/14624","targetHints":{"allow":["GET"]}}],"collection":[{"href":"http:\/\/fmriachuelo.it10.com.ar\/index.php\/wp-json\/wp\/v2\/posts"}],"about":[{"href":"http:\/\/fmriachuelo.it10.com.ar\/index.php\/wp-json\/wp\/v2\/types\/post"}],"author":[{"embeddable":true,"href":"http:\/\/fmriachuelo.it10.com.ar\/index.php\/wp-json\/wp\/v2\/users\/5"}],"replies":[{"embeddable":true,"href":"http:\/\/fmriachuelo.it10.com.ar\/index.php\/wp-json\/wp\/v2\/comments?post=14624"}],"version-history":[{"count":1,"href":"http:\/\/fmriachuelo.it10.com.ar\/index.php\/wp-json\/wp\/v2\/posts\/14624\/revisions"}],"predecessor-version":[{"id":22328,"href":"http:\/\/fmriachuelo.it10.com.ar\/index.php\/wp-json\/wp\/v2\/posts\/14624\/revisions\/22328"}],"wp:featuredmedia":[{"embeddable":true,"href":"http:\/\/fmriachuelo.it10.com.ar\/index.php\/wp-json\/wp\/v2\/media\/14625"}],"wp:attachment":[{"href":"http:\/\/fmriachuelo.it10.com.ar\/index.php\/wp-json\/wp\/v2\/media?parent=14624"}],"wp:term":[{"taxonomy":"category","embeddable":true,"href":"http:\/\/fmriachuelo.it10.com.ar\/index.php\/wp-json\/wp\/v2\/categories?post=14624"},{"taxonomy":"post_tag","embeddable":true,"href":"http:\/\/fmriachuelo.it10.com.ar\/index.php\/wp-json\/wp\/v2\/tags?post=14624"}],"curies":[{"name":"wp","href":"https:\/\/api.w.org\/{rel}","templated":true}]}}