{"id":1461,"date":"2016-03-13T20:09:00","date_gmt":"2016-03-13T20:09:00","guid":{"rendered":"http:\/\/fmriachuelo.observatorioess.org.ar\/index.php\/2016\/03\/13\/caba-desalojo-violento-de-las-calles-de-la-ciudad\/"},"modified":"2016-03-13T20:09:00","modified_gmt":"2016-03-13T20:09:00","slug":"caba-desalojo-violento-de-las-calles-de-la-ciudad","status":"publish","type":"post","link":"http:\/\/fmriachuelo.it10.com.ar\/index.php\/2016\/03\/13\/caba-desalojo-violento-de-las-calles-de-la-ciudad\/","title":{"rendered":"CABA: DESALOJO VIOLENTO DE LAS CALLES DE LA CIUDAD"},"content":{"rendered":"<div><span><b>POL\u00cdTICAS DE GOBIERNO EN LA CIUDAD<\/b><\/span><\/div>\n<p><span>REPRESI\u00d3N EN EL ESPACIO P\u00daBLICO<\/span><\/p>\n<div style=\"clear: both;text-align: center\"><a href=\"https:\/\/1.bp.blogspot.com\/-YvddFz1fh3E\/VuXIdIWrmjI\/AAAAAAAAICo\/gylg77z-AiY1HO48xQYn3PGr4viGa8Kyg\/s1600\/obelisco.jpg\" style=\"clear: left;float: left;margin-bottom: 1em;margin-right: 1em\"><img loading=\"lazy\" decoding=\"async\" border=\"0\" height=\"148\" src=\"https:\/\/1.bp.blogspot.com\/-YvddFz1fh3E\/VuXIdIWrmjI\/AAAAAAAAICo\/gylg77z-AiY1HO48xQYn3PGr4viGa8Kyg\/s200\/obelisco.jpg\" width=\"200\" \/><\/a><\/div>\n<div style=\"text-align: justify\"><span>[TELAM, 11\/03\/2016]ORGANIZACIONES SOCIALES Y EFECTORES JUDICIALES AFIRMAN QUE LOS DESALOJOS VIOLENTOS DE PERSONAS EN SITUACI\u00d3N DE CALLE SE INCREMENTARON EN LOS \u00daLTIMOS MESES, POR PARTE DEL MINISTERIO DE ESPACIO P\u00daBLICO DE LA CIUDAD, AUNQUE DESDE LA CARTERA PORTE\u00d1A NIEGAN QUE LOS PROCEDIMIENTOS SEAN AGRESIVOS Y ASEGURAN QUE NO RECIBIERON \u00abNINGUNA DENUNCIA FORMAL\u00bb SOBRE HECHOS DE ESTAS CARACTER\u00cdSTICAS.<\/span><br \/><a name='more'><\/a><\/div>\n<p><span><\/span><\/p>\n<div style=\"text-align: justify\"><span>\u00abEl hostigamiento y persecuci\u00f3n a personas en situaci\u00f3n de calle por diferentes organismos creados dentro del Ministerio de Espacio P\u00fablico tiene antecedentes de m\u00e1s de diez a\u00f1os\u00bb, afirm\u00f3 a T\u00e9lam Horacio \u00c1vila, referente de Proyecto 7, una organizaci\u00f3n que hace m\u00e1s de una d\u00e9cada que trabaja con la problem\u00e1tica.<\/span><\/div>\n<p><span><\/p>\n<div style=\"text-align: justify\"><\/div>\n<div style=\"text-align: justify\">\u00abHoy esta tarea la realiza la Subsecretaria de Higiene Urbana a cargo de Pablo Di Liscia y b\u00e1sicamente lo que hacen es tratar a las personas en calle y a sus pertenencias como &#8216;basura a limpiar'\u00bb, continu\u00f3.<\/div>\n<div style=\"text-align: justify\"><\/div>\n<div style=\"text-align: justify\">Sin embargo, consultados por T\u00e9lam, desde el Ministerio negaron que los procedimientos sean violentos y afirmaron que \u00aben ning\u00fan caso se favorece la confrontaci\u00f3n\u00bb.<\/div>\n<div style=\"text-align: justify\"><\/div>\n<div style=\"text-align: justify\">\u00abComo parte de sus tareas, el Ministerio de Ambiente y Espacio P\u00fablico realiza trabajos de limpieza en veredas que no tienen frentista responsable, o que registran una circulaci\u00f3n mayor a la frecuente\u00bb dijeron desde la Ciudad.<\/div>\n<div style=\"text-align: justify\"><\/div>\n<div style=\"text-align: justify\">\u00abMientras se realizan esas tareas se encuentra a personas en situaci\u00f3n de calle o grupos familiares instalados en forma precaria en el espacio p\u00fablico. En esas circunstancias, se da intervenci\u00f3n a personal de Acci\u00f3n Social y, cuando corresponde, a personal del Programa BAP (Buenos Aires Presente)\u00bb, respondieron a T\u00e9lam desde Espacio P\u00fablico.<\/div>\n<div style=\"text-align: justify\"><\/div>\n<div style=\"text-align: justify\">Asimismo, afirmaron que no han registrado \u00abninguna denuncia formal sobre hechos de violencia\u00bb.<\/div>\n<div style=\"text-align: justify\"><\/div>\n<div style=\"text-align: justify\">En julio de 2005, mediante el decreto 1136\/05, el gobierno porte\u00f1o a cargo de An\u00edbal Ibarra cre\u00f3 la RECEP (Recuperaci\u00f3n del Espacio P\u00fablico); un a\u00f1o despu\u00e9s, Jorge Telerman reformul\u00f3 este organismo mediante el decreto 351\/06 en la UORCEP (Unidad Operativa de Recuperaci\u00f3n y Control en el Espacio P\u00fablico).<\/div>\n<div style=\"text-align: justify\"><\/div>\n<div style=\"text-align: justify\">En 2008, la gesti\u00f3n de Mauricio Macri cre\u00f3 la Unidad de Espacio P\u00fablico (UCEP) con objetivos similares a los organismos anteriores; el programa cerr\u00f3 un a\u00f1o despu\u00e9s, como consecuencia de las denuncias de violencia verbal y f\u00edsica hacia sus agentes, lo que deriv\u00f3 incluso en una causa judicial que implic\u00f3 hasta al propio Macri y al entonces titular del \u00e1rea, Juan Pablo Piccardo, quienes luego fueron sobrese\u00eddos.<\/div>\n<div style=\"text-align: justify\"><\/div>\n<div style=\"text-align: justify\">\u00abEn 2010 y 2011 comenzamos a recibir denuncias de operativos de Espacio P\u00fablico con menos violencia f\u00edsica que la UCEP pero con caracter\u00edsticas similares\u00bb, describi\u00f3 por su parte Sol Blasco, responsable de la oficina de Violencia Institucional de la Defensor\u00eda del Pueblo porte\u00f1a.<\/div>\n<div style=\"text-align: justify\"><\/div>\n<div style=\"text-align: justify\">En una de estas denuncias, radicada en mayo de 2015, la se\u00f1ora G. inform\u00f3 que estaba junto a sus hijos de 15 y 2 a\u00f1os, su carro de cartonera y sus pertenencias a metros del Obelisco cuando fue abordada por funcionarios de Espacio P\u00fablico junto a personal de la Metropolitana, que le dijeron que \u00abno pod\u00eda estar all\u00ed\u00bb.<\/div>\n<div style=\"text-align: justify\"><\/div>\n<div style=\"text-align: justify\">\u00abInmediatamente procedieron al secuestro del carro con el que trasladaba el cart\u00f3n recolectado, donde adem\u00e1s se encontraba su mochila con documentaci\u00f3n de ella y de sus hijos, cuando ella pidi\u00f3 la devoluci\u00f3n de la mochila le dijeron que &#8216;ya estaba arriba del cami\u00f3n'\u00bb, describe la denuncia.<\/div>\n<div style=\"text-align: justify\"><\/div>\n<div style=\"text-align: justify\">El hijo mayor de la se\u00f1ora intent\u00f3 defender a su madre y lo amenazaron con llevarlo detenido. La orden de trabajo remitida luego a la Defensor\u00eda indic\u00f3 que \u00abse realiz\u00f3 limpieza de esa calle sin inconveniente alguno\u00bb.<\/div>\n<div style=\"text-align: justify\"><\/div>\n<div style=\"text-align: justify\">El 18 de febrero de 2016, la Unidad de Intervenci\u00f3n Temprana de la Unidad Sudeste del Ministerio P\u00fablico Fiscal de la ciudad registr\u00f3 la denuncia de N., una mujer que duerme en Constituci\u00f3n junto a su marido y sus hijos, a quien un efectivo de la Polic\u00eda Metropolitana le subi\u00f3 sus pertenencias a un cami\u00f3n de basura y rompi\u00f3 la silla de ruedas de uno de los ni\u00f1os, que padece epilepsia sintom\u00e1tica, par\u00e1lisis facial del lado izquierdo y retraso mental.<\/div>\n<div style=\"text-align: justify\"><\/div>\n<div style=\"text-align: justify\">Las denuncias citadas por la Defensor\u00eda General en diferentes resoluciones, as\u00ed como las radicadas en organismos judiciales (Ministerio P\u00fablico Fiscal de Naci\u00f3n, porte\u00f1o y Defensor\u00eda General de la Ciudad) a las que T\u00e9lam tuvo acceso, sumadas a los testimonios de las personas en calle y de organizaciones que trabajan con la tem\u00e1tica, refieren a una misma forma de proceder.<\/div>\n<div style=\"text-align: justify\"><\/div>\n<div style=\"text-align: justify\">Los operativos son liderados por Higene Urbana, en algunos casos en compa\u00f1\u00eda de alguna fuerza -la mayor\u00eda de las veces de la Metropolitana pero en algunas ocasiones tambi\u00e9n la Federal-; un m\u00f3vil que a veces tiene un ploter del Ministerio pero en otros es simplemente un utilitario blanco o gris, se acerca a donde est\u00e1n las personas en calle para decirles que se vayan porque \u00abtienen que limpiar\u00bb.<\/div>\n<div style=\"text-align: justify\"><\/div>\n<div style=\"text-align: justify\">En muchas de las denuncias se afirman otros dos elementos: el cami\u00f3n de CLIBA en el que se cargan las pertenencias y la manguera con la que a veces, sin mediar palabra, comienzan directamente a mojar los bienes; si las personas se niegan a irse, les secuestran sus cosas, lo que deriva en forcejeos, amenazas e inclusive detenciones.<\/div>\n<div style=\"text-align: justify\"><\/div>\n<div style=\"text-align: justify\">\u00abDurante un tiempo logramos que para realizar este tipo de procedimientos de &#8216;desalojo&#8217; tenga que mediar una orden judicial, pero desde hace ya algunos a\u00f1os esto dej\u00f3 de suceder\u00bb, describi\u00f3 \u00c1vila, y relat\u00f3 que \u00abla semana pasada, por ejemplo, hemos tenido el caso de una familia que paraba por Retiro, a la que intentaron sacarle los hijos sin siquiera la presencia del Consejo de Ni\u00f1as, Ni\u00f1os y Adolescentes, lo cual es grav\u00edsimo\u00bb, afirm\u00f3.<\/div>\n<p><\/span><\/p>\n","protected":false},"excerpt":{"rendered":"<p>POL\u00cdTICAS DE GOBIERNO EN LA CIUDAD REPRESI\u00d3N EN EL ESPACIO P\u00daBLICO [TELAM, 11\/03\/2016]ORGANIZACIONES SOCIALES Y EFECTORES JUDICIALES AFIRMAN QUE LOS DESALOJOS VIOLENTOS DE PERSONAS EN SITUACI\u00d3N DE CALLE SE INCREMENTARON EN LOS \u00daLTIMOS MESES, POR PARTE DEL MINISTERIO DE ESPACIO P\u00daBLICO DE LA CIUDAD, AUNQUE DESDE LA CARTERA PORTE\u00d1A NIEGAN QUE LOS PROCEDIMIENTOS SEAN AGRESIVOS [&hellip;]<\/p>\n","protected":false},"author":4,"featured_media":0,"comment_status":"open","ping_status":"open","sticky":false,"template":"","format":"standard","meta":{"_monsterinsights_skip_tracking":false,"_monsterinsights_sitenote_active":false,"_monsterinsights_sitenote_note":"","_monsterinsights_sitenote_category":0,"jnews-multi-image_gallery":[],"jnews_single_post":[],"jnews_primary_category":[],"_joinchat":[],"footnotes":""},"categories":[78],"tags":[],"class_list":["post-1461","post","type-post","status-publish","format-standard","hentry","category-economia-popular"],"_links":{"self":[{"href":"http:\/\/fmriachuelo.it10.com.ar\/index.php\/wp-json\/wp\/v2\/posts\/1461","targetHints":{"allow":["GET"]}}],"collection":[{"href":"http:\/\/fmriachuelo.it10.com.ar\/index.php\/wp-json\/wp\/v2\/posts"}],"about":[{"href":"http:\/\/fmriachuelo.it10.com.ar\/index.php\/wp-json\/wp\/v2\/types\/post"}],"author":[{"embeddable":true,"href":"http:\/\/fmriachuelo.it10.com.ar\/index.php\/wp-json\/wp\/v2\/users\/4"}],"replies":[{"embeddable":true,"href":"http:\/\/fmriachuelo.it10.com.ar\/index.php\/wp-json\/wp\/v2\/comments?post=1461"}],"version-history":[{"count":0,"href":"http:\/\/fmriachuelo.it10.com.ar\/index.php\/wp-json\/wp\/v2\/posts\/1461\/revisions"}],"wp:attachment":[{"href":"http:\/\/fmriachuelo.it10.com.ar\/index.php\/wp-json\/wp\/v2\/media?parent=1461"}],"wp:term":[{"taxonomy":"category","embeddable":true,"href":"http:\/\/fmriachuelo.it10.com.ar\/index.php\/wp-json\/wp\/v2\/categories?post=1461"},{"taxonomy":"post_tag","embeddable":true,"href":"http:\/\/fmriachuelo.it10.com.ar\/index.php\/wp-json\/wp\/v2\/tags?post=1461"}],"curies":[{"name":"wp","href":"https:\/\/api.w.org\/{rel}","templated":true}]}}