{"id":14588,"date":"2021-12-27T19:21:07","date_gmt":"2021-12-27T19:21:07","guid":{"rendered":"http:\/\/fmriachuelo.com.ar\/?p=14588"},"modified":"2025-04-16T16:39:59","modified_gmt":"2025-04-16T19:39:59","slug":"homenaje-a-osvaldo-cacho-torta-en-la-fm-riachuelo","status":"publish","type":"post","link":"http:\/\/fmriachuelo.it10.com.ar\/index.php\/2021\/12\/27\/homenaje-a-osvaldo-cacho-torta-en-la-fm-riachuelo\/","title":{"rendered":"HOMENAJE A OSVALDO \u201cCACHO\u201d TORTA EN LA FM RIACHUELO"},"content":{"rendered":"<p><strong><b>[FM Riachuelo, 27\/12\/2021]<\/b>\u00a0Los 20 a\u00f1os del Argentinazo encontraron en todo el pa\u00eds movilizaciones, actos y actividades que mostraron que aquellas jornadas de rebeli\u00f3n popular forman una parte sensible de la memoria de lucha de nuestro Pueblo y de un proyecto presente que exclama desde abajo la construcci\u00f3n de otro mundo posible. Nuestra FM Riachuelo no fue la excepci\u00f3n, y con el Movimiento Popular Los Pibes que integramos, enhebramos la conmemoraci\u00f3n del Argentinazo con un homenaje a un compa\u00f1ero que generosamente comparti\u00f3 su forma de hacer arte desde abajo en los inicios de la radio y en cuanta batalla de Los Pibes fuera convocado. Hablamos de Osvaldo \u201cCacho\u201d Torta, el dibujante militante. <\/strong><\/p>\n<p>La convocatoria tuvo lugar el pasado martes 21 de diciembre en horas de la tarde, en el primer piso del edificio de Su\u00e1rez 421 en el barrio de La Boca. All\u00ed, el sal\u00f3n convertido por ese d\u00eda en una muestra que recorr\u00eda la obra del dibujante, fue bautizado con el nombre de <strong>Espacio de encuentro Osvaldo \u201dCacho\u201d Torta<\/strong>.<\/p>\n<p><img loading=\"lazy\" decoding=\"async\" class=\" wp-image-14593 aligncenter\" src=\"http:\/\/fmriachuelo.com.ar\/wp-content\/uploads\/2021\/12\/muestra-300x205.jpg\" alt=\"\" width=\"546\" height=\"373\" \/><\/p>\n<p>Cacho se fue f\u00edsicamente a fines del a\u00f1o 2012, pero nos dej\u00f3 a \u201cChatarra\u201d, un personaje creado colectivamente que representa al sujeto que emergi\u00f3 de los piquetes de los a\u00f1os 90. Chatarra primero fue mito en el programa radial Barrio Adentro y luego se convirti\u00f3 en una historieta que fue publicada durante todo ese a\u00f1o en la contratapa del diario Sur Capitalino. Dicen algunos compa\u00f1eros que nunca se pudo diferenciar bien donde terminaba Chatarra y empezaba Cacho, por eso ambos ilustran hoy las paredes del espacio de encuentro que lleva su nombre.<\/p>\n<p><img loading=\"lazy\" decoding=\"async\" class=\" wp-image-14592 alignleft\" src=\"http:\/\/fmriachuelo.com.ar\/wp-content\/uploads\/2021\/12\/Lito-300x200.jpg\" alt=\"\" width=\"533\" height=\"356\" \/><\/p>\n<p><strong>\u201cTen\u00edamos el sue\u00f1o de hacer una historieta y ah\u00ed apareci\u00f3 Cacho, que volv\u00eda a ser y volv\u00eda a agarrar el l\u00e1piz, que era su fusil\u201d<\/strong>, recordaba Lito Borello, Coordinador Nacional del Movimiento, el tiempo compartido en el programa Barrio Adentro.<\/p>\n<p><strong>\u201cChatarra seguir\u00e1 siendo, como Cacho seguir\u00e1 siendo de nuestros muertos que nunca mueren, que se siembran en nosotros\u201d<\/strong>, expres\u00f3 emocionado Borello.<\/p>\n<p>&nbsp;<\/p>\n<p>&nbsp;<\/p>\n<p><img loading=\"lazy\" decoding=\"async\" class=\" wp-image-14590 alignright\" src=\"http:\/\/fmriachuelo.com.ar\/wp-content\/uploads\/2021\/12\/Abru-300x200.jpg\" alt=\"\" width=\"552\" height=\"368\" \/><\/p>\n<p>Colmadas de emoci\u00f3n, hija y nieta de Cacho, que militan en Los Pibes, compartieron textos escritos por Cacho que expresaban su mirada sobre las luchas populares<strong>: \u2026\u201dTus ojos ya vieron el fondo de muchas cosas que rebelan, y tienen ahora un brillo nuevo, corajudo e irrespetuoso, el de saber que esas cosas pueden caer resquebrajadas si tu grito se une a otros gritos que a\u00fallan en lucha.\u201d<\/strong> (Fragmento de uno de los textos del a\u00f1o 1974).<\/p>\n<p>&nbsp;<\/p>\n<p>El cierre de la actividad fue al ritmo de lo que Cacho seguramente hubiera aprobado con alguno de sus gestos discretos pero potentes: canciones paridas en Asamblea fueron interpretadas por Sof\u00eda Balbiano y Luca Miraglia, compa\u00f1erxs que forman parte de la FM Riachuelo y de la Incurable Rebeld\u00eda, la brigada sanitaria del Movimiento Los Pibes. Luego compartieron recitados y canciones los compa\u00f1eros del Hip Hop de las Luchas Populares, demostrando una vez m\u00e1s su capacidad trovadora para contar la lucha y la militancia.<\/p>\n<p><img loading=\"lazy\" decoding=\"async\" class=\"wp-image-14591 aligncenter\" src=\"http:\/\/fmriachuelo.com.ar\/wp-content\/uploads\/2021\/12\/brindis-300x122.jpg\" alt=\"\" width=\"765\" height=\"311\" \/><\/p>\n<p><strong>\u201cSeguimos reafirmando nuestras rebeld\u00edas, construyendo las pr\u00f3ximas insurgencias, no s\u00e9 si ser\u00e1n los hijos o los nietos, pero estamos convencidos de que los Chatarras van a llegar a la victoria y en la victoria va a estar Cacho. Desde el d\u00eda que atraves\u00f3 esa puerta fue uno de los imprescindibles y as\u00ed seguir\u00e1 entre nosotros\u201d<\/strong>, reson\u00f3 la frase de Borello, confundi\u00e9ndose con el sonido de los pasos de Cacho, seguramente tambi\u00e9n del Oso Cisneros, que acompa\u00f1an los del Movimiento mientras camina por alcanzar sus anhelos colectivos.<\/p>\n","protected":false},"excerpt":{"rendered":"<p>[FM Riachuelo, 27\/12\/2021]\u00a0Los 20 a\u00f1os del Argentinazo encontraron en todo el pa\u00eds movilizaciones, actos y actividades que mostraron que aquellas jornadas de rebeli\u00f3n popular forman una parte sensible de la memoria de lucha de nuestro Pueblo y de un proyecto presente que exclama desde abajo la construcci\u00f3n de otro mundo posible. Nuestra FM Riachuelo no [&hellip;]<\/p>\n","protected":false},"author":5,"featured_media":14589,"comment_status":"closed","ping_status":"closed","sticky":false,"template":"","format":"standard","meta":{"_monsterinsights_skip_tracking":false,"_monsterinsights_sitenote_active":false,"_monsterinsights_sitenote_note":"","_monsterinsights_sitenote_category":0,"jnews-multi-image_gallery":[],"jnews_single_post":{"format":"standard"},"jnews_primary_category":[],"_joinchat":[],"footnotes":""},"categories":[61],"tags":[108,72],"class_list":["post-14588","post","type-post","status-publish","format-standard","has-post-thumbnail","hentry","category-especiales-riachuelo","tag-comunicacion-popular","tag-historia-de-la-lucha-de-los-pueblos"],"_links":{"self":[{"href":"http:\/\/fmriachuelo.it10.com.ar\/index.php\/wp-json\/wp\/v2\/posts\/14588","targetHints":{"allow":["GET"]}}],"collection":[{"href":"http:\/\/fmriachuelo.it10.com.ar\/index.php\/wp-json\/wp\/v2\/posts"}],"about":[{"href":"http:\/\/fmriachuelo.it10.com.ar\/index.php\/wp-json\/wp\/v2\/types\/post"}],"author":[{"embeddable":true,"href":"http:\/\/fmriachuelo.it10.com.ar\/index.php\/wp-json\/wp\/v2\/users\/5"}],"replies":[{"embeddable":true,"href":"http:\/\/fmriachuelo.it10.com.ar\/index.php\/wp-json\/wp\/v2\/comments?post=14588"}],"version-history":[{"count":1,"href":"http:\/\/fmriachuelo.it10.com.ar\/index.php\/wp-json\/wp\/v2\/posts\/14588\/revisions"}],"predecessor-version":[{"id":22335,"href":"http:\/\/fmriachuelo.it10.com.ar\/index.php\/wp-json\/wp\/v2\/posts\/14588\/revisions\/22335"}],"wp:featuredmedia":[{"embeddable":true,"href":"http:\/\/fmriachuelo.it10.com.ar\/index.php\/wp-json\/"}],"wp:attachment":[{"href":"http:\/\/fmriachuelo.it10.com.ar\/index.php\/wp-json\/wp\/v2\/media?parent=14588"}],"wp:term":[{"taxonomy":"category","embeddable":true,"href":"http:\/\/fmriachuelo.it10.com.ar\/index.php\/wp-json\/wp\/v2\/categories?post=14588"},{"taxonomy":"post_tag","embeddable":true,"href":"http:\/\/fmriachuelo.it10.com.ar\/index.php\/wp-json\/wp\/v2\/tags?post=14588"}],"curies":[{"name":"wp","href":"https:\/\/api.w.org\/{rel}","templated":true}]}}