{"id":14505,"date":"2021-11-26T23:36:11","date_gmt":"2021-11-26T23:36:11","guid":{"rendered":"http:\/\/fmriachuelo.com.ar\/?p=14505"},"modified":"2025-04-16T17:00:46","modified_gmt":"2025-04-16T20:00:46","slug":"sin-vivienda-no-hay-hogar-no-se-puede-construir-una-familia-sin-esa-vivienda-digna","status":"publish","type":"post","link":"http:\/\/fmriachuelo.it10.com.ar\/index.php\/2021\/11\/26\/sin-vivienda-no-hay-hogar-no-se-puede-construir-una-familia-sin-esa-vivienda-digna\/","title":{"rendered":"\u201cSIN VIVIENDA NO HAY HOGAR, NO SE PUEDE CONSTRUIR UNA FAMILIA SIN ESA VIVIENDA DIGNA\u00bb"},"content":{"rendered":"<p><strong>[FM Riachuelo, 26\/11\/2021] Con motivo de la conmemoraci\u00f3n del D\u00eda de la No Violencia contra las Mujeres, \u00a0la organizaci\u00f3n Mujeres de la Boca, realizar\u00e1 una jornada de activismo y concientizaci\u00f3n contra la violencia de g\u00e9nero. La cita es este s\u00e1bado, 27 de noviembre, en el local de la organizaci\u00f3n ubicado en Necochea 1235. Julia S\u00e1nchez, integrante de la Organizaci\u00f3n Mujeres de la Boca, visit\u00f3 el piso de la FM Riachuelo\u00a0y durante el programa Rompe el Cerco,\u00a0 lunes a viernes a las 17 hs, cont\u00f3 porque se realizar\u00e1 dicha actividad y brind\u00f3 la visi\u00f3n de una organizaci\u00f3n territorial del Bajo de La Boca ante los problemas que enfrentan muchas familias del barrio. \u00a0<\/strong><\/p>\n<p>Julia S\u00e1nchez explica que el 25 de noviembre, <strong>D\u00eda de la No Violencia a las Mujeres<\/strong>, se comenz\u00f3 a conmemorar despu\u00e9s del 1\u00ba Encuentro Feminista Latinoamericano del Caribe, porque se levantaba el reclamo por el asesinato de las Hermanas Mirabal, militantes durante la dictadura de Trujillo en Rep\u00fablica Dominicana.<\/p>\n<p>Con respecto a la jornada del pr\u00f3ximo s\u00e1bado destaca: <em>\u201cNuestra pol\u00edtica es muy de base, es lo que tratamos de conservar. Est\u00e1 ligada a lo cotidiano con nuestra gente. Vamos a desarrollar, como parte de nuestra resistencia culturar, una jornada de activismo y concientizaci\u00f3n sobre la violencia de g\u00e9nero\u201d.<\/em> La idea es que los vecinos y vecinas se acerquen y digan si sufren alg\u00fan tipo de violencia en forma personal o su grupo conviviente.<\/p>\n<p>Ante estas situaciones deja claro que las pol\u00edticas que se aplican no sirven para resolver los problemas de fondo que tienen quienes habitan en el barrio. Explic\u00f3 que durante la pandemia se incrementaron mucho los casos de violencia, mucha violencia f\u00edsica y grave. Consideran que la situaci\u00f3n habitacional y la forma de vivir en el barrio fue un detonante muy grande. A esto hay que sumarle la falta de trabajo y tambi\u00e9n las adicciones.<\/p>\n<p>Tambi\u00e9n la pandemia dej\u00f3 claro que no solo las pol\u00edticas que se aplican no sirven o son insuficientes. No hay un programa que reconozca a las mujeres, muchas de las cuales sufren estas problem\u00e1ticas, que se pusieron al frente de comedores, merenderos y ollas populares. <em>\u201cHasta ahora lo que se viene haciendo no sirve para nada. A m\u00ed me va a servir tener un trabajo, poder acceder a una vivienda. Es otra de las urgencia que se tiene en el sitio donde nosotras trabajamos\u201d<\/em> destac\u00f3.<\/p>\n<p>Las compa\u00f1eras apuntan al trabajo de ma\u00f1ana. Es un trabajo muy primario y de base que se ha dejado de hacer. <em>\u201cTenemos que tratar de <strong>reconstruirnos de forma comunitaria<\/strong>, que es algo que nosotras tenemos all\u00e1 en el bajo. Con esa conjunci\u00f3n comunitaria tenemos que ver c\u00f3mo nos proyectamos con estas demandas: vivienda, salud, capacitaci\u00f3n con una salida laboral. Necesitamos que se apliquen pol\u00edticas p\u00fablicas que se acerquen a nosotros\u201d<\/em><\/p>\n<p><img loading=\"lazy\" decoding=\"async\" class=\" wp-image-14507 alignleft\" src=\"http:\/\/fmriachuelo.com.ar\/wp-content\/uploads\/2021\/11\/julia-sanchez-mujeres-de-la-boca-300x286.jpeg\" alt=\"\" width=\"217\" height=\"207\" \/>Por esa cercan\u00eda que expresa Julia, ese trabajo cotidiano, tienen totalmente claro que la respuesta a lo que est\u00e1\u00a0 pasando est\u00e1 en la construcci\u00f3n de comunidad<em>: \u201cEs necesarios que <strong>la comunidad tenga sus proyectos pol\u00edticos institucionales para generar trabajo<\/strong> para todas estas compa\u00f1eras y compa\u00f1eros, que trabajaron por un subsidio, sean considerados como trabajadores y que me paguen por mis horas de trabajo. La pol\u00edtica es discursiva pero en la pr\u00e1ctica no est\u00e1\u201d<\/em> sentenci\u00f3.<\/p>\n<p>Para finalizar cont\u00f3 que con lo que surja de la actividad, tiene proyectado lanzar una campa\u00f1a de firmas para reclamar el derecho constitucional de acceso a una vivienda digna. <strong>\u201cEs urgente, el trabajo, una vivienda digna y despu\u00e9s empezar a rescatar a los pibes de la calle pero con propuestas de verdad\u201d. <\/strong>Antes de despedirse record\u00f3 que esperan a todos los y las vecinas que quieran participar de la actividad en <strong>Necochea 1235 \u00a0a partir de las 16hs.<\/strong><\/p>\n<p><a href=\"https:\/\/ar.radiocut.fm\/audiocut\/sin-vivienda-no-hay-hogar-no-se-puede-construir-una-familia-sin-esa-vivienda-digna-julia-sanchez\/\">Escucha la entrevista completa<\/a><\/p>\n","protected":false},"excerpt":{"rendered":"<p>[FM Riachuelo, 26\/11\/2021] Con motivo de la conmemoraci\u00f3n del D\u00eda de la No Violencia contra las Mujeres, \u00a0la organizaci\u00f3n Mujeres de la Boca, realizar\u00e1 una jornada de activismo y concientizaci\u00f3n contra la violencia de g\u00e9nero. La cita es este s\u00e1bado, 27 de noviembre, en el local de la organizaci\u00f3n ubicado en Necochea 1235. Julia S\u00e1nchez, [&hellip;]<\/p>\n","protected":false},"author":5,"featured_media":14506,"comment_status":"closed","ping_status":"closed","sticky":false,"template":"","format":"standard","meta":{"_monsterinsights_skip_tracking":false,"_monsterinsights_sitenote_active":false,"_monsterinsights_sitenote_note":"","_monsterinsights_sitenote_category":0,"jnews-multi-image_gallery":[],"jnews_single_post":{"format":"standard"},"jnews_primary_category":[],"_joinchat":[],"footnotes":""},"categories":[58],"tags":[119,147,162],"class_list":["post-14505","post","type-post","status-publish","format-standard","has-post-thumbnail","hentry","category-noticiariachuelo","tag-derechos-humanos","tag-habitat","tag-salud-comunitaria"],"_links":{"self":[{"href":"http:\/\/fmriachuelo.it10.com.ar\/index.php\/wp-json\/wp\/v2\/posts\/14505","targetHints":{"allow":["GET"]}}],"collection":[{"href":"http:\/\/fmriachuelo.it10.com.ar\/index.php\/wp-json\/wp\/v2\/posts"}],"about":[{"href":"http:\/\/fmriachuelo.it10.com.ar\/index.php\/wp-json\/wp\/v2\/types\/post"}],"author":[{"embeddable":true,"href":"http:\/\/fmriachuelo.it10.com.ar\/index.php\/wp-json\/wp\/v2\/users\/5"}],"replies":[{"embeddable":true,"href":"http:\/\/fmriachuelo.it10.com.ar\/index.php\/wp-json\/wp\/v2\/comments?post=14505"}],"version-history":[{"count":1,"href":"http:\/\/fmriachuelo.it10.com.ar\/index.php\/wp-json\/wp\/v2\/posts\/14505\/revisions"}],"predecessor-version":[{"id":22352,"href":"http:\/\/fmriachuelo.it10.com.ar\/index.php\/wp-json\/wp\/v2\/posts\/14505\/revisions\/22352"}],"wp:featuredmedia":[{"embeddable":true,"href":"http:\/\/fmriachuelo.it10.com.ar\/index.php\/wp-json\/"}],"wp:attachment":[{"href":"http:\/\/fmriachuelo.it10.com.ar\/index.php\/wp-json\/wp\/v2\/media?parent=14505"}],"wp:term":[{"taxonomy":"category","embeddable":true,"href":"http:\/\/fmriachuelo.it10.com.ar\/index.php\/wp-json\/wp\/v2\/categories?post=14505"},{"taxonomy":"post_tag","embeddable":true,"href":"http:\/\/fmriachuelo.it10.com.ar\/index.php\/wp-json\/wp\/v2\/tags?post=14505"}],"curies":[{"name":"wp","href":"https:\/\/api.w.org\/{rel}","templated":true}]}}