{"id":14502,"date":"2021-11-26T17:09:38","date_gmt":"2021-11-26T17:09:38","guid":{"rendered":"http:\/\/fmriachuelo.com.ar\/?p=14502"},"modified":"2025-04-16T17:02:24","modified_gmt":"2025-04-16T20:02:24","slug":"mexico-primera-asamblea-eclesial-latinoamericana","status":"publish","type":"post","link":"http:\/\/fmriachuelo.it10.com.ar\/index.php\/2021\/11\/26\/mexico-primera-asamblea-eclesial-latinoamericana\/","title":{"rendered":"M\u00c9XICO: PRIMERA ASAMBLEA ECLESIAL LATINOAMERICANA"},"content":{"rendered":"<p><b>[FM Riachuelo, 26\/11\/2021] El domingo 21 de noviembre comenz\u00f3 la primera Asamblea Eclesial Latinoamericana, que se extender\u00e1 hasta el domingo pr\u00f3ximo. Este encuentro, convocado por el Papa Francisco a fines de enero, se da en la Ciudad de M\u00e9xico y comenz\u00f3 con una misa desde la Bas\u00edlica de la Virgen de Guadalupe, patrona de Am\u00e9rica. Lucas Schaerer, periodista y corresponsal popular de la FM Riachuelo, est\u00e1 participando de la Asamblea, y dio algunos detalles de los objetivos de esta jornada in\u00e9dita para la Iglesia Cat\u00f3lica.<\/b><\/p>\n<p><span style=\"font-weight: 400\">En principio, Lucas habl\u00f3 del sentido popular de este encuentro: \u201c<\/span><i><span style=\"font-weight: 400\">El Papa Francisco quiere que el mundo de religiosidad popular tome cuerpo dentro de la Iglesia que hoy es elitista. Llamamos elitista a aquello que es minoritario y que s\u00f3lo est\u00e1 en manos de los obispos. \u00c9l quiere que al interior de la iglesia se vuelva a la iglesia primitiva, \u00e9l dijo que quiere una iglesia pobre para los pobres. Es decir que los bautizados, las mujeres, los negros y las diferentes identidades sexuales tengan poder dentro de la iglesia. Una iglesia integradora, que el pueblo fiel de Dios tenga voz y voto; eso es lo que se debate en casa lag<\/span><\/i><span style=\"font-weight: 400\">o\u201d.<\/span><\/p>\n<p><span style=\"font-weight: 400\">Seg\u00fan explic\u00f3 Schaerer en una nota para T\u00e9lam Digital, para esto es necesario \u201cdesarmar el clericalismo\u201d: \u201c<\/span><i><span style=\"font-weight: 400\">El clericalismo es un t\u00e9rmino de la iglesia que viene de clero, que es \u201cel gobierno de los sacerdotes\u201d pero como bien explica la te\u00f3loga del pueblo, Emilce Cuda (que es el primer caso de una mujer con cargo en El Vaticano), que la iglesia no es el clero, la iglesia est\u00e1 conformada por todos los bautizados. Se busca que sea algo mucho m\u00e1s popular. Es volver a los or\u00edgenes del catolicismo<\/span><\/i><span style=\"font-weight: 400\">\u201d.<\/span><\/p>\n<p><span style=\"font-weight: 400\">Finalmente, se expres\u00f3 sobre otra necesidad, la de democratizar la fe: \u201c<\/span><i><span style=\"font-weight: 400\">La Iglesia tiene que abrir m\u00e1s instancias de decisi\u00f3n, donde hablemos de las periferias, estemos con los descartados, estemos junto con los Movimientos Populares para convertirnos en samaritanos colectivos, como el Papa ha llamado<\/span><\/i><span style=\"font-weight: 400\">\u201d.<\/span><\/p>\n","protected":false},"excerpt":{"rendered":"<p>[FM Riachuelo, 26\/11\/2021] El domingo 21 de noviembre comenz\u00f3 la primera Asamblea Eclesial Latinoamericana, que se extender\u00e1 hasta el domingo pr\u00f3ximo. Este encuentro, convocado por el Papa Francisco a fines de enero, se da en la Ciudad de M\u00e9xico y comenz\u00f3 con una misa desde la Bas\u00edlica de la Virgen de Guadalupe, patrona de Am\u00e9rica. [&hellip;]<\/p>\n","protected":false},"author":5,"featured_media":14503,"comment_status":"closed","ping_status":"closed","sticky":false,"template":"","format":"standard","meta":{"_monsterinsights_skip_tracking":false,"_monsterinsights_sitenote_active":false,"_monsterinsights_sitenote_note":"","_monsterinsights_sitenote_category":0,"jnews-multi-image_gallery":[],"jnews_single_post":{"format":"standard"},"jnews_primary_category":[],"_joinchat":[],"footnotes":""},"categories":[58],"tags":[150,146],"class_list":["post-14502","post","type-post","status-publish","format-standard","has-post-thumbnail","hentry","category-noticiariachuelo","tag-patria-grande","tag-religiosidad-popular"],"_links":{"self":[{"href":"http:\/\/fmriachuelo.it10.com.ar\/index.php\/wp-json\/wp\/v2\/posts\/14502","targetHints":{"allow":["GET"]}}],"collection":[{"href":"http:\/\/fmriachuelo.it10.com.ar\/index.php\/wp-json\/wp\/v2\/posts"}],"about":[{"href":"http:\/\/fmriachuelo.it10.com.ar\/index.php\/wp-json\/wp\/v2\/types\/post"}],"author":[{"embeddable":true,"href":"http:\/\/fmriachuelo.it10.com.ar\/index.php\/wp-json\/wp\/v2\/users\/5"}],"replies":[{"embeddable":true,"href":"http:\/\/fmriachuelo.it10.com.ar\/index.php\/wp-json\/wp\/v2\/comments?post=14502"}],"version-history":[{"count":1,"href":"http:\/\/fmriachuelo.it10.com.ar\/index.php\/wp-json\/wp\/v2\/posts\/14502\/revisions"}],"predecessor-version":[{"id":22353,"href":"http:\/\/fmriachuelo.it10.com.ar\/index.php\/wp-json\/wp\/v2\/posts\/14502\/revisions\/22353"}],"wp:featuredmedia":[{"embeddable":true,"href":"http:\/\/fmriachuelo.it10.com.ar\/index.php\/wp-json\/"}],"wp:attachment":[{"href":"http:\/\/fmriachuelo.it10.com.ar\/index.php\/wp-json\/wp\/v2\/media?parent=14502"}],"wp:term":[{"taxonomy":"category","embeddable":true,"href":"http:\/\/fmriachuelo.it10.com.ar\/index.php\/wp-json\/wp\/v2\/categories?post=14502"},{"taxonomy":"post_tag","embeddable":true,"href":"http:\/\/fmriachuelo.it10.com.ar\/index.php\/wp-json\/wp\/v2\/tags?post=14502"}],"curies":[{"name":"wp","href":"https:\/\/api.w.org\/{rel}","templated":true}]}}