{"id":14490,"date":"2021-11-23T21:55:48","date_gmt":"2021-11-23T21:55:48","guid":{"rendered":"http:\/\/fmriachuelo.com.ar\/?p=14490"},"modified":"2025-04-16T17:04:19","modified_gmt":"2025-04-16T20:04:19","slug":"movil-desde-la-5ta-marcha-de-la-gorra-en-caba","status":"publish","type":"post","link":"http:\/\/fmriachuelo.it10.com.ar\/index.php\/2021\/11\/23\/movil-desde-la-5ta-marcha-de-la-gorra-en-caba\/","title":{"rendered":"M\u00d3VIL DESDE LA 5TA MARCHA DE LA GORRA EN CABA"},"content":{"rendered":"<div class=\"kvgmc6g5 cxmmr5t8 oygrvhab hcukyx3x c1et5uql ii04i59q\">\n<div dir=\"auto\"><strong>[FM Riachuelo, 23\/11\/2021] Hoy se realiz\u00f3 la 5ta Marcha de la Gorra en CABA exigiendo justicia por Lucas Gonz\u00e1lez y todas las v\u00edctimas de gatillo f\u00e1cil. La marcha cont\u00f3 con mucha convocatoria y desde un m\u00f3vil en el lugar entrevistamos a Roxana Cainzos, referente del Merendero Madres Sembrando Conciencia.<\/strong><\/div>\n<\/div>\n<div class=\"o9v6fnle cxmmr5t8 oygrvhab hcukyx3x c1et5uql ii04i59q\">\n<div dir=\"auto\"><\/div>\n<div dir=\"auto\">Roxana enfatiz\u00f3 en la necesidad de terminar con los discursos de mano dura de la pol\u00edtica profesional que \u201cno va a fondo con las verdades que necesitamos cambiar, que son las desigualdades terribles que hay entre una clase social y otra\u201d, y resalt\u00f3 la importancia de la respuesta popular frente a estos casos: \u201cNosotros creemos que lo que m\u00e1s result\u00f3 es organizarse y luchar en las calles, que eso fue lo \u00fanico que logr\u00f3 que en un d\u00eda las versiones de los medios hegem\u00f3nicos cambien totalmente\u201d.<\/div>\n<div dir=\"auto\"><\/div>\n<\/div>\n<div class=\"o9v6fnle cxmmr5t8 oygrvhab hcukyx3x c1et5uql ii04i59q\">\n<div dir=\"auto\"><strong><a href=\"https:\/\/ar.radiocut.fm\/audiocut\/marcha-gorra-en-caba-justicia-por-lucas-gonzalez-y-victimas-gatillo-facil\/?fbclid=IwAR2FK1kWgWeJQkVZ0twTq_j4dB2wV95kq_YkAW940UCiGvOHadaPV8KuRqI\">Escuch\u00e1 el m\u00f3vil completo<\/a><\/strong><\/div>\n<\/div>\n","protected":false},"excerpt":{"rendered":"<p>[FM Riachuelo, 23\/11\/2021] Hoy se realiz\u00f3 la 5ta Marcha de la Gorra en CABA exigiendo justicia por Lucas Gonz\u00e1lez y todas las v\u00edctimas de gatillo f\u00e1cil. La marcha cont\u00f3 con mucha convocatoria y desde un m\u00f3vil en el lugar entrevistamos a Roxana Cainzos, referente del Merendero Madres Sembrando Conciencia. Roxana enfatiz\u00f3 en la necesidad de [&hellip;]<\/p>\n","protected":false},"author":5,"featured_media":14491,"comment_status":"closed","ping_status":"closed","sticky":false,"template":"","format":"standard","meta":{"_monsterinsights_skip_tracking":false,"_monsterinsights_sitenote_active":false,"_monsterinsights_sitenote_note":"","_monsterinsights_sitenote_category":0,"jnews-multi-image_gallery":[],"jnews_single_post":{"format":"standard"},"jnews_primary_category":[],"_joinchat":[],"footnotes":""},"categories":[58],"tags":[108,119,89],"class_list":["post-14490","post","type-post","status-publish","format-standard","has-post-thumbnail","hentry","category-noticiariachuelo","tag-comunicacion-popular","tag-derechos-humanos","tag-violencia-institucional"],"_links":{"self":[{"href":"http:\/\/fmriachuelo.it10.com.ar\/index.php\/wp-json\/wp\/v2\/posts\/14490","targetHints":{"allow":["GET"]}}],"collection":[{"href":"http:\/\/fmriachuelo.it10.com.ar\/index.php\/wp-json\/wp\/v2\/posts"}],"about":[{"href":"http:\/\/fmriachuelo.it10.com.ar\/index.php\/wp-json\/wp\/v2\/types\/post"}],"author":[{"embeddable":true,"href":"http:\/\/fmriachuelo.it10.com.ar\/index.php\/wp-json\/wp\/v2\/users\/5"}],"replies":[{"embeddable":true,"href":"http:\/\/fmriachuelo.it10.com.ar\/index.php\/wp-json\/wp\/v2\/comments?post=14490"}],"version-history":[{"count":1,"href":"http:\/\/fmriachuelo.it10.com.ar\/index.php\/wp-json\/wp\/v2\/posts\/14490\/revisions"}],"predecessor-version":[{"id":22355,"href":"http:\/\/fmriachuelo.it10.com.ar\/index.php\/wp-json\/wp\/v2\/posts\/14490\/revisions\/22355"}],"wp:featuredmedia":[{"embeddable":true,"href":"http:\/\/fmriachuelo.it10.com.ar\/index.php\/wp-json\/"}],"wp:attachment":[{"href":"http:\/\/fmriachuelo.it10.com.ar\/index.php\/wp-json\/wp\/v2\/media?parent=14490"}],"wp:term":[{"taxonomy":"category","embeddable":true,"href":"http:\/\/fmriachuelo.it10.com.ar\/index.php\/wp-json\/wp\/v2\/categories?post=14490"},{"taxonomy":"post_tag","embeddable":true,"href":"http:\/\/fmriachuelo.it10.com.ar\/index.php\/wp-json\/wp\/v2\/tags?post=14490"}],"curies":[{"name":"wp","href":"https:\/\/api.w.org\/{rel}","templated":true}]}}