{"id":1447,"date":"2016-03-29T15:06:00","date_gmt":"2016-03-29T15:06:00","guid":{"rendered":"http:\/\/fmriachuelo.observatorioess.org.ar\/index.php\/2016\/03\/29\/comunicado-de-telesur-frente-a-la-censura-del-gobierno-argentino\/"},"modified":"2016-03-29T15:06:00","modified_gmt":"2016-03-29T15:06:00","slug":"comunicado-de-telesur-frente-a-la-censura-del-gobierno-argentino","status":"publish","type":"post","link":"http:\/\/fmriachuelo.it10.com.ar\/index.php\/2016\/03\/29\/comunicado-de-telesur-frente-a-la-censura-del-gobierno-argentino\/","title":{"rendered":"COMUNICADO DE TELESUR FRENTE A LA CENSURA DEL GOBIERNO ARGENTINO"},"content":{"rendered":"<p><span><b>SIN PLURALIDAD DE VOCES, FAVORECER DISCURSO HEGEM\u00d3NICO<\/b><\/span><br \/><span style=\"background-color: white;color: #5f6569;font-size: 14px;line-height: 24px\"><span>NO VAN A DESAPARECER LA VERDAD, NO VAN A DESAPARECER A TELESUR &nbsp;<\/span><\/span><br \/><a href=\"https:\/\/2.bp.blogspot.com\/-qMx2bnAi_lY\/VvqZSreChNI\/AAAAAAAAIIo\/qlVrrPgBaaMEs63ZhhcNi-kf7GERLqd4w\/s1600\/telesur.jpg\" style=\"clear: left;float: left;margin-bottom: 1em;margin-right: 1em;text-align: center\"><img loading=\"lazy\" decoding=\"async\" border=\"0\" height=\"140\" src=\"https:\/\/2.bp.blogspot.com\/-qMx2bnAi_lY\/VvqZSreChNI\/AAAAAAAAIIo\/qlVrrPgBaaMEs63ZhhcNi-kf7GERLqd4w\/s200\/telesur.jpg\" width=\"200\" \/><\/a><br \/><span><\/span><\/p>\n<div style=\"text-align: justify\"><span>Este domingo en el diario argentino La Naci\u00f3n se anticip\u00f3 en una nota firmada por Jos\u00e9 Crettaz titulada \u201cEl Estado argentino se va de la cadena teleSUR\u201d, el retiro de ese pa\u00eds de este multimedio informativo. Esto significa que dejar\u00e1 de emitirse en la plataforma estatal de Televisi\u00f3n Digital Abierta (TDA) y tambi\u00e9n dejar\u00eda de ser obligatoria su inclusi\u00f3n en las grillas de los cables privados.<\/span><br \/><a name='more'><\/a><\/div>\n<p><span><\/p>\n<div style=\"text-align: justify\">El art\u00edculo recoge declaraciones del ministro de Medios, Hern\u00e1n Lombardi y del secretario de Comunicaci\u00f3n P\u00fablica Jorge Grecco, seg\u00fan las cuales habr\u00edan resuelto abandonar la se\u00f1al multiestatal integrada por Venezuela, Cuba, Ecuador, Bolivia, Nicaragua y Uruguay.<\/div>\n<div style=\"text-align: justify\">Tendenciosidad denota el art\u00edculo de La Naci\u00f3n para \u201cdefender\u201d el \u201cpluralismo\u201d de Mauricio Macri, quien decidi\u00f3 abandonar teleSUR, sin establecer comunicaci\u00f3n formal alguna con la directiva de este medio, como tampoco ante los canales diplom\u00e1ticos correspondientes. El mencionado funcionario del Estado argentino s\u00f3lo ha proferido declaraciones ante medios de comunicaci\u00f3n sin establecer ning\u00fan contacto, ni notificaci\u00f3n con la multiestatal.<\/div>\n<div style=\"text-align: justify\">Pero no es casual que sea este medio conservador el que diera la noticia este domingo de Pascua sobre la salida de teleSUR de Argentina. Son los mismos que a s\u00f3lo horas despu\u00e9s del triunfo de Mauricio Macri como Presidente publicaron una pol\u00e9mica editorial intitulada \u201cNo m\u00e1s venganza\u201d en la que pidieron la amnist\u00eda a los represores de la dictadura, texto que se gan\u00f3 el repudio de los argentinos en las redes sociales e incluso de los periodistas del propio medio.<\/div>\n<div style=\"text-align: justify\">El art\u00edculo publicado por la Naci\u00f3n en la que citan declaraciones del ministro de Medios, Hern\u00e1n Lombardi y del secretario de Comunicaci\u00f3n P\u00fablica Jorge Grecco, es una apuesta a la censura en nombre de la pluralidad que pregonan. Conozca lo que public\u00f3 La Naci\u00f3n para acompa\u00f1ar a la decisi\u00f3n del presidente Macri:<\/div>\n<div style=\"text-align: justify\">\u201cEl gobierno del presidente Mauricio Macri inici\u00f3 el tr\u00e1mite previsto en el convenio de cooperaci\u00f3n con Venezuela para abandonar la empresa propietaria de la se\u00f1al de noticias chavista\u201d<\/div>\n<div style=\"text-align: justify\">teleSUR es una experiencia comunicacional revolucionaria, un proyecto de integraci\u00f3n ideado por Hugo Ch\u00e1vez. Una fuente de informaci\u00f3n sin precedentes con m\u00e1s de 40 corresponsales en el mundo con la \u00fanica tarea que m\u00e1s ha molestado a las grandes cadenas medi\u00e1ticas de la oligarqu\u00eda: contar lo que los otros medios no cuentan.<\/div>\n<div style=\"text-align: justify\">Es una se\u00f1al que naci\u00f3 para la construcci\u00f3n de la independencia y soberan\u00eda sem\u00e1ntica de los pueblos, al servicio del ideal de integraci\u00f3n latinoamericana y caribe\u00f1a. \u00bfse\u00f1al de noticias chavista? Si mostrar la realidad por la v\u00eda de la informaci\u00f3n y no de la mercanc\u00eda noticiosa es ser chavista, entonces s\u00ed.<\/div>\n<div style=\"text-align: justify\">Es de destacar que este canal no ha recibido por ninguna v\u00eda oral o escrita, comunicaci\u00f3n alguna sobre el referido tr\u00e1mite para abandonar teleSUR. Nuestro \u00fanico encuentro con el citado ministro fue televisado y se produjo cuando este canal transmiti\u00f3 en vivo la entrevista exclusiva realizada a Lombardi por el conductor uruguayo V\u00edctor Hugo Morales durante nuestra cobertura especial en el marco del proceso electoral en la naci\u00f3n austral.<\/div>\n<div style=\"text-align: justify\">No hubo ninguna comunicaci\u00f3n entre el Ministro Lombardi y la Presidenta de nuestra cadena, por tanto no hubo ninguna discusi\u00f3n sobre temas editoriales ni period\u00edsticos.<\/div>\n<div style=\"text-align: justify\">Se\u00f1ala el texto de La Naci\u00f3n que la decisi\u00f3n que ya era esperada por el gobierno bolivariano, con el que el presidente Mauricio Macri est\u00e1 enfrentado desde antes de asumir por su reclamo de libertad a los presos pol\u00edticos en Venezuela.<\/div>\n<div style=\"text-align: justify\">El reclamo de Mauricio Macri no es por \u201cpresos pol\u00edticos\u201d, es por un pol\u00edtico preso llamado Leopoldo L\u00f3pez, que ide\u00f3 y promovi\u00f3 el plan golpista conocido como \u201cLa Salida\u201d (en alusi\u00f3n a la salida de Nicol\u00e1s Maduro de la presidencia de Venezuela).<\/div>\n<div style=\"text-align: justify\">Leopoldo L\u00f3pez fue condenado a 13 a\u00f1os y nueve meses de prisi\u00f3n por cuatro delitos en el marco de las protestas golpistas de 2014, que le costaron la vida a 43 venezolanos: asociaci\u00f3n para delinquir, instigaci\u00f3n p\u00fablica y determinador en los delitos de incendio y da\u00f1os.<\/div>\n<div style=\"text-align: justify\">Macri s\u00ed \u201caboga\u201d por la liberaci\u00f3n de dirigentes pol\u00edticos que han cometido delitos pero cuando se trata de su pa\u00eds, no. Por ejemplo, pidi\u00f3 a la Fiscal\u00eda abrir formalmente una causa para investigar a Hebe de Bonafini, presidenta de la Asociaci\u00f3n Madres de Plaza de Mayo, por cometer supuestos delitos de \u201cincitaci\u00f3n a la violencia colectiva\u201d cuando en realidad su llamado fue a \u201cresistir y confrontar\u201d las pol\u00edticas instauradas por su gobierno.<\/div>\n<div style=\"text-align: justify\">Lo mismo sucede con el caso de la diputada del Parlasur y dirigente social Milagro Sala, a quien el gobierno de Macri acusa del supuesto robo de dinero destinado a las cooperativas de la Tupac Amaru, en sinton\u00eda con lo que sostiene el gobernador de Jujuy Gerardo Morales. Pero resulta que nada de esto se encuentra en los motivos de detenci\u00f3n, que son bien claros: liderar un acampe en rechazo a una pol\u00edtica espec\u00edfica del Ejecutivo provincial.<\/div>\n<div style=\"text-align: justify\">Para La Naci\u00f3n, Macri reclama por los DD.HH. de Leopoldo L\u00f3pez pero deja a un lado que en su propio pa\u00eds viola los derechos a la libre protesta, permitiendo el uso de armas para reprimir manifestaciones.<\/div>\n<div style=\"text-align: justify\">\u201cNuestro pa\u00eds no ten\u00eda ninguna injerencia en los contenidos de la se\u00f1al ni en su gerenciamiento. Esta determinaci\u00f3n va en l\u00ednea con lo que nos hemos propuesto para los medios p\u00fablicos en t\u00e9rminos de pluralismo y austeridad\u201d.<\/div>\n<div style=\"text-align: justify\">En teleSUR apostamos a la construcci\u00f3n de una agenda propia apegada a los valores y c\u00f3digos deontol\u00f3gicos. Decimos no a los intereses personalistas que buscan inclinar la balanza de la realidad. En teleSUR la contrastaci\u00f3n de los hechos acompa\u00f1a nuestro c\u00f3digo de valores y el ejercicio period\u00edstico de nuestros m\u00e1s de 40 corresponsales y colaboradores en el mundo.<\/div>\n<div style=\"text-align: justify\">Con el lema, \u201cnuestro norte es el sur\u201d, la se\u00f1al -lanzada por el fallecido Hugo Ch\u00e1vez en 2005- naci\u00f3 con el objetivo de ser una voz alternativa al flujo informativo \u201chegem\u00f3nico\u201d y \u201cneoliberal\u201d pero de inmediato se convirti\u00f3 en vocera de los gobiernos populistas que la financiaron, entre ellos los de N\u00e9stor y Cristina Kirchner.<\/div>\n<div style=\"text-align: justify\">De los due\u00f1os del diario La Naci\u00f3n no puede esperarse nada dif<br \/>\nerente a que cumplan con su rol de clase, que los coloca del lado de los grandes medios y en contra de los derechos colectivos alcanzados en Am\u00e9rica Latina. Este proyecto lo integra no s\u00f3lo Venezuela sino tambi\u00e9n de Bolivia, Uruguay, Cuba, Ecuador y Nicaragua.<\/div>\n<div style=\"text-align: justify\"><\/div>\n<div style=\"text-align: justify\">Los contenidos period\u00edsticos que se elaboran en teleSUR (medio creado en 2005) tienen una l\u00ednea editorial de izquierda con audiencias en Am\u00e9rica Latina, Am\u00e9rica del Norte, el Caribe, Europa, Medio Oriente y parte de \u00c1frica, haciendo coberturas de la crisis de refugiados en el continente europeo, los desaparecidos en M\u00e9xico, la guerra en Colombia, el bloqueo contra Cuba, asesinatos raciales en EE.UU., entre otros.<\/div>\n<div style=\"text-align: justify\"><\/div>\n<div style=\"text-align: justify\">La Naci\u00f3n denomina \u201cpopulistas\u201d a los gobiernos que han logrado hist\u00f3ricos indicadores sociales en sus pa\u00edses. Espec\u00edficamente en el caso de los Kirchner, en m\u00e1s de 10 a\u00f1os lograron la reducci\u00f3n de la pobreza ; se contabilizan alrededor de 970 imputados por cr\u00edmenes de lesa humanidad durante la \u00faltima dictadura c\u00edvico-militar (1976 \u2013 1983).<\/div>\n<div style=\"text-align: justify\"><\/div>\n<div style=\"text-align: justify\">La d\u00e9cada K se apunta otros logros sociales, como el incremento de 66,1 por ciento a 94 por ciento en la tasa de cobertura de personas en condiciones de jubilaci\u00f3n.<\/div>\n<div style=\"text-align: justify\"><\/div>\n<div style=\"text-align: justify\">El hilo conductor de los gobiernos que La Naci\u00f3n denomina \u201cpopulistas\u201d es uno: el pueblo por encima de los intereses de las \u00e9lites poderosas. Con la Revoluci\u00f3n Bolivariana, Venezuela se convirti\u00f3 en el quinto pa\u00eds del mundo con mayor matr\u00edcula universitaria, seg\u00fan la Unesco.<\/div>\n<div style=\"text-align: justify\"><\/div>\n<div style=\"text-align: justify\">Efectivamente, el lema de este proyecto integracionista es \u201cnuestro norte es el sur\u201d, teleSUR no es vocera de gobiernos, es la voz de los pueblos, es televisi\u00f3n en vivo y en red con evidencias documentales y noticiosas que, a pesar de las amenazas de gobiernos de derecha y aunque intentaron bombardearla, no ha dejado de transmitir. No es una casualidad este anuncio del macrismo, es una arremetida m\u00e1s para censurar la informaci\u00f3n y para muestra esta cita publicada en el citado diario: \u201c\u2026 \u2018Una vez cumplida la notificaci\u00f3n se proceder\u00e1 a dar de baja la sucursal argentina de teleSUR que fuera inscripta en la Inspecci\u00f3n General de Justicia y registrada en el Registro de Se\u00f1ales de la por entonces Afsca y en la AFIP\u201d.<\/div>\n<div style=\"text-align: justify\"><\/div>\n<div style=\"text-align: justify\">Desde teleSUR nos preguntamos \u00bfSe defiende el pluralismo o se ha tomado la decisi\u00f3n de censurarnos? Lo publicado por el medio denota un abierto inter\u00e9s por desaparecer a teleSUR, que adem\u00e1s permanece inscrito como empresa en Argentina por lo que cualquier acci\u00f3n en contra para cerrar nuestra corresponsal\u00eda incurrir\u00eda en una abierta ilegalidad y lo denunciaremos como persecuci\u00f3n.<\/div>\n<div style=\"text-align: justify\"><\/div>\n<div style=\"text-align: justify\">teleSUR comenz\u00f3 a transmitir el 1 de julio de 2005, cuando algunos gobiernos de izquierda latinoamericanos ya operaban coordinadamente -como se confirmar\u00eda en noviembre de ese a\u00f1o en la Cumbre de las Am\u00e9ricas que sepult\u00f3 la idea de una integraci\u00f3n comercial continental.<\/div>\n<div style=\"text-align: justify\"><\/div>\n<div style=\"text-align: justify\">\u201cteleSUR es una se\u00f1al multiestatal de noticias que emite desde Caracas y es manejada por el gobierno del presidente venezolano, Nicol\u00e1s Maduro\u201d<\/div>\n<div style=\"text-align: justify\"><\/div>\n<div style=\"text-align: justify\">La Naci\u00f3n inunda su art\u00edculo con cr\u00edticas contra nuestra se\u00f1al y refleja su papel de acompa\u00f1ante de Mauricio Macri, distrayendo la atenci\u00f3n hacia Venezuela mostr\u00e1ndonos como un canal que es \u201cmanejado\u201d por el gobierno de Nicol\u00e1s Maduro, mientras que en Argentina el nuevo gobierno desmantela los mecanismos que garantizan la libertad de expresi\u00f3n del pueblo, anuncia eliminaci\u00f3n de subsidios a la electricidad y gas, deval\u00faa la moneda, ejecuta despidos masivos, nombra jueces por decreto, y entre otras medidas neoliberales.<\/div>\n<div style=\"text-align: justify\"><\/div>\n<div style=\"text-align: justify\">\u201cLa se\u00f1al fue la expresi\u00f3n de la alianza de Venezuela con el r\u00e9gimen iran\u00ed de Mahmud Ahmadineyad y con las Fuerzas Armadas Revolucionarias de Colombia\u201d<\/div>\n<div style=\"text-align: justify\"><\/div>\n<div style=\"text-align: justify\">L\u00e1stimosamente el autor del art\u00edculo de La Naci\u00f3n no comprende la diferencia sustancial entre un Estado que asume el papel de mediador entre las FARC y el gobierno de Colombia para poner fin a m\u00e1s de medio siglo de guerra, y un aliado pol\u00edtico.<\/div>\n<div style=\"text-align: justify\"><\/div>\n<div style=\"text-align: justify\">No podr\u00e1n contra a nuestros periodistas en Colombia lo que ha significado hacer periodismo en medio de un conflicto armado interno con acusaciones como \u00e9stas, que en otro momento hiciera el ex presidente \u00c1lvaro Uribe. Hoy el mundo reconoce que Colombia vive un conflicto y que debe ser resuelto por la v\u00eda del di\u00e1logo. La postura de teleSUR frente a los conflictos siempre ser\u00e1: ESTAR DEL LADO DE LAS V\u00cdCTIMAS.<\/div>\n<div style=\"text-align: justify\"><\/div>\n<div style=\"text-align: justify\">\u201cEsta determinaci\u00f3n va en l\u00ednea con lo que nos hemos propuesto para los medios p\u00fablicos en t\u00e9rminos de pluralismo y austeridad\u201d, argument\u00f3 el ministro de Medios y Contenidos P\u00fablicos, Hern\u00e1n Lombardi.<\/div>\n<div style=\"text-align: justify\"><\/div>\n<div style=\"text-align: justify\">Efectivamente con Macri \u201cCambiamos\u201d, \u00e9l busca la pluralidad eliminando se\u00f1ales, como la de teleSUR que se distribuye gratuitamente v\u00eda sat\u00e9lite a Am\u00e9rica, Europa, Asia y parte de \u00c1frica. \u201cAlgo magn\u00edfico para los pueblos debe estar haciendo teleSUR que tantas oligarqu\u00edas quieren enmudecerla\u201d, asever\u00f3 el fil\u00f3sofo mexicano Fernando Buen Abad.<\/div>\n<div style=\"text-align: justify\"><\/div>\n<div style=\"text-align: justify\">teleSUR ha mostrado las marchas de miles de argentinos contra el gobierno de Macri que a 100 d\u00edas de gobierno bati\u00f3 el r\u00e9cord de despidos dejando a miles argentinos sin trabajo. De hecho en abril pr\u00f3ximo el servicio del gas sufrir\u00e1 un aumento y est\u00e1n evaluando la posibilidad de incrementar el servicio del agua y la electricidad. Analistas calcularon que ser\u00e1 de 120 por ciento, lo que impactar\u00e1 en 40 y hasta 300 por ciento el pago de los mismos.<\/div>\n<div style=\"text-align: justify\"><\/div>\n<div style=\"text-align: justify\">\u00bfEs la l\u00ednea de Macri tapar las cr\u00edticas a su gobierno? \u00bfSe trata de pluralidad o censura?<\/div>\n<div style=\"text-align: justify\"><\/div>\n<div style=\"text-align: justify\">El programa de televisi\u00f3n Econom\u00eda Pol\u00edtica conducido por el periodista Roberto Navarro y transmitido por la se\u00f1al C5N en Argentina no fue transmitido el 20 de marzo luego de que se promocionara un an\u00e1lisis especial de tres horas denominado El socio del presidente, en el que se pretend\u00eda exponer los v\u00ednculos de Mauricio Macri con el empresario y amigo personal Nicol\u00e1s Caputo.<\/div>\n<div style=\"text-align: justify\"><\/div>\n<div style=\"text-align: justify\">El 18 de marzo el canal C5N fue allanado luego de que el Sistema Integrado Previsional Argentino (AFIP) se enterara por medio de un art\u00edculo del diario La Naci\u00f3n sobre una supuesta insolvencia fraudulenta de esta empresa.<\/div>\n<div style=\"text-align: justify\"><\/div>\n<div style=\"text-align: justify\">El 25 de diciembre de 2015, el presidente Macri orden\u00f3 la suspensi\u00f3n inmediata de la se\u00f1al del canal Senado TV hasta nuevo aviso.<\/div>\n<div style=\"text-align: justify\"><\/div>\n<div style=\"text-align: justify\">Asimismo, el 24 de noviembre de 2015 el presidente argentino anunci\u00f3 que sacar\u00eda del aire el programa \u201c6,7,8\u201d, un proyecto comunicacional kirchnerista de cr\u00edtica social y pol\u00edtica, transmiti<br \/>\ndo por la TV P\u00fablica.<\/div>\n<div style=\"text-align: justify\"><\/div>\n<div style=\"text-align: justify\">La se\u00f1al de teleSUR fue retirada el pasado 4 de marzo del paquete b\u00e1sico que ofrece Cablevisi\u00f3n en Argentina, sin argumentos legales y privando a millones de ARGENTINOS de disfrutar de 24 horas de informaci\u00f3n continua.<\/div>\n<div style=\"text-align: justify\"><\/div>\n<div style=\"text-align: justify\">teleSUR est\u00e1 presente en m\u00e1s de 90 cableoperadoras y mantiene convenios con m\u00e1s de 5 televisoras en abierto en diferentes provincias del pa\u00eds, alcanzando, hasta el 29 de febrero, m\u00e1s de 20 millones de potenciales televidentes y m\u00e1s de 8 millones de abonados.<\/div>\n<div style=\"text-align: justify\"><\/div>\n<div style=\"text-align: justify\">teleSUR reitera al pueblo argentino su amor, su incondicionalidad as\u00ed como el compromiso de hacer en cada jornada lo mejor que podamos hacer para contar nuestra regi\u00f3n de la mejor manera posible.<\/div>\n<div style=\"text-align: justify\"><\/div>\n<div style=\"text-align: justify\">Nuestro equipo en Argentina seguir\u00e1 trabajando y exigimos para ellos las condiciones para el ejercicio libre del periodismo.<\/div>\n<div style=\"text-align: justify\"><\/div>\n<div style=\"text-align: justify\">teleSUR reitera a los funcionarios del Gobierno de Mauricio Macri nuestra disposici\u00f3n al di\u00e1logo de los argumentos y las razones, as\u00ed como a la verdad para garantizar nuestro relacionamiento.<\/div>\n<div style=\"text-align: justify\"><\/div>\n<div style=\"text-align: justify\">No van a desaparecer la verdad, No van a desaparecer a teleSUR.<\/div>\n<div style=\"text-align: justify\"><\/div>\n<div style=\"text-align: justify\">En Caracas, a los 28 d\u00edas del mes de Marzo<\/div>\n<p><\/span><\/p>\n","protected":false},"excerpt":{"rendered":"<p>SIN PLURALIDAD DE VOCES, FAVORECER DISCURSO HEGEM\u00d3NICONO VAN A DESAPARECER LA VERDAD, NO VAN A DESAPARECER A TELESUR &nbsp; Este domingo en el diario argentino La Naci\u00f3n se anticip\u00f3 en una nota firmada por Jos\u00e9 Crettaz titulada \u201cEl Estado argentino se va de la cadena teleSUR\u201d, el retiro de ese pa\u00eds de este multimedio informativo. [&hellip;]<\/p>\n","protected":false},"author":4,"featured_media":0,"comment_status":"open","ping_status":"open","sticky":false,"template":"","format":"standard","meta":{"_monsterinsights_skip_tracking":false,"_monsterinsights_sitenote_active":false,"_monsterinsights_sitenote_note":"","_monsterinsights_sitenote_category":0,"jnews-multi-image_gallery":[],"jnews_single_post":[],"jnews_primary_category":[],"_joinchat":[],"footnotes":""},"categories":[1],"tags":[],"class_list":["post-1447","post","type-post","status-publish","format-standard","hentry","category-habitat"],"_links":{"self":[{"href":"http:\/\/fmriachuelo.it10.com.ar\/index.php\/wp-json\/wp\/v2\/posts\/1447","targetHints":{"allow":["GET"]}}],"collection":[{"href":"http:\/\/fmriachuelo.it10.com.ar\/index.php\/wp-json\/wp\/v2\/posts"}],"about":[{"href":"http:\/\/fmriachuelo.it10.com.ar\/index.php\/wp-json\/wp\/v2\/types\/post"}],"author":[{"embeddable":true,"href":"http:\/\/fmriachuelo.it10.com.ar\/index.php\/wp-json\/wp\/v2\/users\/4"}],"replies":[{"embeddable":true,"href":"http:\/\/fmriachuelo.it10.com.ar\/index.php\/wp-json\/wp\/v2\/comments?post=1447"}],"version-history":[{"count":0,"href":"http:\/\/fmriachuelo.it10.com.ar\/index.php\/wp-json\/wp\/v2\/posts\/1447\/revisions"}],"wp:attachment":[{"href":"http:\/\/fmriachuelo.it10.com.ar\/index.php\/wp-json\/wp\/v2\/media?parent=1447"}],"wp:term":[{"taxonomy":"category","embeddable":true,"href":"http:\/\/fmriachuelo.it10.com.ar\/index.php\/wp-json\/wp\/v2\/categories?post=1447"},{"taxonomy":"post_tag","embeddable":true,"href":"http:\/\/fmriachuelo.it10.com.ar\/index.php\/wp-json\/wp\/v2\/tags?post=1447"}],"curies":[{"name":"wp","href":"https:\/\/api.w.org\/{rel}","templated":true}]}}