{"id":14467,"date":"2021-11-20T00:04:33","date_gmt":"2021-11-20T00:04:33","guid":{"rendered":"http:\/\/fmriachuelo.com.ar\/?p=14467"},"modified":"2025-04-16T17:05:12","modified_gmt":"2025-04-16T20:05:12","slug":"misa-en-memoria-de-lucas-gonzalez","status":"publish","type":"post","link":"http:\/\/fmriachuelo.it10.com.ar\/index.php\/2021\/11\/20\/misa-en-memoria-de-lucas-gonzalez\/","title":{"rendered":"MISA EN MEMORIA DE LUCAS GONZALEZ"},"content":{"rendered":"<p><strong>[FM Riachuelo, 19\/11\/2021] <\/strong><strong>Este viernes a las 17 hs familiares, amigos y vecinos <\/strong><strong>del barrio de Barracas se congregaron en la intersecci\u00f3n de la calle Luna e Iriarte, Villa 21-24, para participar de la misa en memoria de Lucas Gonz\u00e1lez, el joven futbolista de Barracas Central, asesinado por la Polic\u00eda de la Ciudad.<\/strong><\/p>\n<p><img loading=\"lazy\" decoding=\"async\" class=\"size-medium wp-image-14471 alignleft\" src=\"http:\/\/fmriachuelo.com.ar\/wp-content\/uploads\/2021\/11\/WhatsApp-Image-2021-11-19-at-18.14.36-225x300.jpeg\" alt=\"\" width=\"225\" height=\"300\" \/>La misa fue oficiada por el Padre Lorenzo \u201cToto\u201d de Vedia, sacerdote de la parroquia \u00a0Virgen de los Milagros de Caacup\u00e9 y el Obispo Gustavo Carrara. La gravedad del hecho gener\u00f3 la participaci\u00f3n de Curas de los barrios vecinos, ocupados de los flagelos que padecen los m\u00e1s humildes, entre ellos el Padre Pedro del Barrio de la Boca.<\/p>\n<p>Una vez iniciada la misma, el padre Toto ley\u00f3 un\u00a0<strong>documento del Equipo de Sacerdotes\u00a0<\/strong>para las Villas y Barrios Populares de la Ciudad y la provincia de Buenos Aires, en el cual manifestaron: \u201cSabemos que <strong>la violencia institucional en nuestros barrios\u00a0no es cosa nueva<\/strong>, lo venimos advirtiendo desde hace a\u00f1os\u201c, adem\u00e1s \u00a0se\u00f1alaron que \u201c<strong>la no dedicaci\u00f3n a corregir estos errores es tambi\u00e9n la causa<\/strong> de este\u00a0hecho aberrante\u00bb. \u00abSi no se cambia, seguir\u00e1 habiendo este tipo de muertes, como sigue habiendo abusos de autoridad y violencia en el accionar de estas fuerzas de seguridad\u201c, agregaron.<\/p>\n<p>Los concurrentes portaban carteles con leyendas como <strong>\u00abJusticia Por Lucas\u00bb,<\/strong> <strong>\u201cBasta de Gatillo F\u00e1cil\u201d<\/strong> y con un reclamo que se escucha muy seguido en los barrios del sur de la ciudad <strong>\u201cBasta de violencia institucional y de criminalizar a los j\u00f3venes\u00bb<\/strong>. Entre los reclamos varios vecinos gritaron <strong>\u201cQue no nos maten m\u00e1s a los pibes\u201d<\/strong>, reclamo al que se uni\u00f3 el Padre Toto volviendo a repetirlo ante todos los medios de prensa presentes en el lugar.<\/p>\n<p><img loading=\"lazy\" decoding=\"async\" class=\"alignnone size-medium wp-image-14470\" src=\"http:\/\/fmriachuelo.com.ar\/wp-content\/uploads\/2021\/11\/WhatsApp-Image-2021-11-19-at-18.14.35-3-300x225.jpeg\" alt=\"\" width=\"300\" height=\"225\" \/> <img loading=\"lazy\" decoding=\"async\" class=\"alignnone size-medium wp-image-14469\" src=\"http:\/\/fmriachuelo.com.ar\/wp-content\/uploads\/2021\/11\/WhatsApp-Image-2021-11-19-at-18.14.35-2-300x225.jpeg\" alt=\"\" width=\"300\" height=\"225\" \/><\/p>\n<p>Tras la finalizaci\u00f3n de la misa todos los participantes se unieron al grito de <strong>\u201cLucas Presente ahora y siempre\u201d<\/strong><\/p>\n","protected":false},"excerpt":{"rendered":"<p>[FM Riachuelo, 19\/11\/2021] Este viernes a las 17 hs familiares, amigos y vecinos del barrio de Barracas se congregaron en la intersecci\u00f3n de la calle Luna e Iriarte, Villa 21-24, para participar de la misa en memoria de Lucas Gonz\u00e1lez, el joven futbolista de Barracas Central, asesinado por la Polic\u00eda de la Ciudad. La misa [&hellip;]<\/p>\n","protected":false},"author":5,"featured_media":14468,"comment_status":"closed","ping_status":"closed","sticky":false,"template":"","format":"standard","meta":{"_monsterinsights_skip_tracking":false,"_monsterinsights_sitenote_active":false,"_monsterinsights_sitenote_note":"","_monsterinsights_sitenote_category":0,"jnews-multi-image_gallery":[],"jnews_single_post":{"format":"standard"},"jnews_primary_category":[],"_joinchat":[],"footnotes":""},"categories":[58],"tags":[119,146,89],"class_list":["post-14467","post","type-post","status-publish","format-standard","has-post-thumbnail","hentry","category-noticiariachuelo","tag-derechos-humanos","tag-religiosidad-popular","tag-violencia-institucional"],"_links":{"self":[{"href":"http:\/\/fmriachuelo.it10.com.ar\/index.php\/wp-json\/wp\/v2\/posts\/14467","targetHints":{"allow":["GET"]}}],"collection":[{"href":"http:\/\/fmriachuelo.it10.com.ar\/index.php\/wp-json\/wp\/v2\/posts"}],"about":[{"href":"http:\/\/fmriachuelo.it10.com.ar\/index.php\/wp-json\/wp\/v2\/types\/post"}],"author":[{"embeddable":true,"href":"http:\/\/fmriachuelo.it10.com.ar\/index.php\/wp-json\/wp\/v2\/users\/5"}],"replies":[{"embeddable":true,"href":"http:\/\/fmriachuelo.it10.com.ar\/index.php\/wp-json\/wp\/v2\/comments?post=14467"}],"version-history":[{"count":1,"href":"http:\/\/fmriachuelo.it10.com.ar\/index.php\/wp-json\/wp\/v2\/posts\/14467\/revisions"}],"predecessor-version":[{"id":22356,"href":"http:\/\/fmriachuelo.it10.com.ar\/index.php\/wp-json\/wp\/v2\/posts\/14467\/revisions\/22356"}],"wp:featuredmedia":[{"embeddable":true,"href":"http:\/\/fmriachuelo.it10.com.ar\/index.php\/wp-json\/"}],"wp:attachment":[{"href":"http:\/\/fmriachuelo.it10.com.ar\/index.php\/wp-json\/wp\/v2\/media?parent=14467"}],"wp:term":[{"taxonomy":"category","embeddable":true,"href":"http:\/\/fmriachuelo.it10.com.ar\/index.php\/wp-json\/wp\/v2\/categories?post=14467"},{"taxonomy":"post_tag","embeddable":true,"href":"http:\/\/fmriachuelo.it10.com.ar\/index.php\/wp-json\/wp\/v2\/tags?post=14467"}],"curies":[{"name":"wp","href":"https:\/\/api.w.org\/{rel}","templated":true}]}}