{"id":1444,"date":"2016-03-31T13:20:00","date_gmt":"2016-03-31T13:20:00","guid":{"rendered":"http:\/\/fmriachuelo.observatorioess.org.ar\/index.php\/2016\/03\/31\/o-s-y-p-los-pibes-se-pronuncia-frente-a-la-decision-de-entrega-a-los-fondos-buitres\/"},"modified":"2016-03-31T13:20:00","modified_gmt":"2016-03-31T13:20:00","slug":"o-s-y-p-los-pibes-se-pronuncia-frente-a-la-decision-de-entrega-a-los-fondos-buitres","status":"publish","type":"post","link":"http:\/\/fmriachuelo.it10.com.ar\/index.php\/2016\/03\/31\/o-s-y-p-los-pibes-se-pronuncia-frente-a-la-decision-de-entrega-a-los-fondos-buitres\/","title":{"rendered":"O.S.y P. LOS PIBES SE PRONUNCIA FRENTE A LA DECISI\u00d3N DE ENTREGA A LOS FONDOS BUITRES"},"content":{"rendered":"<div style=\"clear: both;text-align: justify\"><b style=\"color: red;font-size: x-large\"><span style=\"font-family: Verdana, sans-serif\">PATRIA O BUITRES<\/span><\/b><\/div>\n<div style=\"clear: both;text-align: center\"><a href=\"https:\/\/3.bp.blogspot.com\/-Jd8ON1zyj90\/Vv0j0slWKyI\/AAAAAAAAIJs\/jq5TgLS02PQrz17bHMVIWm-14mL8ml7zw\/s1600\/los%2Bpibes%2Bsin%2Bctep.jpg\" style=\"clear: left;float: left;margin-bottom: 1em;margin-right: 1em\"><span style=\"font-family: Verdana, sans-serif\"><img loading=\"lazy\" decoding=\"async\" border=\"0\" height=\"66\" src=\"https:\/\/3.bp.blogspot.com\/-Jd8ON1zyj90\/Vv0j0slWKyI\/AAAAAAAAIJs\/jq5TgLS02PQrz17bHMVIWm-14mL8ml7zw\/s400\/los%2Bpibes%2Bsin%2Bctep.jpg\" width=\"400\" \/><\/span><\/a><\/div>\n<p><span style=\"font-family: Verdana, sans-serif\"><\/p>\n<p><\/span><\/p>\n<div>\n<div style=\"text-align: right\"><b style=\"font-family: Verdana, sans-serif\"><i><br \/><\/i><\/b><\/div>\n<div style=\"text-align: right\"><b style=\"font-family: Verdana, sans-serif\"><i>\u00abSobre las cenizas de los traidores&nbsp;<\/i><\/b><\/div>\n<p><span style=\"font-family: Verdana, sans-serif\"><\/p>\n<div style=\"text-align: right\"><b><i>construiremos la Patria de los humildes<\/i><\/b><\/div>\n<p><b><\/p>\n<div style=\"text-align: right\"><b><i>Evita<\/i><\/b><\/div>\n<p><\/b>Ellos saben que nuestro noble Pueblo no tolerar\u00e1 la opresi\u00f3n del d\u00e9spota. <br \/>Desde nuestra humilde pero firme actitud militante, llamamos a organizar la resistencia popular contra la salvaje agresi\u00f3n de esta tiran\u00eda local, adoradora del \u00abDios dinero\u00bb y servil a los intereses del imperio.<\/p>\n<div style=\"text-align: center\"><b>SIN JUSTICIA SOCIAL<\/b><\/div>\n<p><b><\/p>\n<div style=\"text-align: center\"><b>NO HAY PAZ NI DEMOCRACIA<\/b><\/div>\n<p><\/b>S\u00f3lo con la mayor unidad del movimiento popular y sus organizaciones, vertebrando una fuerza popular organizada,&nbsp;ser\u00e1 posible enfrentar y vencer al poder f\u00e1ctico que ha logrado atrincherarse en el gobierno nacional.<br \/>Es ahora y es urgente.<\/p>\n<div style=\"text-align: center\"><b>CUANDO LA TIRAN\u00cdA ES LEY,<\/b><\/div>\n<div style=\"text-align: center\"><b>LA REBELI\u00d3N ES JUSTICIA<\/b><\/div>\n<p><\/span><\/p>\n<div><\/p>\n<div style=\"background-color: white;color: #444444;font-family: Calibri, sans-serif;font-size: 15px;line-height: 21.3px;text-align: center\"><\/div>\n<\/div>\n<\/div>\n","protected":false},"excerpt":{"rendered":"<p>PATRIA O BUITRES \u00abSobre las cenizas de los traidores&nbsp; construiremos la Patria de los humildes Evita Ellos saben que nuestro noble Pueblo no tolerar\u00e1 la opresi\u00f3n del d\u00e9spota. Desde nuestra humilde pero firme actitud militante, llamamos a organizar la resistencia popular contra la salvaje agresi\u00f3n de esta tiran\u00eda local, adoradora del \u00abDios dinero\u00bb y servil [&hellip;]<\/p>\n","protected":false},"author":4,"featured_media":0,"comment_status":"open","ping_status":"open","sticky":false,"template":"","format":"standard","meta":{"_monsterinsights_skip_tracking":false,"_monsterinsights_sitenote_active":false,"_monsterinsights_sitenote_note":"","_monsterinsights_sitenote_category":0,"jnews-multi-image_gallery":[],"jnews_single_post":[],"jnews_primary_category":[],"_joinchat":[],"footnotes":""},"categories":[1],"tags":[],"class_list":["post-1444","post","type-post","status-publish","format-standard","hentry","category-habitat"],"_links":{"self":[{"href":"http:\/\/fmriachuelo.it10.com.ar\/index.php\/wp-json\/wp\/v2\/posts\/1444","targetHints":{"allow":["GET"]}}],"collection":[{"href":"http:\/\/fmriachuelo.it10.com.ar\/index.php\/wp-json\/wp\/v2\/posts"}],"about":[{"href":"http:\/\/fmriachuelo.it10.com.ar\/index.php\/wp-json\/wp\/v2\/types\/post"}],"author":[{"embeddable":true,"href":"http:\/\/fmriachuelo.it10.com.ar\/index.php\/wp-json\/wp\/v2\/users\/4"}],"replies":[{"embeddable":true,"href":"http:\/\/fmriachuelo.it10.com.ar\/index.php\/wp-json\/wp\/v2\/comments?post=1444"}],"version-history":[{"count":0,"href":"http:\/\/fmriachuelo.it10.com.ar\/index.php\/wp-json\/wp\/v2\/posts\/1444\/revisions"}],"wp:attachment":[{"href":"http:\/\/fmriachuelo.it10.com.ar\/index.php\/wp-json\/wp\/v2\/media?parent=1444"}],"wp:term":[{"taxonomy":"category","embeddable":true,"href":"http:\/\/fmriachuelo.it10.com.ar\/index.php\/wp-json\/wp\/v2\/categories?post=1444"},{"taxonomy":"post_tag","embeddable":true,"href":"http:\/\/fmriachuelo.it10.com.ar\/index.php\/wp-json\/wp\/v2\/tags?post=1444"}],"curies":[{"name":"wp","href":"https:\/\/api.w.org\/{rel}","templated":true}]}}