{"id":1443,"date":"2016-04-01T20:05:00","date_gmt":"2016-04-01T20:05:00","guid":{"rendered":"http:\/\/fmriachuelo.observatorioess.org.ar\/index.php\/2016\/04\/01\/desalojo-de-casa-pavon-4127-fue-suspendido-por-la-accion-colectiva\/"},"modified":"2016-04-01T20:05:00","modified_gmt":"2016-04-01T20:05:00","slug":"desalojo-de-casa-pavon-4127-fue-suspendido-por-la-accion-colectiva","status":"publish","type":"post","link":"http:\/\/fmriachuelo.it10.com.ar\/index.php\/2016\/04\/01\/desalojo-de-casa-pavon-4127-fue-suspendido-por-la-accion-colectiva\/","title":{"rendered":"DESALOJO DE CASA PAV\u00d3N 4127 FUE SUSPENDIDO POR LA ACCI\u00d3N COLECTIVA"},"content":{"rendered":"<p><span><b>LUCHA COLECTIVA Y ORGANIZADA = LUCHA GANADA<\/b><\/span><\/p>\n<div style=\"text-align: justify\">\n<div style=\"clear: both;text-align: center\"><\/div>\n<p><a href=\"https:\/\/1.bp.blogspot.com\/-O1hqeeNP4cE\/Vv_RO54Jk6I\/AAAAAAAAIK0\/0AQO-IAH5YoGSDZqFucUuiAkc4LUaB4kA\/s1600\/IMG-20160401-WA0003R.jpg\" style=\"clear: left;float: left;margin-bottom: 1em;margin-right: 1em\"><img loading=\"lazy\" decoding=\"async\" border=\"0\" height=\"214\" src=\"https:\/\/1.bp.blogspot.com\/-O1hqeeNP4cE\/Vv_RO54Jk6I\/AAAAAAAAIK0\/0AQO-IAH5YoGSDZqFucUuiAkc4LUaB4kA\/s320\/IMG-20160401-WA0003R.jpg\" width=\"320\" \/><\/a><span>[FMR 01\/04\/16] En una hist\u00f3rica conquista los habitantes de la casa Pav\u00f3n 4127 lograron un acuerdo con la Ciudad de Buenos Aires, con participaci\u00f3n del Gobierno Nacional para abrir un comp\u00e1s de espera de 90 d\u00edas para aplazar la medida de desalojo. El acuerdo se firm\u00f3 con el IVC Instituto de Vivienda de la Ciudad que otorgaron 12 cr\u00e9ditos por la ley 341, de esta ciudad, &nbsp;que permitir\u00e1 la adquisici\u00f3n de un inmueble que se halla en las cercan\u00edas. La Naci\u00f3n acord\u00f3 una inversi\u00f3n para el inmueble, citado, que permitir\u00e1 su refacci\u00f3n. El acuerdo fue el resultado de la lucha organizada y la presi\u00f3n que ejerci\u00f3 la presencia de un gran n\u00famero de organizaciones populares para respaldar a las 37 familas que viven en el lugar.&nbsp;<\/span><\/div>\n<div style=\"clear: both;text-align: center\"><\/div>\n<p><\/p>\n<div style=\"text-align: justify\"><span><\/span><\/div>\n<div style=\"text-align: justify\"><a href=\"https:\/\/1.bp.blogspot.com\/-u7xrPLslGnU\/Vv_RqOa99mI\/AAAAAAAAIK8\/UjsOP_7pgXck_mfSvXwJ-toYcsUU8yM1g\/s1600\/20160402065439.jpg\" style=\"clear: right;float: right;margin-bottom: 1em;margin-left: 1em\"><img loading=\"lazy\" decoding=\"async\" border=\"0\" height=\"179\" src=\"https:\/\/1.bp.blogspot.com\/-u7xrPLslGnU\/Vv_RqOa99mI\/AAAAAAAAIK8\/UjsOP_7pgXck_mfSvXwJ-toYcsUU8yM1g\/s320\/20160402065439.jpg\" width=\"320\" \/><\/a><span>Un numeroso grupo de organizaciones sociales y pol\u00edticas se hicieron presentes en la tarde de ayer para acompa\u00f1ar a las 37 familias de la casa de Pav\u00f3n 4127 para resistir frente a la orden de desalojo, &nbsp;que se har\u00eda efectiva el d\u00eda de hoy, y cuya masiva presencia hizo que se llegara a un acuerdo. &nbsp;<\/span><\/div>\n<div style=\"text-align: justify\"><span>En la ma\u00f1ana de ayer, de manera imprevista, la empresa Edesur se hizo presente junto al personal policial para intentar cortar la luz, en una medida de presi\u00f3n que anticipaba el desalojo del d\u00eda siguiente. Se logr\u00f3 impedir esta medida de amedrentamiento que intentaba expulsar a las familias del lugar.&nbsp;<\/span><\/div>\n<div style=\"text-align: justify\">\n<div style=\"clear: both;text-align: center\"><a href=\"https:\/\/2.bp.blogspot.com\/-Ktz84eDLhJo\/Vv_SrJ5yx7I\/AAAAAAAAILI\/58wST51GL6kRinTz2A9yPH3AfflE5imMQ\/s1600\/IMG-20160331-WA0013.jpg\" style=\"clear: left;float: left;margin-bottom: 1em;margin-right: 1em\"><img loading=\"lazy\" decoding=\"async\" border=\"0\" height=\"179\" src=\"https:\/\/2.bp.blogspot.com\/-Ktz84eDLhJo\/Vv_SrJ5yx7I\/AAAAAAAAILI\/58wST51GL6kRinTz2A9yPH3AfflE5imMQ\/s320\/IMG-20160331-WA0013.jpg\" width=\"320\" \/><\/a><\/div>\n<p><span>Como respuesta a la presi\u00f3n las organizaciones sociales, y vecinos de la zona dedidieron hacer una vigilia durante toda la noche para resistir frente a la medida que iba a dejar a las familias junto a los 60 ni\u00f1os en la calle, sin respuesta.&nbsp;<\/span><span>En las \u00faltimas horas de la tarde de ayer se realiz\u00f3 un festival que diera comienzo a la vigilia con la alegr\u00eda de compartir la lucha. <\/span><span>&nbsp;<\/span><\/p>\n<p><span>En el d\u00eda de hoy se hicieron presentes en el lugar funcionarios del IVC junto a abogados de la Defensor\u00eda General de la Naci\u00f3n, abogados de la empresa titulares de la propiedad, Defensor\u00eda de Menores que luego de largas deliberaciones lograron llegar a un acuerdo hist\u00f3rico que derrot\u00f3 la injusticia que se intentaba cometer contra las familias. En medio de gran emoci\u00f3n las familias junto a los presentes celebraron la conquista ganada por la lucha.&nbsp;<\/span><\/div>\n<div style=\"text-align: justify\"><\/div>\n<div style=\"clear: both;text-align: center\"><\/div>\n<div style=\"clear: both;text-align: center\"><a href=\"https:\/\/4.bp.blogspot.com\/-qccyGZz6cKs\/Vv7T5CvTa6I\/AAAAAAAAIKU\/s6K0z1IRjBomu79Un4Oe6-tzQFuUEuivA\/s1600\/pavon%2B4.jpg\" style=\"margin-left: 1em;margin-right: 1em\"><img loading=\"lazy\" decoding=\"async\" border=\"0\" height=\"320\" src=\"https:\/\/4.bp.blogspot.com\/-qccyGZz6cKs\/Vv7T5CvTa6I\/AAAAAAAAIKU\/s6K0z1IRjBomu79Un4Oe6-tzQFuUEuivA\/s320\/pavon%2B4.jpg\" width=\"180\" \/><\/a><a href=\"https:\/\/3.bp.blogspot.com\/-QM8EvaYcq4k\/Vv7MlrJWsgI\/AAAAAAAAIKE\/CRUmRbQPGYQZx5xavjXXcd55cRLLeEAIw\/s1600\/pavon%2B2.jpg\" style=\"margin-left: 1em;margin-right: 1em\"><img loading=\"lazy\" decoding=\"async\" border=\"0\" height=\"320\" src=\"https:\/\/3.bp.blogspot.com\/-QM8EvaYcq4k\/Vv7MlrJWsgI\/AAAAAAAAIKE\/CRUmRbQPGYQZx5xavjXXcd55cRLLeEAIw\/s320\/pavon%2B2.jpg\" width=\"179\" \/><\/a><\/div>\n<div style=\"clear: both;text-align: center\"><a href=\"https:\/\/3.bp.blogspot.com\/-mTQSJcYxg2E\/Vv_UTf_PVqI\/AAAAAAAAILU\/pOkMgmK_Ha0e4a1Ad9jcuR1xIJUdHkcmg\/s1600\/20160402065439%25281%2529.jpg\" style=\"margin-left: 1em;margin-right: 1em\"><img loading=\"lazy\" decoding=\"async\" border=\"0\" height=\"232\" src=\"https:\/\/3.bp.blogspot.com\/-mTQSJcYxg2E\/Vv_UTf_PVqI\/AAAAAAAAILU\/pOkMgmK_Ha0e4a1Ad9jcuR1xIJUdHkcmg\/s400\/20160402065439%25281%2529.jpg\" width=\"400\" \/><\/a><\/div>\n<p><\/p>\n<div style=\"text-align: justify\"><span><br \/><\/span><\/div>\n","protected":false},"excerpt":{"rendered":"<p>LUCHA COLECTIVA Y ORGANIZADA = LUCHA GANADA [FMR 01\/04\/16] En una hist\u00f3rica conquista los habitantes de la casa Pav\u00f3n 4127 lograron un acuerdo con la Ciudad de Buenos Aires, con participaci\u00f3n del Gobierno Nacional para abrir un comp\u00e1s de espera de 90 d\u00edas para aplazar la medida de desalojo. El acuerdo se firm\u00f3 con el [&hellip;]<\/p>\n","protected":false},"author":4,"featured_media":0,"comment_status":"open","ping_status":"open","sticky":false,"template":"","format":"standard","meta":{"_monsterinsights_skip_tracking":false,"_monsterinsights_sitenote_active":false,"_monsterinsights_sitenote_note":"","_monsterinsights_sitenote_category":0,"jnews-multi-image_gallery":[],"jnews_single_post":[],"jnews_primary_category":[],"_joinchat":[],"footnotes":""},"categories":[1],"tags":[],"class_list":["post-1443","post","type-post","status-publish","format-standard","hentry","category-habitat"],"_links":{"self":[{"href":"http:\/\/fmriachuelo.it10.com.ar\/index.php\/wp-json\/wp\/v2\/posts\/1443","targetHints":{"allow":["GET"]}}],"collection":[{"href":"http:\/\/fmriachuelo.it10.com.ar\/index.php\/wp-json\/wp\/v2\/posts"}],"about":[{"href":"http:\/\/fmriachuelo.it10.com.ar\/index.php\/wp-json\/wp\/v2\/types\/post"}],"author":[{"embeddable":true,"href":"http:\/\/fmriachuelo.it10.com.ar\/index.php\/wp-json\/wp\/v2\/users\/4"}],"replies":[{"embeddable":true,"href":"http:\/\/fmriachuelo.it10.com.ar\/index.php\/wp-json\/wp\/v2\/comments?post=1443"}],"version-history":[{"count":0,"href":"http:\/\/fmriachuelo.it10.com.ar\/index.php\/wp-json\/wp\/v2\/posts\/1443\/revisions"}],"wp:attachment":[{"href":"http:\/\/fmriachuelo.it10.com.ar\/index.php\/wp-json\/wp\/v2\/media?parent=1443"}],"wp:term":[{"taxonomy":"category","embeddable":true,"href":"http:\/\/fmriachuelo.it10.com.ar\/index.php\/wp-json\/wp\/v2\/categories?post=1443"},{"taxonomy":"post_tag","embeddable":true,"href":"http:\/\/fmriachuelo.it10.com.ar\/index.php\/wp-json\/wp\/v2\/tags?post=1443"}],"curies":[{"name":"wp","href":"https:\/\/api.w.org\/{rel}","templated":true}]}}