{"id":14425,"date":"2021-11-16T22:46:00","date_gmt":"2021-11-16T22:46:00","guid":{"rendered":"http:\/\/fmriachuelo.com.ar\/?p=14425"},"modified":"2025-04-16T17:08:31","modified_gmt":"2025-04-16T20:08:31","slug":"encuentro-la-educacion-en-crisis-las-practicas-educativas-desde-los-territorios","status":"publish","type":"post","link":"http:\/\/fmriachuelo.it10.com.ar\/index.php\/2021\/11\/16\/encuentro-la-educacion-en-crisis-las-practicas-educativas-desde-los-territorios\/","title":{"rendered":"ENCUENTRO \u00ab\u00bfLA EDUCACI\u00d3N EN CRISIS? LAS PR\u00c1CTICAS EDUCATIVAS DESDE LOS TERRITORIOS\u00bb"},"content":{"rendered":"<p><strong>[FM Riachuelo, 16\/11\/2021] El S\u00e1bado\u00a013 de Noviembre se realiz\u00f3 un encuentro que se titul\u00f3 \u00ab\u00bfLa Educaci\u00f3n en crisis? Las pr\u00e1cticas educativas desde los territorios\u00bb. Este encuentro se dio entre distintas experiencias educativas y recreativas con infancias dentro del Movimiento\u00a0Popular Los Pibes, para debatir sobre la situaci\u00f3n cr\u00edtica en la que se encuentra hoy la educaci\u00f3n, y para pensar alternativas en base a las vivencias de los distintos espacios. El encuentro tuvo lugar en la Casa Popular El Fog\u00f3n\u00a0de Gerli, Avellaneda y cont\u00f3 con la participaci\u00f3n de compa\u00f1erxs de Biblioteca y Talleres Donde Viven Los Libros (DVL), El Fog\u00f3n\u00a0de Villa Tranquila, Comunidad Milpa, Comedor Juntos y Unidos y el Taller de juegos de la FM Riachuelo.<\/strong><\/p>\n<p>El encuentro const\u00f3 de tres momentos: primero, se realizaron tres actividades l\u00fadicas para preparar la segunda parte que fue el debate entre los espacios, sobre la cr\u00edtica situaci\u00f3n en las que se encuentran las infancias a nivel educativo, social y alimentario. En la \u00faltima parte del encuentro, compartimos algunas conclusiones y preguntas nuevas para seguir pensando alternativas para las infancias y sobre todo pensar otro mundo posible para el futuro.<\/p>\n<p><img loading=\"lazy\" decoding=\"async\" class=\" wp-image-14438 aligncenter\" src=\"http:\/\/fmriachuelo.com.ar\/wp-content\/uploads\/2021\/11\/WhatsApp-Image-2021-11-16-at-19.35.11-1-300x225.jpeg\" alt=\"\" width=\"564\" height=\"422\" \/><\/p>\n<p>\u00ab<em>Esta visi\u00f3n de urgencia surgi\u00f3 de lo que ven\u00edamos compartiendo con compa\u00f1eros y compa\u00f1eras de otros espacios, con los que venimos intercambiando y debatiendo las problem\u00e1ticas que surgen del acompa\u00f1amiento de ni\u00f1os y ni\u00f1as en la escolaridad. (&#8230;) Este primer encuentro permiti\u00f3 compartir un diagnostico de lo que nos iba sucediendo en cada uno de los territorios, y pudimos notar que muchas de las cosas que nos pasan van teniendo relaci\u00f3n<\/em>\u00ab, expres\u00f3 <strong>Lorena<\/strong>\u00a0<strong>Aceretto<\/strong><em><strong>,<\/strong><\/em> integrante de DVL, experiencia que acerca la lectura a las infancias y adultxs.<\/p>\n<p>\u201c<em>Lo que charlamos con los compa\u00f1eros de las distintas experiencias, nos va a fortalecer y adem\u00e1s nos da ideas para hacer en nuestro territorio. Siempre est\u00e1 el miedo de empezar a algo, pero si a otros compas ya lo empezaron a construir y les fue favorable para el territorio, creo que el miedo es mucho menos<\/em>\u201d, expres\u00f3 <strong>Maira Yanequine<\/strong>, del Fog\u00f3n de Villa Tranquila Avellaneda, donde empezaron recientemente a asistir a lxs chicxs de su territorio.<\/p>\n<p><img loading=\"lazy\" decoding=\"async\" class=\" wp-image-14439 aligncenter\" src=\"http:\/\/fmriachuelo.com.ar\/wp-content\/uploads\/2021\/11\/WhatsApp-Image-2021-11-16-at-19.35.11-300x225.jpeg\" alt=\"\" width=\"576\" height=\"432\" \/><\/p>\n<p>Tambi\u00e9n estuvo presente <strong>Cristian<\/strong>, integrante del Comedor Juntos y Unidos de Lomas de Zamora, que est\u00e1n realizando clases de apoyo escolar con lxs pibxs, adem\u00e1s de talleres l\u00fadicos abiertos para el barrio. \u201c<em>Este encuentro nos dio un par de herramientas como para poder llevar al territorio, las actividades de lectura y de escritura. Y es muy interesante la idea que debatimos de trabajar en conjunto con la comunidad educativa de nuestros barrios<\/em>\u201d expres\u00f3 Cristian.<\/p>\n<p><strong>Lorena Fern\u00e1ndez<\/strong>, integrante de Comunidad Agroecol\u00f3gica\u00a0Milpa de Tigre, espacio que lleva adelante un taller integral abocado a las infancias en el Centro de Salud de las Tunas. Lorena habl\u00f3 del momento complejo en que se encuentra el mundo y como esto repercute en la realidad de lxs pibxs: \u00ab<em>Es importante tener la posibilidad de encontrarnos con compa\u00f1eros de otros territorios, para salirse de la burbuja de lo propio y conocer otras experiencias, otras formas de resolver las problem\u00e1ticas que est\u00e1n atravesadas por una crisis integral. Es una crisis en el mundo donde viven las infancias y que lamentablemente les espera. Cuando paramos la pelota, nos ponemos a pensar y nos conectamos con la injusticia social, esto nos ayuda para continuar, para seguir caminando y para seguir construyendo<\/em>\u00ab.<\/p>\n<p><img loading=\"lazy\" decoding=\"async\" class=\" wp-image-14441 aligncenter\" src=\"http:\/\/fmriachuelo.com.ar\/wp-content\/uploads\/2021\/11\/WhatsApp-Image-2021-11-16-at-19.35.10-300x225.jpeg\" alt=\"\" width=\"643\" height=\"482\" \/><\/p>\n<p>&nbsp;<\/p>\n","protected":false},"excerpt":{"rendered":"<p>[FM Riachuelo, 16\/11\/2021] El S\u00e1bado\u00a013 de Noviembre se realiz\u00f3 un encuentro que se titul\u00f3 \u00ab\u00bfLa Educaci\u00f3n en crisis? Las pr\u00e1cticas educativas desde los territorios\u00bb. Este encuentro se dio entre distintas experiencias educativas y recreativas con infancias dentro del Movimiento\u00a0Popular Los Pibes, para debatir sobre la situaci\u00f3n cr\u00edtica en la que se encuentra hoy la educaci\u00f3n, [&hellip;]<\/p>\n","protected":false},"author":5,"featured_media":14440,"comment_status":"closed","ping_status":"closed","sticky":false,"template":"","format":"standard","meta":{"_monsterinsights_skip_tracking":false,"_monsterinsights_sitenote_active":false,"_monsterinsights_sitenote_note":"","_monsterinsights_sitenote_category":0,"jnews-multi-image_gallery":[],"jnews_single_post":{"format":"standard"},"jnews_primary_category":[],"_joinchat":[],"footnotes":""},"categories":[58],"tags":[64,149,157],"class_list":["post-14425","post","type-post","status-publish","format-standard","has-post-thumbnail","hentry","category-noticiariachuelo","tag-economia-popular","tag-educacion-popular","tag-nadie-se-salva-solo"],"_links":{"self":[{"href":"http:\/\/fmriachuelo.it10.com.ar\/index.php\/wp-json\/wp\/v2\/posts\/14425","targetHints":{"allow":["GET"]}}],"collection":[{"href":"http:\/\/fmriachuelo.it10.com.ar\/index.php\/wp-json\/wp\/v2\/posts"}],"about":[{"href":"http:\/\/fmriachuelo.it10.com.ar\/index.php\/wp-json\/wp\/v2\/types\/post"}],"author":[{"embeddable":true,"href":"http:\/\/fmriachuelo.it10.com.ar\/index.php\/wp-json\/wp\/v2\/users\/5"}],"replies":[{"embeddable":true,"href":"http:\/\/fmriachuelo.it10.com.ar\/index.php\/wp-json\/wp\/v2\/comments?post=14425"}],"version-history":[{"count":1,"href":"http:\/\/fmriachuelo.it10.com.ar\/index.php\/wp-json\/wp\/v2\/posts\/14425\/revisions"}],"predecessor-version":[{"id":22361,"href":"http:\/\/fmriachuelo.it10.com.ar\/index.php\/wp-json\/wp\/v2\/posts\/14425\/revisions\/22361"}],"wp:featuredmedia":[{"embeddable":true,"href":"http:\/\/fmriachuelo.it10.com.ar\/index.php\/wp-json\/"}],"wp:attachment":[{"href":"http:\/\/fmriachuelo.it10.com.ar\/index.php\/wp-json\/wp\/v2\/media?parent=14425"}],"wp:term":[{"taxonomy":"category","embeddable":true,"href":"http:\/\/fmriachuelo.it10.com.ar\/index.php\/wp-json\/wp\/v2\/categories?post=14425"},{"taxonomy":"post_tag","embeddable":true,"href":"http:\/\/fmriachuelo.it10.com.ar\/index.php\/wp-json\/wp\/v2\/tags?post=14425"}],"curies":[{"name":"wp","href":"https:\/\/api.w.org\/{rel}","templated":true}]}}