{"id":1439,"date":"2016-04-05T00:28:00","date_gmt":"2016-04-05T00:28:00","guid":{"rendered":"http:\/\/fmriachuelo.observatorioess.org.ar\/index.php\/2016\/04\/05\/xv-encuentro-y-escuela-de-la-secretaria-latinoamericana-de-la-vivienda-y-el-habitat-popular-selvihp\/"},"modified":"2016-04-05T00:28:00","modified_gmt":"2016-04-05T00:28:00","slug":"xv-encuentro-y-escuela-de-la-secretaria-latinoamericana-de-la-vivienda-y-el-habitat-popular-selvihp","status":"publish","type":"post","link":"http:\/\/fmriachuelo.it10.com.ar\/index.php\/2016\/04\/05\/xv-encuentro-y-escuela-de-la-secretaria-latinoamericana-de-la-vivienda-y-el-habitat-popular-selvihp\/","title":{"rendered":"XV ENCUENTRO Y ESCUELA DE LA SECRETAR\u00cdA LATINOAMERICANA DE LA VIVIENDA Y EL H\u00c1BITAT POPULAR (SELVIHP)"},"content":{"rendered":"<div style=\"background-color: white;color: #222222;font-family: arial, sans-serif;text-align: left\"><span style=\"font-size: large\"><b style=\"color: red;font-family: verdana, sans-serif\">ESCENARIO CONTINENTAL Y DESAF\u00cdOS&nbsp;<\/b><b style=\"color: red;font-family: verdana, sans-serif\">DE LA VIVIENDA Y EL H\u00c1BITAT POPULAR<\/b><\/span><\/div>\n<div style=\"background-color: white;color: #222222;text-align: left\">\n<div style=\"text-align: justify\"><span style=\"font-family: Verdana, sans-serif\">APERTURA Y PRIMERA JORNADA DE TRABAJO<\/span><\/div>\n<\/div>\n<div style=\"background-color: white;color: #222222;text-align: left\">\n<div style=\"text-align: justify\"><span style=\"font-family: Verdana, sans-serif\">DEL HIST\u00d3RICO ENCUENTRO DE LOS PUEBLOS DE LA PATRIA GRANDE<\/span><\/div>\n<\/div>\n<div style=\"background-color: white;text-align: left\">\n<div style=\"color: #222222\"><a href=\"https:\/\/2.bp.blogspot.com\/-gEGucP5RdJI\/VwMC6cwzPFI\/AAAAAAAAINg\/4fTfCIaTNrIopxvu7PhxCEXprlw7eMdqg\/s1600\/SELVHIP.jpg\" style=\"clear: left;float: left;margin-bottom: 1em;margin-right: 1em\"><span style=\"font-family: Verdana, sans-serif\"><img loading=\"lazy\" decoding=\"async\" border=\"0\" height=\"180\" src=\"https:\/\/2.bp.blogspot.com\/-gEGucP5RdJI\/VwMC6cwzPFI\/AAAAAAAAINg\/4fTfCIaTNrIopxvu7PhxCEXprlw7eMdqg\/s320\/SELVHIP.jpg\" width=\"320\" \/><\/span><\/a><span style=\"color: black;font-family: Verdana, sans-serif\">ESCUCH\u00c1 &nbsp;LA ENTREVISTA COMPLETA EN ROMP\u00c9 EL CERCO INFORMATIVO A CONTINUACI\u00d3N:<\/span><\/div>\n<p><span style=\"color: #0b5394;font-family: Verdana, sans-serif\"><b><a href=\"https:\/\/soundcloud.com\/prensa-fm-riachuelo\/entrevista-completa\">LITO BORELLO &#8211; COORDINADOR NACIONAL O.S.y P. LOS PIBES EN REPRESENTACI\u00d3N DE LA SECRETAR\u00cdA DE VIVIENDA H\u00c1BITAT DE LA CTEP<\/a><\/b><\/span><br \/><span style=\"color: #0b5394;font-family: Verdana, sans-serif\"><b><a href=\"https:\/\/soundcloud.com\/prensa-fm-riachuelo\/sets\/primera-jornada-del-xv-encuentro-de-la-selvihp\">LAS VOCES DE LAS DISTINTAS DELEGACIONES EN EL XV ENCUENTRO DE LA SELVIHP<\/a><\/b><\/span><\/div>\n<div style=\"background-color: white;text-align: left\">\n<div style=\"background-color: white\"><\/div>\n<p><span style=\"font-family: Verdana, sans-serif\"><span><\/span><br \/><\/span><\/p>\n<div style=\"text-align: justify\"><span style=\"font-family: Verdana, sans-serif\"><b>[FMR Lunes 4\/4\/16] En el anfiteatro de la Asociaci\u00f3n de Trabajadores del Estado (ATE) comenz\u00f3 formalmente en el d\u00eda de hoy el XV ENCUENTRO Y ESCUELA DE LA SECRETAR\u00cdA LATINOAMERICANA DE LA VIVIENDA Y EL H\u00c1BITAT POPULAR (SELVIHP).&nbsp;<\/b><\/span><\/div>\n<p><span style=\"font-family: Verdana, sans-serif\"><\/span><\/p>\n<div style=\"text-align: justify\"><span style=\"font-family: Verdana, sans-serif\"><b>En el acto de apertura hablaron Hugo Cachorro Godoy (Secretario General de ATE); Lito Borello y Rafael Klejzer (Confederacion de Trabajadores de la Econom\u00eda Popular por CTEP,); Jorge Mora y Alicia Sanchez (Federaci\u00f3n Tierra y Vivienda) y Nestor Jeifetz (Movimiento de Ocupantes e Inquilinos, MOI,).<\/b><\/span><\/div>\n<p><span style=\"font-family: Verdana, sans-serif\"><\/span><\/p>\n<div style=\"background-color: white;clear: both;text-align: center\"><a href=\"https:\/\/2.bp.blogspot.com\/-02rhz-p7Yrg\/VwMDJJC9ELI\/AAAAAAAAINk\/8XF-ZNBOGQEqvfQZ4MtzKgEZEgD1i2t0w\/s1600\/SELVHIPP.jpg\" style=\"clear: left;float: left;margin-bottom: 1em;margin-right: 1em\"><span style=\"font-family: Verdana, sans-serif\"><img loading=\"lazy\" decoding=\"async\" border=\"0\" height=\"180\" src=\"https:\/\/2.bp.blogspot.com\/-02rhz-p7Yrg\/VwMDJJC9ELI\/AAAAAAAAINk\/8XF-ZNBOGQEqvfQZ4MtzKgEZEgD1i2t0w\/s320\/SELVHIPP.jpg\" width=\"320\" \/><\/span><\/a><span style=\"font-family: Verdana, sans-serif\"><b><\/b><\/span><\/div>\n<div style=\"background-color: white\"><b style=\"text-align: justify\"><span style=\"font-family: Verdana, sans-serif\">Hicieron uso de la palabra representantes de las delegaciones concurrentes de: Ecuador, Nicaragua, Chile, Panam\u00e1 y Venezuela.<\/span><\/b><\/div>\n<div style=\"background-color: white;text-align: justify\"><span style=\"font-family: Verdana, sans-serif\">Estuvieron presentes representantes de las 37 familias de la <b>casa Pavon 4127 <\/b>que la semana pasada junto a las organizaciones populares consiguieron frenar un desalojo en una medida in\u00e9dita que oblig\u00f3 a las autoridades nacionales a negociar.<\/span><\/div>\n<div style=\"background-color: white;text-align: justify\"><span style=\"font-family: Verdana, sans-serif\">En esta primera jornada, como parte de las actividades, tambi\u00e9n se realiz\u00f3, frente a la embajada de Brasil, &nbsp;un acto de Solidaridad con los movimientos populares de Brasil y en respaldo a la continuidad del gobierno de Dilma Rouseff. &nbsp;<\/span><\/div>\n<div style=\"background-color: white;clear: both;text-align: center\"><span style=\"font-family: Verdana, sans-serif\"><a href=\"https:\/\/3.bp.blogspot.com\/-7MoTW8Uc4Jo\/VwMDObt-fLI\/AAAAAAAAINo\/F-JJ4iBPD1EKO0SaWL-VmizNS_UG63liA\/s1600\/SELVHIP%2BBR1.jpg\" style=\"clear: left;float: left;margin-bottom: 1em;margin-right: 1em\"><img loading=\"lazy\" decoding=\"async\" border=\"0\" height=\"112\" src=\"https:\/\/3.bp.blogspot.com\/-7MoTW8Uc4Jo\/VwMDObt-fLI\/AAAAAAAAINo\/F-JJ4iBPD1EKO0SaWL-VmizNS_UG63liA\/s200\/SELVHIP%2BBR1.jpg\" width=\"200\" \/><\/a>&nbsp;<a href=\"https:\/\/2.bp.blogspot.com\/-QlrS99a7POs\/VwMDd_M4wgI\/AAAAAAAAINs\/gvw6LrbyhFg3apytzlF2k4hUReSKYjI_Q\/s1600\/SELVHIP%2BBR.jpg\" style=\"margin-left: 1em;margin-right: 1em\"><img loading=\"lazy\" decoding=\"async\" border=\"0\" height=\"112\" src=\"https:\/\/2.bp.blogspot.com\/-QlrS99a7POs\/VwMDd_M4wgI\/AAAAAAAAINs\/gvw6LrbyhFg3apytzlF2k4hUReSKYjI_Q\/s200\/SELVHIP%2BBR.jpg\" width=\"200\" \/><\/a><\/span><\/div>\n<div style=\"background-color: white\"><span style=\"font-family: Verdana, sans-serif\"><br \/><\/span><\/div>\n<div style=\"background-color: white;text-align: justify\"><span style=\"font-family: Verdana, sans-serif\">Se di\u00f3 inicio as\u00ed a una intensa semana de actividades que anticipa interesantes aportes y conclusiones sobre el derecho a la vivienda digna que afecta a los sectores populares de la regi\u00f3n.<\/span><\/div>\n<\/div>\n","protected":false},"excerpt":{"rendered":"<p>ESCENARIO CONTINENTAL Y DESAF\u00cdOS&nbsp;DE LA VIVIENDA Y EL H\u00c1BITAT POPULAR APERTURA Y PRIMERA JORNADA DE TRABAJO DEL HIST\u00d3RICO ENCUENTRO DE LOS PUEBLOS DE LA PATRIA GRANDE ESCUCH\u00c1 &nbsp;LA ENTREVISTA COMPLETA EN ROMP\u00c9 EL CERCO INFORMATIVO A CONTINUACI\u00d3N: LITO BORELLO &#8211; COORDINADOR NACIONAL O.S.y P. LOS PIBES EN REPRESENTACI\u00d3N DE LA SECRETAR\u00cdA DE VIVIENDA H\u00c1BITAT DE [&hellip;]<\/p>\n","protected":false},"author":4,"featured_media":0,"comment_status":"open","ping_status":"open","sticky":false,"template":"","format":"standard","meta":{"_monsterinsights_skip_tracking":false,"_monsterinsights_sitenote_active":false,"_monsterinsights_sitenote_note":"","_monsterinsights_sitenote_category":0,"jnews-multi-image_gallery":[],"jnews_single_post":[],"jnews_primary_category":[],"_joinchat":[],"footnotes":""},"categories":[74],"tags":[],"class_list":["post-1439","post","type-post","status-publish","format-standard","hentry","category-san-cayetano"],"_links":{"self":[{"href":"http:\/\/fmriachuelo.it10.com.ar\/index.php\/wp-json\/wp\/v2\/posts\/1439","targetHints":{"allow":["GET"]}}],"collection":[{"href":"http:\/\/fmriachuelo.it10.com.ar\/index.php\/wp-json\/wp\/v2\/posts"}],"about":[{"href":"http:\/\/fmriachuelo.it10.com.ar\/index.php\/wp-json\/wp\/v2\/types\/post"}],"author":[{"embeddable":true,"href":"http:\/\/fmriachuelo.it10.com.ar\/index.php\/wp-json\/wp\/v2\/users\/4"}],"replies":[{"embeddable":true,"href":"http:\/\/fmriachuelo.it10.com.ar\/index.php\/wp-json\/wp\/v2\/comments?post=1439"}],"version-history":[{"count":0,"href":"http:\/\/fmriachuelo.it10.com.ar\/index.php\/wp-json\/wp\/v2\/posts\/1439\/revisions"}],"wp:attachment":[{"href":"http:\/\/fmriachuelo.it10.com.ar\/index.php\/wp-json\/wp\/v2\/media?parent=1439"}],"wp:term":[{"taxonomy":"category","embeddable":true,"href":"http:\/\/fmriachuelo.it10.com.ar\/index.php\/wp-json\/wp\/v2\/categories?post=1439"},{"taxonomy":"post_tag","embeddable":true,"href":"http:\/\/fmriachuelo.it10.com.ar\/index.php\/wp-json\/wp\/v2\/tags?post=1439"}],"curies":[{"name":"wp","href":"https:\/\/api.w.org\/{rel}","templated":true}]}}