{"id":1438,"date":"2016-04-05T16:19:00","date_gmt":"2016-04-05T16:19:00","guid":{"rendered":"http:\/\/fmriachuelo.observatorioess.org.ar\/index.php\/2016\/04\/05\/organizacion-y-lucha-contra-los-despidos-en-el-estado\/"},"modified":"2016-04-05T16:19:00","modified_gmt":"2016-04-05T16:19:00","slug":"organizacion-y-lucha-contra-los-despidos-en-el-estado","status":"publish","type":"post","link":"http:\/\/fmriachuelo.it10.com.ar\/index.php\/2016\/04\/05\/organizacion-y-lucha-contra-los-despidos-en-el-estado\/","title":{"rendered":"ORGANIZACI\u00d3N Y LUCHA CONTRA LOS DESPIDOS EN EL ESTADO"},"content":{"rendered":"<p><span><b>NI UN PASO ATR\u00c1S<\/b><\/span><br \/><span><b><br \/><\/b><\/span><b style=\"font-family: Verdana, sans-serif\">EN EL MINISTERIO DE TRABAJO LOS TRABAJADORES NUCLEADOS EN ATE VIENEN LLEVANDO ADELANTE UNA FUERTE RESISTENCIA CONTRA LAS POL\u00cdTICAS DE DESPIDOS DEL MACRISMO.<\/b><br \/><b style=\"font-family: Verdana, sans-serif\"><br \/><\/b><b style=\"font-family: Verdana, sans-serif\"><a href=\"https:\/\/soundcloud.com\/prensa-fm-riachuelo\/victoria-freire-delegada-de-junta-interna-de-ate\">ESCUCH\u00c1 LA ENTREVISTA DE MATEANDO EN EL RIACHUELO A VICTORIA FREIRE, DELEGADA DE LA JUNTA INTERNA ATE TRABAJO<\/a><\/b><br \/><b style=\"font-family: Verdana, sans-serif\"><br \/><\/b><a href=\"http:\/\/2.bp.blogspot.com\/-4r5aw-s6z7w\/VwPg1c6vBoI\/AAAAAAAAIOU\/fruRuQoQFS0E2x2ZTbjNEG5FfQN6STDfQ\/s1600\/873620b6-f3fe-41ec-9481-873876160bd9.jpg\" style=\"clear: left;float: left;margin-bottom: 1em;margin-right: 1em\"><img loading=\"lazy\" decoding=\"async\" border=\"0\" height=\"320\" src=\"https:\/\/2.bp.blogspot.com\/-4r5aw-s6z7w\/VwPg1c6vBoI\/AAAAAAAAIOU\/fruRuQoQFS0E2x2ZTbjNEG5FfQN6STDfQ\/s320\/873620b6-f3fe-41ec-9481-873876160bd9.jpg\" width=\"240\" \/><\/a><span><\/span><\/p>\n<div style=\"text-align: justify\"><span><b>[FMR Martes 5\/4\/2016] El Ministerio de Trabajo conducido por Jorge Triacca oculta la cantidad de despidos que se produjeron el 31 de marzo en su cartera. La Junta Interna de ATE de ese ministerio denuncia que se trata de unos 280 despidos que adem\u00e1s, afectan duramente las pol\u00edticas p\u00fablicas destinadas a los sectores excluidos de la posibilidad de acceder al trabajo formal.<\/b><\/span><\/div>\n<div style=\"text-align: justify\"><span style=\"font-family: verdana, sans-serif;font-weight: bold\"><br \/><\/span><\/div>\n<div style=\"text-align: justify\"><span style=\"font-family: verdana, sans-serif\">Las medidas de fuerza de los trabajadores del Ministerio se vienen sucediendo desde principios de a\u00f1o, cuando se produjo el despido de trabajadores bajo convenio con la Universidad de La Matanza. En estos d\u00edas se profundizaron las acciones de lucha que ahora incluyen asambleas permanentes, retenci\u00f3n de tareas, ocupaciones pac\u00edficas de las dependencias y, sobre todo, la decisi\u00f3n del conjunto de los trabajadores de ingresar colectivamente a los puestos de trabajo bajo la consigna \u00abentramos todos y todas\u00bb.<\/span><\/div>\n<p><\/p>\n<div style=\"text-align: justify\"><span><\/span><\/div>\n<p><a name='more'><\/a><span><br \/><\/span><\/p>\n<div style=\"clear: both;text-align: center\"><a href=\"http:\/\/2.bp.blogspot.com\/-PAsIv1DitqY\/VwPiJNocgsI\/AAAAAAAAIOg\/e2oj6paxAG0ym0ET028Own8PuIWUuxKRg\/s1600\/F3xXDqnF.jpg\" style=\"clear: right;float: right;margin-bottom: 1em;margin-left: 1em\"><img loading=\"lazy\" decoding=\"async\" border=\"0\" height=\"320\" src=\"https:\/\/2.bp.blogspot.com\/-PAsIv1DitqY\/VwPiJNocgsI\/AAAAAAAAIOg\/e2oj6paxAG0ym0ET028Own8PuIWUuxKRg\/s320\/F3xXDqnF.jpg\" width=\"240\" \/><\/a><\/div>\n<p><span>Para ma\u00f1ana, mi\u00e9rcoles 6 de abril, con aprobaci\u00f3n un\u00e1nime de asambleas en las delegaciones de todo el pa\u00eds, la Junta Interna del Ministerio de Trabajo convoca a paro, movilizaci\u00f3n y corte de calle frente a la puerta del Ministerio en Alem 650.<\/span><br \/><span><br \/><\/span><span>Esta ma\u00f1ana, Mateando en el Riachuelo tuvo la oportunidad de conversar con Victoria Freire, delegada de la Junta Interna de ATE Trabajo que, adem\u00e1s de informar sobre la situaci\u00f3n de los trabajadores y del plan de lucha, hizo un llamado a que organizaciones sociales y pol\u00edticas se solidaricen con la lucha de los trabajadores y participen a las 12 del mediod\u00eda de ma\u00f1ana del acto en la puerta del Ministerio de Trabajo de la Naci\u00f3n.<\/span><\/p>\n","protected":false},"excerpt":{"rendered":"<p>NI UN PASO ATR\u00c1SEN EL MINISTERIO DE TRABAJO LOS TRABAJADORES NUCLEADOS EN ATE VIENEN LLEVANDO ADELANTE UNA FUERTE RESISTENCIA CONTRA LAS POL\u00cdTICAS DE DESPIDOS DEL MACRISMO.ESCUCH\u00c1 LA ENTREVISTA DE MATEANDO EN EL RIACHUELO A VICTORIA FREIRE, DELEGADA DE LA JUNTA INTERNA ATE TRABAJO [FMR Martes 5\/4\/2016] El Ministerio de Trabajo conducido por Jorge Triacca oculta [&hellip;]<\/p>\n","protected":false},"author":4,"featured_media":0,"comment_status":"open","ping_status":"open","sticky":false,"template":"","format":"standard","meta":{"_monsterinsights_skip_tracking":false,"_monsterinsights_sitenote_active":false,"_monsterinsights_sitenote_note":"","_monsterinsights_sitenote_category":0,"jnews-multi-image_gallery":[],"jnews_single_post":[],"jnews_primary_category":[],"_joinchat":[],"footnotes":""},"categories":[75],"tags":[],"class_list":["post-1438","post","type-post","status-publish","format-standard","hentry","category-trabajo"],"_links":{"self":[{"href":"http:\/\/fmriachuelo.it10.com.ar\/index.php\/wp-json\/wp\/v2\/posts\/1438","targetHints":{"allow":["GET"]}}],"collection":[{"href":"http:\/\/fmriachuelo.it10.com.ar\/index.php\/wp-json\/wp\/v2\/posts"}],"about":[{"href":"http:\/\/fmriachuelo.it10.com.ar\/index.php\/wp-json\/wp\/v2\/types\/post"}],"author":[{"embeddable":true,"href":"http:\/\/fmriachuelo.it10.com.ar\/index.php\/wp-json\/wp\/v2\/users\/4"}],"replies":[{"embeddable":true,"href":"http:\/\/fmriachuelo.it10.com.ar\/index.php\/wp-json\/wp\/v2\/comments?post=1438"}],"version-history":[{"count":0,"href":"http:\/\/fmriachuelo.it10.com.ar\/index.php\/wp-json\/wp\/v2\/posts\/1438\/revisions"}],"wp:attachment":[{"href":"http:\/\/fmriachuelo.it10.com.ar\/index.php\/wp-json\/wp\/v2\/media?parent=1438"}],"wp:term":[{"taxonomy":"category","embeddable":true,"href":"http:\/\/fmriachuelo.it10.com.ar\/index.php\/wp-json\/wp\/v2\/categories?post=1438"},{"taxonomy":"post_tag","embeddable":true,"href":"http:\/\/fmriachuelo.it10.com.ar\/index.php\/wp-json\/wp\/v2\/tags?post=1438"}],"curies":[{"name":"wp","href":"https:\/\/api.w.org\/{rel}","templated":true}]}}