{"id":14375,"date":"2021-11-04T23:28:06","date_gmt":"2021-11-04T23:28:06","guid":{"rendered":"http:\/\/fmriachuelo.com.ar\/?p=14375"},"modified":"2025-04-25T16:39:24","modified_gmt":"2025-04-25T19:39:24","slug":"construyendo-capacidades-para-poder-atender-la-salud-visual-de-la-comunidad","status":"publish","type":"post","link":"http:\/\/fmriachuelo.it10.com.ar\/index.php\/2021\/11\/04\/construyendo-capacidades-para-poder-atender-la-salud-visual-de-la-comunidad\/","title":{"rendered":"CONSTRUYENDO CAPACIDADES PARA PODER ATENDER LA SALUD VISUAL DE LA COMUNIDAD"},"content":{"rendered":"<p><b>[Al Gran Pueblo Salud*, FM Riachuelo, 02\/11\/2021] El lunes 01 de noviembre, conversamos con <\/b><span style=\"font-weight: 400\">\u00a0<\/span><b>Carlos Feijoo, Regente Turno Noche de la Escuela T\u00e9cnica N\u00ba 11 Manuel Belgrano, Cochabamba 2860, San Crist\u00f3bal para charlar sobre la Campa\u00f1a de Salud y Agudeza Visual que van a comenzar. En la escuela T\u00e9cnica 11 Manuel Belgrano, los alumnos se reciben de t\u00e9cnicos \u00f3pticos y contact\u00f3logos y hacen lentes a precio de costo en la \u00f3ptica de la escuela.<\/b><\/p>\n<p><span style=\"font-weight: 400\">Para comenzar Carlos Feijoo nos cuenta que en la escuela se brindan tres especialidades y varios cursos:<\/span><i><span style=\"font-weight: 400\"> \u201cLa escuela se caracteriza por tener tres especialidades, Electromec\u00e1nica y Construcciones Civiles, en turno ma\u00f1ana y tarde, y a la noche la especialidad de \u00d3ptica. Tambi\u00e9n hay una oferta de cursos: el de Antis\u00edsmico que es para la especialidad de maestro mayor de obra, un curso libre de Carpinter\u00eda en madera y Luther\u00eda\u201d<\/span><\/i><span style=\"font-weight: 400\"> detalla.\u00a0\u00a0<\/span><\/p>\n<p><span style=\"font-weight: 400\">Espec\u00edficamente sobre la especialidad \u00d3ptica, el docente explica: <\/span><i><span style=\"font-weight: 400\">\u201cnos dedicamos a todo lo que tenga que ver con la ense\u00f1anza y la pr\u00e1ctica del trabajo que realiza un \u00f3ptico contact\u00f3logo, resumiendo todo en 6\u00ba a\u00f1o de la carrera donde el estudiante realiza una pr\u00e1ctica profesional. All\u00ed el alumno re\u00fane todo lo aprendido y lo lleva a un \u00e1mbito casi laboral ya que se est\u00e1n recibiendo y la salida laboral es de un mes y medio. En esta pr\u00e1ctica profesional resumimos todo lo que tiene que ver con anteojos o lentes de contacto\u201d<\/span><\/i><\/p>\n<p><span style=\"font-weight: 400\">Esta especialidad tiene una amplia salida laboral, y as\u00ed lo deja claro Carlos: <\/span><i><span style=\"font-weight: 400\">\u201cLos egresados est\u00e1n preparados para ejercer tanto en una \u00f3ptica como en una empresa dedicada a los menesteres de una \u00f3ptica y tambi\u00e9n para aquellos que no se dedique a esto tengan una salida laboral como fot\u00f3grafos, editor de video o instrumentaci\u00f3n o calibrado de aparatos \u00f3pticos. Tratamos de que sea lo m\u00e1s completo posible, para que tenga una herramienta mayor para su salida laboral\u201d.<\/span><\/i><\/p>\n<p>Sabiendo que pueden unir su pr\u00e1ctica profesional a las necesidades de los estudiantes, sus familias y la comunidad nos cuenta: \u201c<i>Se va a desarrollar, a modo de pr\u00e1ctica, <\/i><b><i>la semana de la salud<\/i><\/b><i>, los viernes 12, 19 y 26 de Noviembre, de 19 a 22 hs, atendiendo a alumnos de la escuela,\u00a0 sus familiares y a la comunidad en s\u00ed, por intermedio del otorgamiento de turnos y respetando el protocolo establecido por la pandemia\u201d.<\/i><\/p>\n<p><span style=\"font-weight: 400\">Para finalizar el docente nos cuenta cuales son los planes hacia adelante en lo que se refiere a estas pr\u00e1cticas para los estudiantes<\/span><i><span style=\"font-weight: 400\">, \u201cPara el a\u00f1o 2022 esperamos que las cosas est\u00e9n mucho mejor que hoy, para poder seguir avanzando en las pr\u00e1cticas y en la atenci\u00f3n a la comunidad en general, como hicimos en el 2019. Esperamos seguir avanzando y recuperando las cosas que no pudimos hacer en el 2020 y las que quedaron inconclusas en el 2021\u201d.<\/span><\/i><\/p>\n<p><span style=\"font-weight: 400\"><a href=\"https:\/\/ar.radiocut.fm\/audiocut\/para-ver-con-claridad-articulacion-con-organizaciones-del-pueblo\/\">Escucha la entrevista completa<\/a><\/span><\/p>\n<p><b>(*Al Gran Pueblo Salud &#8211; Lunes de 19 a 22 hs. por la\u00a0 FM Riachuelo 100.9)<\/b><\/p>\n","protected":false},"excerpt":{"rendered":"<p>[Al Gran Pueblo Salud*, FM Riachuelo, 02\/11\/2021] El lunes 01 de noviembre, conversamos con \u00a0Carlos Feijoo, Regente Turno Noche de la Escuela T\u00e9cnica N\u00ba 11 Manuel Belgrano, Cochabamba 2860, San Crist\u00f3bal para charlar sobre la Campa\u00f1a de Salud y Agudeza Visual que van a comenzar. En la escuela T\u00e9cnica 11 Manuel Belgrano, los alumnos se [&hellip;]<\/p>\n","protected":false},"author":5,"featured_media":14376,"comment_status":"closed","ping_status":"closed","sticky":false,"template":"","format":"standard","meta":{"_monsterinsights_skip_tracking":false,"_monsterinsights_sitenote_active":false,"_monsterinsights_sitenote_note":"","_monsterinsights_sitenote_category":0,"jnews-multi-image_gallery":[],"jnews_single_post":{"format":"standard"},"jnews_primary_category":[],"_joinchat":[],"footnotes":""},"categories":[58],"tags":[101,162],"class_list":["post-14375","post","type-post","status-publish","format-standard","has-post-thumbnail","hentry","category-noticiariachuelo","tag-educacion","tag-salud-comunitaria"],"_links":{"self":[{"href":"http:\/\/fmriachuelo.it10.com.ar\/index.php\/wp-json\/wp\/v2\/posts\/14375","targetHints":{"allow":["GET"]}}],"collection":[{"href":"http:\/\/fmriachuelo.it10.com.ar\/index.php\/wp-json\/wp\/v2\/posts"}],"about":[{"href":"http:\/\/fmriachuelo.it10.com.ar\/index.php\/wp-json\/wp\/v2\/types\/post"}],"author":[{"embeddable":true,"href":"http:\/\/fmriachuelo.it10.com.ar\/index.php\/wp-json\/wp\/v2\/users\/5"}],"replies":[{"embeddable":true,"href":"http:\/\/fmriachuelo.it10.com.ar\/index.php\/wp-json\/wp\/v2\/comments?post=14375"}],"version-history":[{"count":1,"href":"http:\/\/fmriachuelo.it10.com.ar\/index.php\/wp-json\/wp\/v2\/posts\/14375\/revisions"}],"predecessor-version":[{"id":22371,"href":"http:\/\/fmriachuelo.it10.com.ar\/index.php\/wp-json\/wp\/v2\/posts\/14375\/revisions\/22371"}],"wp:featuredmedia":[{"embeddable":true,"href":"http:\/\/fmriachuelo.it10.com.ar\/index.php\/wp-json\/"}],"wp:attachment":[{"href":"http:\/\/fmriachuelo.it10.com.ar\/index.php\/wp-json\/wp\/v2\/media?parent=14375"}],"wp:term":[{"taxonomy":"category","embeddable":true,"href":"http:\/\/fmriachuelo.it10.com.ar\/index.php\/wp-json\/wp\/v2\/categories?post=14375"},{"taxonomy":"post_tag","embeddable":true,"href":"http:\/\/fmriachuelo.it10.com.ar\/index.php\/wp-json\/wp\/v2\/tags?post=14375"}],"curies":[{"name":"wp","href":"https:\/\/api.w.org\/{rel}","templated":true}]}}