{"id":1437,"date":"2016-04-06T13:38:00","date_gmt":"2016-04-06T13:38:00","guid":{"rendered":"http:\/\/fmriachuelo.observatorioess.org.ar\/index.php\/2016\/04\/06\/paraguay-masiva-movilizacion-de-campesinos-y-cooperativistas-en-asuncion\/"},"modified":"2016-04-06T13:38:00","modified_gmt":"2016-04-06T13:38:00","slug":"paraguay-masiva-movilizacion-de-campesinos-y-cooperativistas-en-asuncion","status":"publish","type":"post","link":"http:\/\/fmriachuelo.it10.com.ar\/index.php\/2016\/04\/06\/paraguay-masiva-movilizacion-de-campesinos-y-cooperativistas-en-asuncion\/","title":{"rendered":"PARAGUAY: MASIVA MOVILIZACI\u00d3N DE CAMPESINOS Y COOPERATIVISTAS EN ASUNCI\u00d3N"},"content":{"rendered":"<p><span style=\"color: red;font-family: Verdana, sans-serif;font-size: large\"><b>TRABAJADORES DE LA ECONOM\u00cdA POPULAR<\/b><\/span><\/p>\n<div style=\"clear: both;text-align: center\"><a href=\"https:\/\/2.bp.blogspot.com\/-gpIQz7s_l1k\/VwURDrxF1eI\/AAAAAAAAIOs\/a4SLHoZz8q0gEaqfOUJ2EWWtdERePS6zw\/s1600\/paraguay.jpg\" style=\"margin-left: 1em;margin-right: 1em\"><img loading=\"lazy\" decoding=\"async\" border=\"0\" height=\"194\" src=\"https:\/\/2.bp.blogspot.com\/-gpIQz7s_l1k\/VwURDrxF1eI\/AAAAAAAAIOs\/a4SLHoZz8q0gEaqfOUJ2EWWtdERePS6zw\/s320\/paraguay.jpg\" width=\"320\" \/><\/a><\/div>\n<p><span style=\"font-family: Verdana, sans-serif\"><\/p>\n<div style=\"text-align: justify\">[Anred]Productores campesinos de distintas zonas del pa\u00eds realizaron una movilizaci\u00f3n este lunes en Asunci\u00f3n, concentrando aproximadamente a 10.000 personas de acuerdo a las estimaciones. La marcha fue convocada por la Coordinadora Nacional Intersectorial, Mesa de Coordinadora Nacional de Organizaciones Campesinas (MCNOC), Organizaci\u00f3n Nacional de Ca\u00f1icultores (ONC), Cooperativistas (COOP) y el Movimiento Agrario Popular (MAP). &nbsp;<\/div>\n<div style=\"text-align: justify\"><\/div>\n<div style=\"text-align: justify\">Solicitan al gobierno de Horacio Cartes un plan de fortalecimiento de la agricultura familiar campesina as\u00ed como la condonaci\u00f3n de deudas adquiridas por los productores en la fallida campa\u00f1a de ch\u00eda del 2014, que fue promovida por el propio gobierno pero que no tuvo mercado, por lo que los labriegos no pudieron recuperar la inversi\u00f3n realizada y quedaron con cuentas que pueden significarle hasta la p\u00e9rdida de sus tierras. En una situaci\u00f3n similar se encuentran los ca\u00f1icultores.<\/div>\n<div style=\"text-align: justify\"><a name='more'><\/a><\/div>\n<div style=\"text-align: justify\">Los manifestantes llegaron al centro de Asunci\u00f3n en dos columnas, una que march\u00f3 por la avenida Eusebio Ayala y otra por Mariscal L\u00f3pez. Durante la protesta participaron tambi\u00e9n los cooperativistas, que rechazan la imposici\u00f3n del Impuesto al Valor Agregado (IVA) al sector. El sitio RTV report\u00f3 que la marcha transcurri\u00f3 de manera pac\u00edfica, pero con el constante hostigamiento de los antimotines, que cubr\u00edan la protesta pr\u00e1cticamente pegados a los manifestantes. Tambi\u00e9n anunciaron que la medida de fuerza fue convocada por tiempo indefinido y que permanecer\u00e1n movilizados hasta que el gobierno atienda sus reclamos al tiempo de pedir la solidaridad de la ciudadan\u00eda.<\/div>\n<div style=\"text-align: justify\"><\/div>\n<div style=\"text-align: justify\"><\/div>\n<div style=\"text-align: justify\"><\/div>\n<div style=\"text-align: justify\"><\/div>\n<div style=\"text-align: justify\"><\/div>\n<div style=\"text-align: justify\"><\/div>\n<div style=\"text-align: justify\"><\/div>\n<div style=\"text-align: justify\"><\/div>\n<div style=\"text-align: justify\"><\/div>\n<div style=\"text-align: justify\">Pedro Loblein, del sector cooperativo, destac\u00f3 la importancia de la agricultura familiar campesina en la producci\u00f3n de alimentos y critic\u00f3 las pol\u00edticas de endeudamiento del gobierno, que en poco tiempo ha duplicado la deuda externa con la emisi\u00f3n de los\u201cbonos soberanos\u201d.<\/div>\n<p><\/span><\/p>\n","protected":false},"excerpt":{"rendered":"<p>TRABAJADORES DE LA ECONOM\u00cdA POPULAR [Anred]Productores campesinos de distintas zonas del pa\u00eds realizaron una movilizaci\u00f3n este lunes en Asunci\u00f3n, concentrando aproximadamente a 10.000 personas de acuerdo a las estimaciones. La marcha fue convocada por la Coordinadora Nacional Intersectorial, Mesa de Coordinadora Nacional de Organizaciones Campesinas (MCNOC), Organizaci\u00f3n Nacional de Ca\u00f1icultores (ONC), Cooperativistas (COOP) y el [&hellip;]<\/p>\n","protected":false},"author":4,"featured_media":0,"comment_status":"open","ping_status":"open","sticky":false,"template":"","format":"standard","meta":{"_monsterinsights_skip_tracking":false,"_monsterinsights_sitenote_active":false,"_monsterinsights_sitenote_note":"","_monsterinsights_sitenote_category":0,"jnews-multi-image_gallery":[],"jnews_single_post":[],"jnews_primary_category":[],"_joinchat":[],"footnotes":""},"categories":[1],"tags":[],"class_list":["post-1437","post","type-post","status-publish","format-standard","hentry","category-habitat"],"_links":{"self":[{"href":"http:\/\/fmriachuelo.it10.com.ar\/index.php\/wp-json\/wp\/v2\/posts\/1437","targetHints":{"allow":["GET"]}}],"collection":[{"href":"http:\/\/fmriachuelo.it10.com.ar\/index.php\/wp-json\/wp\/v2\/posts"}],"about":[{"href":"http:\/\/fmriachuelo.it10.com.ar\/index.php\/wp-json\/wp\/v2\/types\/post"}],"author":[{"embeddable":true,"href":"http:\/\/fmriachuelo.it10.com.ar\/index.php\/wp-json\/wp\/v2\/users\/4"}],"replies":[{"embeddable":true,"href":"http:\/\/fmriachuelo.it10.com.ar\/index.php\/wp-json\/wp\/v2\/comments?post=1437"}],"version-history":[{"count":0,"href":"http:\/\/fmriachuelo.it10.com.ar\/index.php\/wp-json\/wp\/v2\/posts\/1437\/revisions"}],"wp:attachment":[{"href":"http:\/\/fmriachuelo.it10.com.ar\/index.php\/wp-json\/wp\/v2\/media?parent=1437"}],"wp:term":[{"taxonomy":"category","embeddable":true,"href":"http:\/\/fmriachuelo.it10.com.ar\/index.php\/wp-json\/wp\/v2\/categories?post=1437"},{"taxonomy":"post_tag","embeddable":true,"href":"http:\/\/fmriachuelo.it10.com.ar\/index.php\/wp-json\/wp\/v2\/tags?post=1437"}],"curies":[{"name":"wp","href":"https:\/\/api.w.org\/{rel}","templated":true}]}}