{"id":14360,"date":"2021-11-03T21:21:13","date_gmt":"2021-11-03T21:21:13","guid":{"rendered":"http:\/\/fmriachuelo.com.ar\/?p=14360"},"modified":"2025-04-25T16:40:35","modified_gmt":"2025-04-25T19:40:35","slug":"dia-del-artista-plastico-entrevista-a-omar-gasparini-artista-popular-del-barrio-de-la-boca","status":"publish","type":"post","link":"http:\/\/fmriachuelo.it10.com.ar\/index.php\/2021\/11\/03\/dia-del-artista-plastico-entrevista-a-omar-gasparini-artista-popular-del-barrio-de-la-boca\/","title":{"rendered":"D\u00cdA DEL ARTISTA PL\u00c1STICO: ENTREVISTA A OMAR GASPARINI, ARTISTA POPULAR DEL BARRIO DE LA BOCA"},"content":{"rendered":"<p><b>[FM Riachuelo, 3\/11\/2021]\u00a0<\/b><b>Con la excusa del d\u00eda del Artista Pl\u00e1stico Argentino, una efem\u00e9ride\u00a0ligada m\u00e1s al arte de sal\u00f3n que a las expresiones populares, aprovechamos para comunicarnos con al artista popular Omar Gasparini, para saludarlo y reflexionar sobre el valor de las artes pl\u00e1sticas para nuestro pueblo. Tambi\u00e9n le agradecimos por su compromiso con el barrio de La Boca.<\/b><\/p>\n<p>En la entrevista, Gasparini hizo una critica a los sistemas educativos hegem\u00f3nicos que resaltan el arte de los pa\u00edses de elite, y rescata las maneras populares de los artistas latinoamericanos que comparten la cultura en las comunidades: <em>\u00abLas escuelas de bellas artes son muy dependientes del norte, de Europa y los artistas nuestros en general son educados con esa mirada. Yo valoro a aquellos artistas que pueden despegar y pueden tener una mirada social, una mirada comunitaria\u00bb.\u00a0<\/em><\/p>\n<p><img loading=\"lazy\" decoding=\"async\" class=\" wp-image-14371 aligncenter\" src=\"http:\/\/fmriachuelo.com.ar\/wp-content\/uploads\/2021\/11\/WhatsApp-Image-2021-11-03-at-18.07.47-2-300x200.jpeg\" alt=\"\" width=\"496\" height=\"331\" \/><\/p>\n<p>Por \u00faltimo habl\u00f3 de los proyectos en los que aporta con su acci\u00f3n art\u00edstica, y resalt\u00f3 la importancia del trabajo colectivo para sus obras: <em>\u00abEn todas las sociedades de la comunidad trato de meter la cuchara y estar. Trabajar solo me gratifica mucho pero el trabajo comunitario, el trabajo en grupo lo llevo en el alma y lo siento much\u00edsimo m\u00e1s (&#8230;) El calor, el mate, la palabra amiga, los mimos y todo eso tiene que ver con el trabajar juntos, es la construcci\u00f3n colectiva\u00bb.<\/em><\/p>\n<p><a href=\"https:\/\/ar.radiocut.fm\/audiocut\/dia-del-artista-plastico-entrevista-a-omar-gasparini-artista-popular-del-barrio-boca\/\">Escucha la entrevista completa<\/a><\/p>\n<p>&nbsp;<\/p>\n<p>&nbsp;<\/p>\n<p>&nbsp;<\/p>\n","protected":false},"excerpt":{"rendered":"<p>[FM Riachuelo, 3\/11\/2021]\u00a0Con la excusa del d\u00eda del Artista Pl\u00e1stico Argentino, una efem\u00e9ride\u00a0ligada m\u00e1s al arte de sal\u00f3n que a las expresiones populares, aprovechamos para comunicarnos con al artista popular Omar Gasparini, para saludarlo y reflexionar sobre el valor de las artes pl\u00e1sticas para nuestro pueblo. Tambi\u00e9n le agradecimos por su compromiso con el barrio [&hellip;]<\/p>\n","protected":false},"author":5,"featured_media":14370,"comment_status":"closed","ping_status":"closed","sticky":false,"template":"","format":"standard","meta":{"_monsterinsights_skip_tracking":false,"_monsterinsights_sitenote_active":false,"_monsterinsights_sitenote_note":"","_monsterinsights_sitenote_category":0,"jnews-multi-image_gallery":[],"jnews_single_post":{"format":"standard"},"jnews_primary_category":[],"_joinchat":[],"footnotes":""},"categories":[58],"tags":[152],"class_list":["post-14360","post","type-post","status-publish","format-standard","has-post-thumbnail","hentry","category-noticiariachuelo","tag-cultura"],"_links":{"self":[{"href":"http:\/\/fmriachuelo.it10.com.ar\/index.php\/wp-json\/wp\/v2\/posts\/14360","targetHints":{"allow":["GET"]}}],"collection":[{"href":"http:\/\/fmriachuelo.it10.com.ar\/index.php\/wp-json\/wp\/v2\/posts"}],"about":[{"href":"http:\/\/fmriachuelo.it10.com.ar\/index.php\/wp-json\/wp\/v2\/types\/post"}],"author":[{"embeddable":true,"href":"http:\/\/fmriachuelo.it10.com.ar\/index.php\/wp-json\/wp\/v2\/users\/5"}],"replies":[{"embeddable":true,"href":"http:\/\/fmriachuelo.it10.com.ar\/index.php\/wp-json\/wp\/v2\/comments?post=14360"}],"version-history":[{"count":1,"href":"http:\/\/fmriachuelo.it10.com.ar\/index.php\/wp-json\/wp\/v2\/posts\/14360\/revisions"}],"predecessor-version":[{"id":22372,"href":"http:\/\/fmriachuelo.it10.com.ar\/index.php\/wp-json\/wp\/v2\/posts\/14360\/revisions\/22372"}],"wp:featuredmedia":[{"embeddable":true,"href":"http:\/\/fmriachuelo.it10.com.ar\/index.php\/wp-json\/"}],"wp:attachment":[{"href":"http:\/\/fmriachuelo.it10.com.ar\/index.php\/wp-json\/wp\/v2\/media?parent=14360"}],"wp:term":[{"taxonomy":"category","embeddable":true,"href":"http:\/\/fmriachuelo.it10.com.ar\/index.php\/wp-json\/wp\/v2\/categories?post=14360"},{"taxonomy":"post_tag","embeddable":true,"href":"http:\/\/fmriachuelo.it10.com.ar\/index.php\/wp-json\/wp\/v2\/tags?post=14360"}],"curies":[{"name":"wp","href":"https:\/\/api.w.org\/{rel}","templated":true}]}}