{"id":1435,"date":"2016-04-10T21:04:00","date_gmt":"2016-04-10T21:04:00","guid":{"rendered":"http:\/\/fmriachuelo.observatorioess.org.ar\/index.php\/2016\/04\/10\/declaracion-y-agenda-del-xv-encuentro-y-escuela-de-la-selvhip\/"},"modified":"2016-04-10T21:04:00","modified_gmt":"2016-04-10T21:04:00","slug":"declaracion-y-agenda-del-xv-encuentro-y-escuela-de-la-selvhip","status":"publish","type":"post","link":"http:\/\/fmriachuelo.it10.com.ar\/index.php\/2016\/04\/10\/declaracion-y-agenda-del-xv-encuentro-y-escuela-de-la-selvhip\/","title":{"rendered":"DECLARACI\u00d3N Y AGENDA DEL XV ENCUENTRO Y ESCUELA DE LA SELVHIP"},"content":{"rendered":"<p><span><span style=\"color: red;font-size: large\"><b>VIVIENDA DIGNA EN LOS TERRITORIOS Y CIUDADES DE LA PATRIA GRANDE<\/b><\/span><\/span><br \/><span>Como resultado del trabajo de los participantes del XV Encuentro se elabor\u00f3 un documento final y se proyect\u00f3 &nbsp;una agenda de actividades y encuentros de la Secretar\u00eda hasta el 2018.<br \/>Reproducimos a continuaci\u00f3n:&nbsp;<\/span><\/p>\n<div><span>Secretaria Latinoamericana de  la  Vivienda y el Habitat Popular  <br \/>Declaraci\u00f3n  del   XV  Encuentro  de la SELVHIP<\/span><br \/><span>Buenos Aires , 7 y 8 de abril 2016<br \/><\/span><\/p>\n<div style=\"text-align: justify\"><span>Las Organizaciones que integramos La SELVIHP &#8211; Secretaria Latinoamericana de la Vivienda y el H\u00e1bitat Popular , repudiamos y rechazamos el escenario creado por los ataques inhumanos del imperialismo norteamericano y sus secuaces locales contra los procesos de transformaci\u00f3n  por los que luchamos cotidianamente los pueblos de NuestraAmerica .<\/span><\/div>\n<p><span><\/p>\n<div style=\"text-align: justify\"><\/div>\n<div style=\"text-align: justify\">Enfatizamos en particular nuestro colectivo y conciente repudio a los antidemocr\u00e1ticos intentos golpistas que pretenden llevar a cabo contra el proceso bolivariano en Venezuela, proceso que reinstalo en el mundo la estrat\u00e9gica lucha por una perspectiva socialista ; asi como contra el Pueblo y el gobierno de Dilma en Brasil.&nbsp;<\/div>\n<div style=\"text-align: justify\"><\/div>\n<div style=\"text-align: justify\">Procesos y acciones del Imperio que tambi\u00e9n se vienen expresando a trav\u00e9s de asesinatos de l\u00edderes populares como el llevado a cabo en Honduras contra la querida compa\u00f1era Berta C\u00e1ceres ; o con militantes de base en la Rep\u00fablica Bolivariana de Venezuela ; o los recientemente operados contra familias del MST en el Estado de Paran\u00e1  .&nbsp;<\/div>\n<div style=\"text-align: justify\"><a name='more'><\/a><\/div>\n<div style=\"text-align: justify\">Otra de las herramientas utilizadas por las derechas locales , obsecuentes serviles del imperialismo norteamericano , para intentar golpear a nuestros pueblos son La Criminalizaci\u00f3n de la Protesta Social, una de cuyas expresiones en la Rca Argentina ha sido el brutalmente injusto encarcelamiento de la dirigente popular Milagro Salas en Jujuy .&nbsp;<\/div>\n<div style=\"text-align: justify\"><\/div>\n<div style=\"text-align: justify\">Frente a este escenario de inhumanidad es imprescindible que nuestros pueblos demos un estrat\u00e9gico paso hacia adelante desde 2 ejes : uno , el eje de construcci\u00f3n de Unidad de nuestras Organizaciones y Movimientos , luchando contra la enfermedad de la fragmentaci\u00f3n , absolutamente funcional a la l\u00f3gica del capital . Y el otro eje esencial , desde el cual tal construcci\u00f3n unitaria adquiere legitimo sentido , es que dichos procesos de construcci\u00f3n unitaria popular los tenemos que transitar superando visiones supuestamente \u201cprogresistas\u201d imaginadoras de expresiones esencialmente contradictorias en si mismas cuales fueron las de capitalismo decente o capitalismo humano ; y caminando con conciencia y determinaci\u00f3n hacia una perspectiva de construcci\u00f3n de un nuevo modelo de sociedad anticapitalista , antiimperialista \u2026\u2026\u2026una Sociedad Socialista , tal como lo ratific\u00e1ramos en el marco del XIII Encuentro de nuestra SELVIHP realizado en Caracas en el 2011 , asumiendo el horizonte expresado por los Movimientos Sociales a trav\u00e9s de La Carta de Belen generada en el Foro Social Mundial realizado en dicha ciudad del Brasil en el 2009 .&nbsp;<\/div>\n<div style=\"text-align: justify\"><\/div>\n<div style=\"text-align: justify\">Tales procesos unitarios deben necesariamente traducirse a niveles nacionales en acciones y pr\u00e1cticas de confluencia concretas ; por ejemplo , en Argentina se impulsa a partir de este XV Encuentro la construcci\u00f3n de una mesa interactoral hacia una Ley Nacional de Producci\u00f3n Social Autogestionaria de H\u00e1bitat  Popular .&nbsp;<\/div>\n<div style=\"text-align: justify\"><\/div>\n<div style=\"text-align: justify\">Y a nivel continental , incorporando\u2026. ante el desaf\u00edo imprescindible de fortalecimiento de nuestra Secretaria , las articulaciones con la Plataforma de Movimientos Sociales del ALBA y con las Centrales de Trabajadores integradas en el ESNA Encuentro Sindical Nuestra America . Asi como desde luego continuando con las din\u00e1micas estructurantes de Nuestra Secretaria : la realizaci\u00f3n de Los Encuentros Bianuales ; las Pasantias : generales , especificas y solidarias ; y La Escuela de Autogestion , herramienta imprescindible dinamizadora de los procesos de formaci\u00f3n pol\u00edtica cultural de nuestra militancia .&nbsp;<\/div>\n<div style=\"text-align: justify\"><\/div>\n<div style=\"text-align: justify\">En esta etapa de contraofensiva del capital en nuestro continente, entendemos que la Autogesti\u00f3n es estrat\u00e9gica para la Construcci\u00f3n de una V\u00eda Urbana , Autogestionaria y Socialista hacia la liberaci\u00f3n definitiva de los Pueblos de Nuestramerica .&nbsp;<\/div>\n<div style=\"text-align: justify\"><\/div>\n<div style=\"text-align: justify\">La V\u00eda Autogestionaria Al Socialismo implica potenciar nuestras capacidades colectivas para construir cotidianamente la sociedad donde las relaciones de producci\u00f3n se basen en Reproducir La Vida y No El Capital ; para construir cotidianamente el horizonte de Una Sociedad Sin Explotadores Ni Explotados .&nbsp;<\/div>\n<div style=\"text-align: justify\"><\/div>\n<div style=\"text-align: justify\">En este XV Encuentro nos convocamos  a la tarea de ensanchar y profundizar el camino de nuestra Secretaria hacia estos horizontes desalienantes y  liberadores, creadores de humanidad.<\/div>\n<div style=\"text-align: justify\"><\/div>\n<div style=\"text-align: justify\"><span style=\"color: red\">Construyamos Ciudades y Territorios Sin Expulsores Ni Expulsados .&nbsp;<\/span><\/div>\n<div style=\"text-align: justify\"><span style=\"color: red\">Construyamos Nuestra Patria Latinoamericana Sin Explotadores Ni Explotados .&nbsp;<\/span><\/div>\n<div style=\"text-align: justify\"><span style=\"color: red\">Construyamos El Socialismo Autogestionario&nbsp;<\/span><\/div>\n<div style=\"text-align: justify\"><span style=\"color: red\"><br \/><\/span><\/div>\n<div style=\"text-align: justify\"><b>\u00a1\u00a1Justicia Para los Responsables del Asesinato de Berta Caceres en Honduras!!<\/b><\/div>\n<div style=\"text-align: justify\"><b><br \/><\/b><\/div>\n<div style=\"text-align: justify\"><b>\u00a1\u00a1Inmediata Liberacion de Milagro Salas en Argentina!!<\/b><\/div>\n<div style=\"text-align: justify\"><b><br \/><\/b><\/div>\n<div style=\"text-align: justify\"><b>\u00a1\u00a1Nao Vai Ter Golpe en Brasil!!<\/b><\/div>\n<div style=\"text-align: justify\"><b><br \/><\/b><\/div>\n<div style=\"text-align: justify\"><b>\u00a1\u00a1\u00a1Viva La Revolucion Ciudadana y el Socialismo Comunitario del Buen Vivir\u00a1\u00a1<\/b><\/div>\n<div style=\"text-align: justify\"><\/div>\n<div style=\"text-align: justify\"><b>\u00a1\u00a1Chavez Vive!!!   \u00a1\u00a1 La Lucha Sigue!!<\/b><\/div>\n<p><\/span><\/p>\n<div style=\"text-align: justify\"><\/div>\n<p><b style=\"color: red;font-family: Verdana, sans-serif;font-size: x-large\">P r o x i m a    A g e n d a<\/b><br \/><span style=\"font-family: Verdana, sans-serif\"><br \/><b>2016<\/b><\/p>\n<p>Julio ( dia a definir ) Actividad en Panama del MOCANA &#8211; Movimiento Comunal Nacional<\/p>\n<p>1 al 5 de Agosto : 2do Modulo del 3er. Ciclo y Coordinacion en Caracas \u2013 Venezuela<\/p>\n<p>3 de Octubre \u201cDia Mundial del Habitat\u201d : Actividad simultanea de las Organizaciones de La Secretaria en cada uno de nuestros paises .<\/p>\n<p>6 al 9 de Octubre : 2da Asamblea Continental de Movimientos del Alba en Bogota &#8211; Colombia <\/p>\n<p>En torno al 17 de Octubre , a Coordinar : Pasantia en Ecuador<\/p>\n<p><b>2017<\/b><\/p>\n<p>3 al 7 de Abril : 3er. Modulo de la Escuela y Coordinacion en Chile<\/p>\n<p>9 al 15 de Setiembre : 4to. Modulo de La Escuela y Coordinacion en Recife \u2013 Brasil .     <\/p>\n<p><b>2018<\/b><\/p>\n<p>XVI Encuentro de La SELVIHP ( pa\u00eds a definir )<\/span><\/div>\n","protected":false},"excerpt":{"rendered":"<p>VIVIENDA DIGNA EN LOS TERRITORIOS Y CIUDADES DE LA PATRIA GRANDEComo resultado del trabajo de los participantes del XV Encuentro se elabor\u00f3 un documento final y se proyect\u00f3 &nbsp;una agenda de actividades y encuentros de la Secretar\u00eda hasta el 2018.Reproducimos a continuaci\u00f3n:&nbsp; Secretaria Latinoamericana de la Vivienda y el Habitat Popular Declaraci\u00f3n del XV Encuentro [&hellip;]<\/p>\n","protected":false},"author":4,"featured_media":0,"comment_status":"open","ping_status":"open","sticky":false,"template":"","format":"standard","meta":{"_monsterinsights_skip_tracking":false,"_monsterinsights_sitenote_active":false,"_monsterinsights_sitenote_note":"","_monsterinsights_sitenote_category":0,"jnews-multi-image_gallery":[],"jnews_single_post":[],"jnews_primary_category":[],"_joinchat":[],"footnotes":""},"categories":[1],"tags":[],"class_list":["post-1435","post","type-post","status-publish","format-standard","hentry","category-habitat"],"_links":{"self":[{"href":"http:\/\/fmriachuelo.it10.com.ar\/index.php\/wp-json\/wp\/v2\/posts\/1435","targetHints":{"allow":["GET"]}}],"collection":[{"href":"http:\/\/fmriachuelo.it10.com.ar\/index.php\/wp-json\/wp\/v2\/posts"}],"about":[{"href":"http:\/\/fmriachuelo.it10.com.ar\/index.php\/wp-json\/wp\/v2\/types\/post"}],"author":[{"embeddable":true,"href":"http:\/\/fmriachuelo.it10.com.ar\/index.php\/wp-json\/wp\/v2\/users\/4"}],"replies":[{"embeddable":true,"href":"http:\/\/fmriachuelo.it10.com.ar\/index.php\/wp-json\/wp\/v2\/comments?post=1435"}],"version-history":[{"count":0,"href":"http:\/\/fmriachuelo.it10.com.ar\/index.php\/wp-json\/wp\/v2\/posts\/1435\/revisions"}],"wp:attachment":[{"href":"http:\/\/fmriachuelo.it10.com.ar\/index.php\/wp-json\/wp\/v2\/media?parent=1435"}],"wp:term":[{"taxonomy":"category","embeddable":true,"href":"http:\/\/fmriachuelo.it10.com.ar\/index.php\/wp-json\/wp\/v2\/categories?post=1435"},{"taxonomy":"post_tag","embeddable":true,"href":"http:\/\/fmriachuelo.it10.com.ar\/index.php\/wp-json\/wp\/v2\/tags?post=1435"}],"curies":[{"name":"wp","href":"https:\/\/api.w.org\/{rel}","templated":true}]}}