{"id":1433,"date":"2016-04-13T13:01:00","date_gmt":"2016-04-13T13:01:00","guid":{"rendered":"http:\/\/fmriachuelo.observatorioess.org.ar\/index.php\/2016\/04\/13\/unasur-se-pronuncia-sobre-el-proceso-abierto-contra-la-presidenta-de-brasil\/"},"modified":"2016-04-13T13:01:00","modified_gmt":"2016-04-13T13:01:00","slug":"unasur-se-pronuncia-sobre-el-proceso-abierto-contra-la-presidenta-de-brasil","status":"publish","type":"post","link":"http:\/\/fmriachuelo.it10.com.ar\/index.php\/2016\/04\/13\/unasur-se-pronuncia-sobre-el-proceso-abierto-contra-la-presidenta-de-brasil\/","title":{"rendered":"UNASUR SE PRONUNCIA SOBRE EL PROCESO ABIERTO CONTRA LA PRESIDENTA DE BRASIL"},"content":{"rendered":"<p><span style=\"color: red;font-family: Verdana, sans-serif;font-size: large\"><b>SIN PRUEBAS NO HAY JUSTICIA<\/b><\/span><br \/><span style=\"color: red;font-family: Verdana, sans-serif;font-size: large\"><b><br \/><\/b><\/span><\/p>\n<div style=\"clear: both;text-align: center\"><a href=\"https:\/\/4.bp.blogspot.com\/-yZh66sZNBrQ\/Vw5C8vLrKyI\/AAAAAAAAISE\/6OSYnlWXz1E1S5PtWzZdZ8rWCPrR4g1ygCLcB\/s1600\/unasur.jpeg\" style=\"clear: left;float: left;margin-bottom: 1em;margin-right: 1em\"><img loading=\"lazy\" decoding=\"async\" border=\"0\" height=\"190\" src=\"https:\/\/4.bp.blogspot.com\/-yZh66sZNBrQ\/Vw5C8vLrKyI\/AAAAAAAAISE\/6OSYnlWXz1E1S5PtWzZdZ8rWCPrR4g1ygCLcB\/s320\/unasur.jpeg\" width=\"320\" \/><\/a><\/div>\n<p><span style=\"font-family: Verdana, sans-serif\"><\/p>\n<div style=\"text-align: justify\">El Secretario General de UNASUR, en relaci\u00f3n con la  decisi\u00f3n de la Comisi\u00f3n de la C\u00e1mara de Diputados de Brasil adoptada en el d\u00eda de ayer de avanzar en el proceso de destituci\u00f3n de la Presidenta Dilma Rousseff, considera que, sin existir hasta el momento, una prueba que la incrimine de manera personal y directa en la comisi\u00f3n de un delito, esta decisi\u00f3n, se convierte en un motivo de seria preocupaci\u00f3n para la seguridad jur\u00eddica de Brasil y de la regi\u00f3n.&nbsp;<\/div>\n<div style=\"text-align: justify\"><\/div>\n<div style=\"text-align: justify\">La Presidenta solo puede ser procesada y destituida &#8211; revocando el mandato popular que la eligi\u00f3-  por faltas criminales en las cuales se compruebe su participaci\u00f3n dolosa y activa. Aceptar que un mandatario puede ser separado de su cargo por supuestas fallas en actos de car\u00e1cter administrativo llevar\u00eda a la peligrosa criminalizaci\u00f3n del ejercicio del gobierno por razones de \u00edndole simplemente pol\u00edticas.<\/div>\n<div style=\"text-align: justify\"><\/div>\n<div style=\"text-align: justify\">Quito, Abril 12 del 2016<\/div>\n<div style=\"text-align: justify\">&nbsp;<\/div>\n<p><\/span><\/p>\n","protected":false},"excerpt":{"rendered":"<p>SIN PRUEBAS NO HAY JUSTICIA El Secretario General de UNASUR, en relaci\u00f3n con la decisi\u00f3n de la Comisi\u00f3n de la C\u00e1mara de Diputados de Brasil adoptada en el d\u00eda de ayer de avanzar en el proceso de destituci\u00f3n de la Presidenta Dilma Rousseff, considera que, sin existir hasta el momento, una prueba que la incrimine [&hellip;]<\/p>\n","protected":false},"author":4,"featured_media":0,"comment_status":"open","ping_status":"open","sticky":false,"template":"","format":"standard","meta":{"_monsterinsights_skip_tracking":false,"_monsterinsights_sitenote_active":false,"_monsterinsights_sitenote_note":"","_monsterinsights_sitenote_category":0,"jnews-multi-image_gallery":[],"jnews_single_post":[],"jnews_primary_category":[],"_joinchat":[],"footnotes":""},"categories":[1],"tags":[],"class_list":["post-1433","post","type-post","status-publish","format-standard","hentry","category-habitat"],"_links":{"self":[{"href":"http:\/\/fmriachuelo.it10.com.ar\/index.php\/wp-json\/wp\/v2\/posts\/1433","targetHints":{"allow":["GET"]}}],"collection":[{"href":"http:\/\/fmriachuelo.it10.com.ar\/index.php\/wp-json\/wp\/v2\/posts"}],"about":[{"href":"http:\/\/fmriachuelo.it10.com.ar\/index.php\/wp-json\/wp\/v2\/types\/post"}],"author":[{"embeddable":true,"href":"http:\/\/fmriachuelo.it10.com.ar\/index.php\/wp-json\/wp\/v2\/users\/4"}],"replies":[{"embeddable":true,"href":"http:\/\/fmriachuelo.it10.com.ar\/index.php\/wp-json\/wp\/v2\/comments?post=1433"}],"version-history":[{"count":0,"href":"http:\/\/fmriachuelo.it10.com.ar\/index.php\/wp-json\/wp\/v2\/posts\/1433\/revisions"}],"wp:attachment":[{"href":"http:\/\/fmriachuelo.it10.com.ar\/index.php\/wp-json\/wp\/v2\/media?parent=1433"}],"wp:term":[{"taxonomy":"category","embeddable":true,"href":"http:\/\/fmriachuelo.it10.com.ar\/index.php\/wp-json\/wp\/v2\/categories?post=1433"},{"taxonomy":"post_tag","embeddable":true,"href":"http:\/\/fmriachuelo.it10.com.ar\/index.php\/wp-json\/wp\/v2\/tags?post=1433"}],"curies":[{"name":"wp","href":"https:\/\/api.w.org\/{rel}","templated":true}]}}