{"id":1432,"date":"2016-04-13T15:48:00","date_gmt":"2016-04-13T15:48:00","guid":{"rendered":"http:\/\/fmriachuelo.observatorioess.org.ar\/index.php\/2016\/04\/13\/tierra-del-fuego-tension-por-paro-de-docentes\/"},"modified":"2016-04-13T15:48:00","modified_gmt":"2016-04-13T15:48:00","slug":"tierra-del-fuego-tension-por-paro-de-docentes","status":"publish","type":"post","link":"http:\/\/fmriachuelo.it10.com.ar\/index.php\/2016\/04\/13\/tierra-del-fuego-tension-por-paro-de-docentes\/","title":{"rendered":"TIERRA DEL FUEGO: TENSI\u00d3N POR PARO DE DOCENTES"},"content":{"rendered":"<p><span><b>EN CONFLICTO<\/b><\/span><\/p>\n<div style=\"clear: both;text-align: center\"><a href=\"https:\/\/4.bp.blogspot.com\/-rCdEuT0sjy8\/Vw5qWQQDvrI\/AAAAAAAAISU\/JPZ405aeWQM_kN5Bo2P0xJstd-2VO2TQQCLcB\/s1600\/t%2Bdel%2Bfuego.png\" style=\"clear: left;float: left;margin-bottom: 1em;margin-right: 1em\"><img decoding=\"async\" border=\"0\" src=\"https:\/\/4.bp.blogspot.com\/-rCdEuT0sjy8\/Vw5qWQQDvrI\/AAAAAAAAISU\/JPZ405aeWQM_kN5Bo2P0xJstd-2VO2TQQCLcB\/s1600\/t%2Bdel%2Bfuego.png\" \/><\/a><\/div>\n<div>\n<div style=\"margin-bottom: 10px\"><\/div>\n<div style=\"text-align: justify\"><span style=\"font-family: Verdana, sans-serif\">Este martes 12 de abril, unos 200 individuos del sindicato de camioneros irrumpieron en la protesta que realizaban la Uni\u00f3n de gremios y jubilados estatales. &nbsp;<\/span><\/div>\n<p><span style=\"font-family: Verdana, sans-serif\"><\/p>\n<div style=\"text-align: justify\">Durante la jornada se &nbsp;juntaron varios gremios de Tierra del Fuego para pedir la derogaci\u00f3n del paquete de leyes que transforma de sujeto de derecho a objeto de recaudaci\u00f3n a la poblaci\u00f3n de la provincia. Se unieron los sindicatos e hicieron acampes. Tras una jornada de corte de ruta, el sindicato de camioneros reprimi\u00f3 a los trabajadores manifestantes. Hay gente herida y lastimada. La polic\u00eda intervino incitando a la violencia entre los sectores.<\/div>\n<div style=\"text-align: justify\"><\/div>\n<div style=\"text-align: justify\">Horacio Catena, Secretario General del SUTEF y Secretario General de la CTA Aut\u00f3noma de Tierra del Fuego, dijo: \u201cHoy hubo forcejeos, golpes, piedras, heridos, totalmente repudiable el hecho, hay contusiones. Nosotros est\u00e1bamos cortando accesos, lo que no hizo la polic\u00eda lo hizo el sindicato de camioneros, fueron aproximadamente 200 individuos. Seguiremos con el paro: no trabajar\u00e1 m\u00e1s nadie si no derogan las leyes incluidas en el paquete\u201d.<\/div>\n<div style=\"text-align: justify\"><a name='more'><\/a><\/div>\n<div style=\"text-align: justify\">La Secretar\u00eda de Prensa y Difusi\u00f3n de SUTEF y CTA difundio un comunicado;<\/div>\n<div style=\"text-align: justify\">\u00abRepudiamos los hechos acontecidos en el d\u00eda de hoy. Hacemos responsable a la Gobernadora Bertone, a los legisladores y los pol\u00edticos que han hecho o\u00eddos sordos al reclamo de la trabajadores. A 21 a\u00f1os de un d\u00eda tr\u00e1gico para nuestra isla, el Gobierno Provincial liber\u00f3 la zona para que act\u00fae una fuerza de choque rompehuelga. En principio nos solidarizamos con los compa\u00f1eros que sufrieron heridas y golpes. Con ellos y sus familias. Por \u00faltimo, convocamos ma\u00f1ana mi\u00e9rcoles a un paro general en repudio a lo sucedido y por la derogaci\u00f3n del paquete de leyes. Convocamos a las 8:30 hs en el acampe. Haremos valer la voluntad popular de las 20.000 firmas que piden la derogaci\u00f3n de las leyes de ajuste\u00bb.<\/div>\n<div style=\"text-align: justify\"><\/div>\n<div style=\"text-align: justify\"><span style=\"font-family: Verdana, sans-serif\">Contacto: Horacio Catena. Secretario General del SUTEF y Secretario General de la CTA Aut\u00f3noma de Tierra del Fuego. Cel: (02901) 1554747<\/span><span style=\"color: #333333;font-family: Source Sans Pro, sans-serif\"><b><span style=\"background-color: whitesmoke;font-size: 14px;line-height: 20px\">2<\/span><\/b><\/span><\/div>\n<p><\/span><\/div>\n","protected":false},"excerpt":{"rendered":"<p>EN CONFLICTO Este martes 12 de abril, unos 200 individuos del sindicato de camioneros irrumpieron en la protesta que realizaban la Uni\u00f3n de gremios y jubilados estatales. &nbsp; Durante la jornada se &nbsp;juntaron varios gremios de Tierra del Fuego para pedir la derogaci\u00f3n del paquete de leyes que transforma de sujeto de derecho a objeto [&hellip;]<\/p>\n","protected":false},"author":4,"featured_media":0,"comment_status":"open","ping_status":"open","sticky":false,"template":"","format":"standard","meta":{"_monsterinsights_skip_tracking":false,"_monsterinsights_sitenote_active":false,"_monsterinsights_sitenote_note":"","_monsterinsights_sitenote_category":0,"jnews-multi-image_gallery":[],"jnews_single_post":[],"jnews_primary_category":[],"_joinchat":[],"footnotes":""},"categories":[75],"tags":[],"class_list":["post-1432","post","type-post","status-publish","format-standard","hentry","category-trabajo"],"_links":{"self":[{"href":"http:\/\/fmriachuelo.it10.com.ar\/index.php\/wp-json\/wp\/v2\/posts\/1432","targetHints":{"allow":["GET"]}}],"collection":[{"href":"http:\/\/fmriachuelo.it10.com.ar\/index.php\/wp-json\/wp\/v2\/posts"}],"about":[{"href":"http:\/\/fmriachuelo.it10.com.ar\/index.php\/wp-json\/wp\/v2\/types\/post"}],"author":[{"embeddable":true,"href":"http:\/\/fmriachuelo.it10.com.ar\/index.php\/wp-json\/wp\/v2\/users\/4"}],"replies":[{"embeddable":true,"href":"http:\/\/fmriachuelo.it10.com.ar\/index.php\/wp-json\/wp\/v2\/comments?post=1432"}],"version-history":[{"count":0,"href":"http:\/\/fmriachuelo.it10.com.ar\/index.php\/wp-json\/wp\/v2\/posts\/1432\/revisions"}],"wp:attachment":[{"href":"http:\/\/fmriachuelo.it10.com.ar\/index.php\/wp-json\/wp\/v2\/media?parent=1432"}],"wp:term":[{"taxonomy":"category","embeddable":true,"href":"http:\/\/fmriachuelo.it10.com.ar\/index.php\/wp-json\/wp\/v2\/categories?post=1432"},{"taxonomy":"post_tag","embeddable":true,"href":"http:\/\/fmriachuelo.it10.com.ar\/index.php\/wp-json\/wp\/v2\/tags?post=1432"}],"curies":[{"name":"wp","href":"https:\/\/api.w.org\/{rel}","templated":true}]}}