{"id":1431,"date":"2016-04-14T12:51:00","date_gmt":"2016-04-14T12:51:00","guid":{"rendered":"http:\/\/fmriachuelo.observatorioess.org.ar\/index.php\/2016\/04\/14\/inta-fallecio-una-trabajadora-en-medio-de-las-negociaciones-por-despidos\/"},"modified":"2016-04-14T12:51:00","modified_gmt":"2016-04-14T12:51:00","slug":"inta-fallecio-una-trabajadora-en-medio-de-las-negociaciones-por-despidos","status":"publish","type":"post","link":"http:\/\/fmriachuelo.it10.com.ar\/index.php\/2016\/04\/14\/inta-fallecio-una-trabajadora-en-medio-de-las-negociaciones-por-despidos\/","title":{"rendered":"INTA: FALLECI\u00d3 UNA TRABAJADORA EN MEDIO DE LAS NEGOCIACIONES POR DESPIDOS"},"content":{"rendered":"<p><span style=\"color: red;font-family: Verdana, sans-serif;font-size: large\"><b>POL\u00cdTICAS DE MUERTE<\/b><\/span><br \/><span style=\"color: red;font-family: Verdana, sans-serif;font-size: large\"><b><br \/><\/b><\/span><\/p>\n<div style=\"clear: both;text-align: center\"><a href=\"https:\/\/4.bp.blogspot.com\/-Txq__VYzLFk\/Vw-RxLL7S8I\/AAAAAAAAISs\/SV6hX-cUeCIJFJQLOUoohChTqtv5jHqxACLcB\/s1600\/melisa.jpg\" style=\"clear: left;float: left;margin-bottom: 1em;margin-right: 1em\"><img loading=\"lazy\" decoding=\"async\" border=\"0\" height=\"320\" src=\"https:\/\/4.bp.blogspot.com\/-Txq__VYzLFk\/Vw-RxLL7S8I\/AAAAAAAAISs\/SV6hX-cUeCIJFJQLOUoohChTqtv5jHqxACLcB\/s320\/melisa.jpg\" width=\"268\" \/><\/a><\/div>\n<p><span style=\"font-family: Verdana, sans-serif\"><\/p>\n<div style=\"text-align: justify\">[Anred] Melisa Bogarin, trabajadora precarizada del Inta en Chaco, en el marco de una reuni\u00f3n con autoridades del sector, se descompuso y muri\u00f3 mientras era trasladada a un hospital. Esto se suma al fallecimiento de Yolanda Mercedes, auxiliar docente de Mar del Plata. Por El Trabajador del Estado.<\/div>\n<div style=\"text-align: justify\"><\/div>\n<div style=\"text-align: justify\">Bogar\u00edn, trabajadora del programa Prohuerta en Las Bre\u00f1as, localidad del Chaco, negociaba con las autoridades por la renovaci\u00f3n de los contratos. En medio de la reuni\u00f3n, se descompens\u00f3 y luego que se intent\u00f3 reanimarla, muri\u00f3 mientras la trasladaban al hospital m\u00e1s cercano.<\/div>\n<div style=\"text-align: justify\"><\/div>\n<div style=\"text-align: justify\">Su esposo, Germ\u00e1n Gonaldi, despedido de la Secretaria de Agricultura Familiar, estaba en la toma del edificio en Resistencia. Ambos tienen una beba de un a\u00f1o y medio.<\/div>\n<div style=\"text-align: justify\"><\/div>\n<div style=\"text-align: justify\">\u201cMientras est\u00e1bamos con el compa\u00f1ero Germ\u00e1n Gonaldi, esposo de Melisa, en la permanencia pac\u00edfica del edificio de Agricultura Familiar en Resistencia, nos enteramos de su fallecimiento. Ella, en su condici\u00f3n de precarizada, hab\u00eda decidido representar a los compa\u00f1eros de su sector\u201d, dijo Mario Bustamante, Secretario general de ATE Chaco.<\/div>\n<div style=\"text-align: justify\"><a name='more'><\/a><\/div>\n<div style=\"text-align: justify\">Este fallecimiento se suma a Yolanda Mercedes, auxiliar docente de Mar del Plata, quien muri\u00f3 el fin de semana pasado producto de otro infarto que le produjo advertir que en su cuenta sueldo s\u00f3lo hab\u00eda $40 y no pod\u00eda pagar el alquiler. El gobierno de Mar\u00eda Eugenia Vidal le hab\u00eda aplicado un descuento de m\u00e1s de $6.000 sobre su salario. La trabajadora, que desempe\u00f1aba tareas en una escuela especial, ten\u00eda 60 a\u00f1os.<\/div>\n<div style=\"text-align: justify\"><\/div>\n<div style=\"text-align: justify\">\u201cEl presidente se est\u00e1 llevando vidas de trabajadores con lo cual demuestra que no solamente han abandonado a los afectados por la epidemia porque no hay una sola respuesta del Ministerio de Salud sino que adem\u00e1s los est\u00e1n matando con los despidos y retenciones de los sueldos\u201d, se\u00f1al\u00f3 Hugo \u201cCachorro\u201d Godoy, Secretario General de ATE nacional.<\/div>\n<div style=\"text-align: justify\"><\/div>\n<div style=\"text-align: justify\">En ese contexto, el dirigente subray\u00f3 que \u201cesto muestra la brutalidad del ajuste y de lo inhumano de quienes lo est\u00e1n ejecutando\u201d.<\/div>\n<div style=\"text-align: justify\">Carta Abierta de los trabajadores de INTA<\/div>\n<div style=\"text-align: justify\"><\/div>\n<div style=\"text-align: justify\">Desde hace m\u00e1s de 8 a\u00f1os desempe\u00f1aba tareas de comunicaci\u00f3n en el programa. No era una trabajadora que pensaba la comunicaci\u00f3n como tradicionalmente se la conoce, una herramienta para difundir un hecho en un medio. Si no que consideraba que, para los sectores con los que trabajaba todos los d\u00edas, campesinos, agricultores familiares y comunidades originarias, la comunicaci\u00f3n, ejercida como un derecho humano, pod\u00eda servirles para, sin intermediarios, ayudarles a expresar sus problem\u00e1ticas, luchas y alegr\u00edas.<\/div>\n<div style=\"text-align: justify\"><\/div>\n<div style=\"text-align: justify\">En eso trabajo en esos 8 a\u00f1os. Desde el ProHuerta y en Chaco, con otros compa\u00f1eros, impuls\u00f3 una red de radios escolares rurales, en las escuelas en donde asist\u00edan los hijos de los huerteros de ProHuerta, de los agricultores familiares y campesinos con los que trabajaba. Esa era su preocupaci\u00f3n, como la comunicaci\u00f3n pod\u00eda servir a esos sectores para decir, para denunciar la explotaci\u00f3n y postergaci\u00f3n, para ayudar a organizarlos. Impuls\u00f3 talleres, form\u00f3 a ni\u00f1os y adultos, gestion\u00f3 la instalaci\u00f3n de radios escolares, elabor\u00f3 proyectos con las escuelas y con organizaciones de la agricultura familiar, escribi\u00f3 los procesos para que sirvieran de ejemplo en otros rincones del pa\u00eds, los comparti\u00f3, se junto con otros en todo el pa\u00eds. So\u00f1\u00f3 e hizo lo posible, desde su lugar, por la construcci\u00f3n de la utop\u00eda de un pa\u00eds m\u00e1s justo e inclusivo.<\/div>\n<div style=\"text-align: justify\"><\/div>\n<div style=\"text-align: justify\">Su marido Germ\u00e1n tambi\u00e9n trabajaba la comunicaci\u00f3n en el mismo sentido en la Secretaria de Agricultura Familiar. Ten\u00edan una nena que hace unas semanas cumpli\u00f3 un a\u00f1o.<\/div>\n<div style=\"text-align: justify\"><\/div>\n<div style=\"text-align: justify\">Como miles de laburantes de la gesti\u00f3n p\u00fablica, desde hace 4 meses, viven la humillaci\u00f3n, la persecuci\u00f3n y el maltrato, no solo de un gobierno que nos trata de \u00f1oquis y vagos, sino de un sector importante de la prensa nacional y la sociedad que repite ese relato, sin fundamentos, sin saber, sin conocer una sola historia de estos trabajadores, queri\u00e9ndole cobrar a Melisas y Germanes vaya saber qu\u00e9 venganza.<\/div>\n<div style=\"text-align: justify\"><\/div>\n<div style=\"text-align: justify\">Hoy, mientras intentaba explicar su situaci\u00f3n en una asamblea de trabajadores en Chaco: por decisi\u00f3n del Ministerio de Desarrollo Social su contrato precarizado hab\u00eda sido extendido por tres meses, sin seguridad de renovaci\u00f3n (como cerca de 232 trabajadores de ProHuerta en todo el pa\u00eds) y su marido Germ\u00e1n hab\u00eda sido despedido de la Secretaria de Agricultura Familiar. Mientras explicaba sus miedos por la continuidad de sus sue\u00f1os de trabajo y familia, les hab\u00eda sido otorgado el a\u00f1o pasado un cr\u00e9dito Procrear para la primer vivienda, se descompens\u00f3, sufri\u00f3 un paro card\u00edaco y muri\u00f3 cuando era trasladada al hospital m\u00e1s cercano para ser atendida.<\/div>\n<div style=\"text-align: justify\"><\/div>\n<div style=\"text-align: justify\">Melisa Bogarin ten\u00eda 30 a\u00f1os.<\/div>\n<div style=\"text-align: justify\"><\/div>\n<div style=\"text-align: justify\"><\/div>\n<div style=\"text-align: justify\"><\/div>\n<div style=\"text-align: justify\">El proyecto de gobierno encarnado por Mauricio Macri no es solo un gobierno de ajuste, de devaluaci\u00f3n, de tarifazos, de despidos. Es un gobierno de muerte. Y los trabajadores no queremos una muerte m\u00e1s. En tu memoria, por tu trabajo, por tus sue\u00f1os y por tu familia, los trabajadores de INTA, tus compa\u00f1eros, te prometemos mantener encendido el reclamo de justicia.<\/div>\n<p><\/span><\/p>\n<div style=\"text-align: justify\"><\/div>\n","protected":false},"excerpt":{"rendered":"<p>POL\u00cdTICAS DE MUERTE [Anred] Melisa Bogarin, trabajadora precarizada del Inta en Chaco, en el marco de una reuni\u00f3n con autoridades del sector, se descompuso y muri\u00f3 mientras era trasladada a un hospital. Esto se suma al fallecimiento de Yolanda Mercedes, auxiliar docente de Mar del Plata. Por El Trabajador del Estado. Bogar\u00edn, trabajadora del programa [&hellip;]<\/p>\n","protected":false},"author":4,"featured_media":0,"comment_status":"open","ping_status":"open","sticky":false,"template":"","format":"standard","meta":{"_monsterinsights_skip_tracking":false,"_monsterinsights_sitenote_active":false,"_monsterinsights_sitenote_note":"","_monsterinsights_sitenote_category":0,"jnews-multi-image_gallery":[],"jnews_single_post":[],"jnews_primary_category":[],"_joinchat":[],"footnotes":""},"categories":[75],"tags":[],"class_list":["post-1431","post","type-post","status-publish","format-standard","hentry","category-trabajo"],"_links":{"self":[{"href":"http:\/\/fmriachuelo.it10.com.ar\/index.php\/wp-json\/wp\/v2\/posts\/1431","targetHints":{"allow":["GET"]}}],"collection":[{"href":"http:\/\/fmriachuelo.it10.com.ar\/index.php\/wp-json\/wp\/v2\/posts"}],"about":[{"href":"http:\/\/fmriachuelo.it10.com.ar\/index.php\/wp-json\/wp\/v2\/types\/post"}],"author":[{"embeddable":true,"href":"http:\/\/fmriachuelo.it10.com.ar\/index.php\/wp-json\/wp\/v2\/users\/4"}],"replies":[{"embeddable":true,"href":"http:\/\/fmriachuelo.it10.com.ar\/index.php\/wp-json\/wp\/v2\/comments?post=1431"}],"version-history":[{"count":0,"href":"http:\/\/fmriachuelo.it10.com.ar\/index.php\/wp-json\/wp\/v2\/posts\/1431\/revisions"}],"wp:attachment":[{"href":"http:\/\/fmriachuelo.it10.com.ar\/index.php\/wp-json\/wp\/v2\/media?parent=1431"}],"wp:term":[{"taxonomy":"category","embeddable":true,"href":"http:\/\/fmriachuelo.it10.com.ar\/index.php\/wp-json\/wp\/v2\/categories?post=1431"},{"taxonomy":"post_tag","embeddable":true,"href":"http:\/\/fmriachuelo.it10.com.ar\/index.php\/wp-json\/wp\/v2\/tags?post=1431"}],"curies":[{"name":"wp","href":"https:\/\/api.w.org\/{rel}","templated":true}]}}