{"id":1430,"date":"2016-04-15T16:57:00","date_gmt":"2016-04-15T16:57:00","guid":{"rendered":"http:\/\/fmriachuelo.observatorioess.org.ar\/index.php\/2016\/04\/15\/violencia-sobre-las-organizaciones\/"},"modified":"2016-04-15T16:57:00","modified_gmt":"2016-04-15T16:57:00","slug":"violencia-sobre-las-organizaciones","status":"publish","type":"post","link":"http:\/\/fmriachuelo.it10.com.ar\/index.php\/2016\/04\/15\/violencia-sobre-las-organizaciones\/","title":{"rendered":"VIOLENCIA SOBRE LAS ORGANIZACIONES"},"content":{"rendered":"<p><span style=\"color: red;font-family: Verdana, sans-serif;font-size: large\"><b>\u00a1EL DERRAME!<\/b><\/span><br \/><span style=\"font-family: Verdana, sans-serif\"><\/p>\n<div><span style=\"font-family: Verdana, sans-serif\">LA TERCERIZACI\u00d3N DE LOS SERVICIOS REPRESIVOS<\/span><\/div>\n<p>&nbsp;<\/span><\/p>\n<div style=\"clear: both;text-align: center\"><a href=\"https:\/\/3.bp.blogspot.com\/-EV9e8wVsxF0\/VxEcsjqgzQI\/AAAAAAAAITQ\/eOChxon8A7AXzTN54sYvCUQSTo1POzItQCLcB\/s1600\/toma-merlo.jpg\" style=\"clear: left;float: left;margin-bottom: 1em;margin-right: 1em\"><img loading=\"lazy\" decoding=\"async\" border=\"0\" height=\"177\" src=\"https:\/\/3.bp.blogspot.com\/-EV9e8wVsxF0\/VxEcsjqgzQI\/AAAAAAAAITQ\/eOChxon8A7AXzTN54sYvCUQSTo1POzItQCLcB\/s320\/toma-merlo.jpg\" width=\"320\" \/><\/a><\/div>\n<p><span style=\"font-family: Verdana, sans-serif;font-size: x-small\"><\/p>\n<div style=\"text-align: justify\">[POR <a href=\"http:\/\/cosecharoja.org\/author\/comision-investigadora-de-la-violencia-en-los-terr\/\">COMISION INVESTIGADORA DE LA VIOLENCIA EN LOS TERRITORIOS<\/a>]<\/div>\n<p><\/span><span style=\"font-family: Verdana, sans-serif\"><\/p>\n<div style=\"text-align: justify\"><\/div>\n<div style=\"text-align: justify\">El <a href=\"http:\/\/ciudadfutura.com.ar\/violencia-e-impunidad\">violento ataque<\/a> al tambo \u201cLa Resistencia\u201d que tuvo lugar la noche del viernes 8 de abril en la periferia rosarina nos ubica, al decir de sus v\u00edctimas, ante la experiencia de haber tocado un l\u00edmite. \u201cCruzamos una l\u00ednea sin retorno\u201d, afirmaron desde el Frente Ciudad Futura. Tres hombres armados y con capuchas ingresaron a la sede de un emprendimiento econ\u00f3mico y pol\u00edtico de larga trayectoria, maltrataron al representante de una organizaci\u00f3n social con representaci\u00f3n parlamentaria, y transmitieron un mensaje expl\u00edcito enviado por sus empleadores: \u201co se van o ponemos una bomba\u201d. El espinel de pretendientes de las tierras donde est\u00e1 asentado el Tambo es nutrido, pero las sospechas apuntan a la empresa CIMAR SA, cuyo slogan es \u201cinversiones en equipo\u201d.<\/div>\n<div style=\"text-align: justify\"><\/div>\n<div style=\"text-align: justify\">El caso es similar a lo acontecido en Villa Celina, partido de La Matanza, el 12 de febrero. All\u00ed, un sicario apodado \u201cJonhy\u201d le peg\u00f3 un balazo en el pecho a un militante del Movimiento Popular La Dignidad, integrante de los Vecinos Autoconvocados del Barrio Vicente L\u00f3pez. Minutos antes de efectuar el disparo lo hab\u00eda conminado a \u201cdejarse de joder con sus jefes y con las tierras\u201d, sobre las que mantienen una disputa. Dar\u00edo Juli\u00e1n \u2013<a href=\"http:\/\/cosecharoja.org\/nuevo-escenario-la-vivienda-se-disputa-a-sangre-y-fuego\/\">m\u00e1s conocido como Iki<\/a>\u2013 salv\u00f3 su vida de pura casualidad y hoy, mientras se hace estudios para detectar en qu\u00e9 parte de su cuerpo qued\u00f3 alojada la bala, debe estar alerta a los movimientos del soldadito que permanece libre y sin cargos (<a href=\"http:\/\/revistacrisis.com.ar\/notas\/tres-disparos\">m\u00e1s datos<\/a>).&nbsp;<\/div>\n<div style=\"text-align: justify\"><a name='more'><\/a><\/div>\n<div style=\"text-align: justify\">Este hecho motiv\u00f3 el surgimiento de la Comisi\u00f3n Investigadora de la Violencia en los Territorios, integrada por organismos de derechos humanos, agrupaciones sociales y pol\u00edticas, medios comunicacionales y personas involucradas en din\u00e1micas concretas de democratizaci\u00f3n. Pronto la nueva iniciativa se vio desbordada por la multiplicaci\u00f3n de agresiones contra organizaciones populares en las m\u00e1s diversas geograf\u00edas del pa\u00eds.<\/div>\n<div style=\"text-align: justify\"><\/div>\n<div style=\"text-align: justify\">El 19 de febrero, apenas siete d\u00edas despu\u00e9s de lo sucedido en La Matanza, Pablo Sarmiento, campesino e integrante del Movimiento Nacional Campesino Ind\u00edgena (UST-MNCI), fue baleado por personal de la Polic\u00eda Provincial de Mendoza mientras intentaba impedir junto a miembros de su comunidad el alambrado ilegal de sus tierras. Pese a la existencia de una sentencia judicial que le reconoce la posesi\u00f3n a la familia Sarmiento, la empresa Elaia-Argenceres SA redobl\u00f3 la apuesta y contrat\u00f3 polic\u00edas para custodiar el avance de las obras. Luego de recibir el disparo y sin atenci\u00f3n m\u00e9dica, Pablo y otros integrantes de su familia fueron detenidos por \u201caveriguaci\u00f3n de antecedentes\u201d. Se trata del devenir sicario de la propia agencia policial (<a href=\"http:\/\/asambleaporelagua.org\/urgente-campesino-de-mendoza-baleado-por-su-tierra\">Comunicado de la UST-MNCI<\/a>).<\/div>\n<div style=\"text-align: justify\"><\/div>\n<div style=\"text-align: justify\">El viernes 4 de marzo se desat\u00f3 una intensa balacera en el Bajo Flores sin que se hayan podido desentra\u00f1ar los motivos. Un grupo de civiles armados asesin\u00f3 a Fernando David Gonz\u00e1lez de 21 a\u00f1os e hiri\u00f3 de gravedad a Miriam Villa, quien muri\u00f3 en el hospital casi un mes m\u00e1s tarde (el 3 de abril). Miriam hab\u00eda protagonizado una larga lucha en procura de justicia por el asesinato de su hijo Ariel (de 19 a\u00f1os), en septiembre de 2014. El episodio tuvo lugar en la misma esquina donde a fines de enero la Gendarmer\u00eda Nacional reprimi\u00f3 salvajemente a los integrantes de la <a href=\"http:\/\/cosecharoja.org\/como-los-gendarmes-balearon-a-los-murgueros\/\">murga \u201cLos reyes del ritmo\u201d<\/a>. En una muestra de sensacionalismo e irresponsabilidad primero T\u00e9lam y luego el diario Clar\u00edn vincularon ambos hechos; incluso insinuaron que desde la murga hab\u00edan respondido el ataque con armas de fuego.<\/div>\n<div style=\"text-align: justify\"><\/div>\n<div style=\"text-align: justify\">El 13 de marzo, en la ciudad costera de Miramar, agentes de la flamante Polic\u00eda Comunal demoraron a <a href=\"http:\/\/cosecharoja.org\/el-militante-gay-identifico-los-policias-que-lo-torturaron-en-miramar\/\">Lautaro Blengio<\/a>, militante LGBTIQ y presidente del Centro de Estudiantes de la Escuela Media 1, que lleva el nombre de \u201cRodolfo Walsh\u201d. Lautaro respondi\u00f3 exigiendo la identificaci\u00f3n de los efectivos. Lo que recibi\u00f3 fue amenazas: \u201cte voy a tirar en el vivero\u201d,  le dijo uno de los uniformados al frente del operativo. Al d\u00eda siguiente el joven fue secuestrado por los mismos polic\u00edas, aunque esta vez no solo no portaban identificaci\u00f3n, sino que tampoco vest\u00edan uniforme, ni conduc\u00edan un patrullero. Arriba del veh\u00edculo lo encapucharon, lo golpearon y lo llevaron hasta el predio del vivero municipal, una zona apartada y de poca circulaci\u00f3n. All\u00ed lo torturaron, le apagaron cigarrillos encendidos en la piel, lo cortaron con una navaja, le hicieron una cruz en el pecho y hasta<a href=\"http:\/\/www.pagina12.com.ar\/diario\/sociedad\/3-294695-2016-03-16.html\"> simularon un fusilamiento<\/a>.<\/div>\n<div style=\"text-align: justify\"><\/div>\n<div style=\"text-align: justify\">Lo que cada uno de estos hechos de violencia tiene en com\u00fan es el avance de variados negocios rent\u00edsticos sobre las periferias urbanas y rurales. Territorios hist\u00f3ricamente \u201cen desuso\u201d y por lo tanto reservados a la sobrevivencia de los pobres, est\u00e1n siendo colonizados por desarrollos inmobiliarios, empresas narcos y emprendimientos agroexportadores. Una din\u00e1mica que se mantuvo constante durante la \u00faltima d\u00e9cada, pero que desde el diez de diciembre pasado sus actores protag\u00f3nicos disfrutan la apertura de una nueva fase m\u00e1s favorable a sus intereses.<\/div>\n<div style=\"text-align: justify\"><\/div>\n<div style=\"text-align: justify\">As\u00ed como el ajuste en el Estado funciona como est\u00edmulo para que el sector privado ejecute una reducci\u00f3n de personal, el desmonte de las articulaciones institucionales que cuestionaban los abusos de las empresas y las maniobras para deslegitimar a las organizaciones sociales ofrecen un escenario inmejorable para que se desate el poder disciplinador de una represi\u00f3n cada vez m\u00e1s paraestatal y agresiva. En este contexto, las organizaciones populares temen por el futuro de sus proyectos comunitarios pero tambi\u00e9n por la vida de sus militantes expuestos a soldaditos narcos, barras bravas y fuerzas de seguridad.<\/div>\n<div style=\"text-align: justify\"><\/div>\n<div style=\"text-align: justify\">Las pantallas de los principales medios de comunicaci\u00f3n ventilan de manera selectiva y epis\u00f3dica algunas tramas corrup<br \/>\ntas de altas esferas, las que dependen de la utilizaci\u00f3n de instrumentos financieros para la fuga masiva de ganancias empresarias sin pagar impuestos, o el blanqueo de monta\u00f1as de dinero provenientes de la criminalidad econ\u00f3mica y el desv\u00edo de fondos estatales. Pero nada dicen de esta otra forma de delincuencia organizada que tiene el mismo origen y se derrama con total impunidad sobre los territorios. Poderes estatales claves son fagocitados por negocios que dependen, para su funcionamiento, de dispositivos represivos cada vez m\u00e1s difusos y desencajados. En la construcci\u00f3n de nuevas instituciones populares, complejas y vers\u00e1tiles, con una efectiva capacidad de intervenci\u00f3n en este escenario marcado por la tercerizaci\u00f3n de los servicios represivos, no solo se juega el destino de las organizaciones sociales sino el de la propia democracia.<\/div>\n<p><\/span><\/p>\n","protected":false},"excerpt":{"rendered":"<p>\u00a1EL DERRAME! LA TERCERIZACI\u00d3N DE LOS SERVICIOS REPRESIVOS &nbsp; [POR COMISION INVESTIGADORA DE LA VIOLENCIA EN LOS TERRITORIOS] El violento ataque al tambo \u201cLa Resistencia\u201d que tuvo lugar la noche del viernes 8 de abril en la periferia rosarina nos ubica, al decir de sus v\u00edctimas, ante la experiencia de haber tocado un l\u00edmite. \u201cCruzamos [&hellip;]<\/p>\n","protected":false},"author":4,"featured_media":0,"comment_status":"open","ping_status":"open","sticky":false,"template":"","format":"standard","meta":{"_monsterinsights_skip_tracking":false,"_monsterinsights_sitenote_active":false,"_monsterinsights_sitenote_note":"","_monsterinsights_sitenote_category":0,"jnews-multi-image_gallery":[],"jnews_single_post":[],"jnews_primary_category":[],"_joinchat":[],"footnotes":""},"categories":[77],"tags":[],"class_list":["post-1430","post","type-post","status-publish","format-standard","hentry","category-soberania"],"_links":{"self":[{"href":"http:\/\/fmriachuelo.it10.com.ar\/index.php\/wp-json\/wp\/v2\/posts\/1430","targetHints":{"allow":["GET"]}}],"collection":[{"href":"http:\/\/fmriachuelo.it10.com.ar\/index.php\/wp-json\/wp\/v2\/posts"}],"about":[{"href":"http:\/\/fmriachuelo.it10.com.ar\/index.php\/wp-json\/wp\/v2\/types\/post"}],"author":[{"embeddable":true,"href":"http:\/\/fmriachuelo.it10.com.ar\/index.php\/wp-json\/wp\/v2\/users\/4"}],"replies":[{"embeddable":true,"href":"http:\/\/fmriachuelo.it10.com.ar\/index.php\/wp-json\/wp\/v2\/comments?post=1430"}],"version-history":[{"count":0,"href":"http:\/\/fmriachuelo.it10.com.ar\/index.php\/wp-json\/wp\/v2\/posts\/1430\/revisions"}],"wp:attachment":[{"href":"http:\/\/fmriachuelo.it10.com.ar\/index.php\/wp-json\/wp\/v2\/media?parent=1430"}],"wp:term":[{"taxonomy":"category","embeddable":true,"href":"http:\/\/fmriachuelo.it10.com.ar\/index.php\/wp-json\/wp\/v2\/categories?post=1430"},{"taxonomy":"post_tag","embeddable":true,"href":"http:\/\/fmriachuelo.it10.com.ar\/index.php\/wp-json\/wp\/v2\/tags?post=1430"}],"curies":[{"name":"wp","href":"https:\/\/api.w.org\/{rel}","templated":true}]}}