{"id":1429,"date":"2016-04-16T15:27:00","date_gmt":"2016-04-16T15:27:00","guid":{"rendered":"http:\/\/fmriachuelo.observatorioess.org.ar\/index.php\/2016\/04\/16\/nuestramerica-en-noticias\/"},"modified":"2016-04-16T15:27:00","modified_gmt":"2016-04-16T15:27:00","slug":"nuestramerica-en-noticias","status":"publish","type":"post","link":"http:\/\/fmriachuelo.it10.com.ar\/index.php\/2016\/04\/16\/nuestramerica-en-noticias\/","title":{"rendered":"NUESTRAM\u00c9RICA EN NOTICIAS"},"content":{"rendered":"<p><span style=\"color: red;font-family: Verdana, sans-serif;font-size: large\"><b>DESTACADAS DE LA SEMANA<\/b><\/span><br \/><span style=\"color: red;font-family: Verdana, sans-serif\"><b>BRASIL: CAMARA DE DIPUTADOS VOTA EL JUICIO POL\u00cdTICO<\/b><\/span><\/p>\n<div style=\"clear: both;text-align: center\"><a href=\"https:\/\/4.bp.blogspot.com\/-apHZhnFJ4wE\/VxOlmwOiHMI\/AAAAAAAAITo\/Uh7MFe_4N0EZTa6C9_SMz3b2bJL9DjtoQCLcB\/s1600\/BRASIL.jpg\" style=\"clear: left;float: left;margin-bottom: 1em;margin-right: 1em\"><img loading=\"lazy\" decoding=\"async\" border=\"0\" height=\"113\" src=\"https:\/\/4.bp.blogspot.com\/-apHZhnFJ4wE\/VxOlmwOiHMI\/AAAAAAAAITo\/Uh7MFe_4N0EZTa6C9_SMz3b2bJL9DjtoQCLcB\/s200\/BRASIL.jpg\" width=\"200\" \/><\/a><\/div>\n<p><span style=\"font-family: Verdana, sans-serif\"><\/p>\n<div style=\"text-align: justify\">Los brasile\u00f1os despiertan este domingo con las expectativas de lo que pueda suceder en la C\u00e1mara de Diputados en la que se realizar\u00e1 la votaci\u00f3n definitiva para decidir sobre la admisibilidad del proceso de juicio pol\u00edtico contra la presidenta Dilma Rousseff, una medida que ha sido calificada como un golpe a la democracia.<\/div>\n<div style=\"text-align: justify\"><span style=\"font-size: 13.3333px\"><a href=\"http:\/\/www.telesurtv.net\/news\/Camara-de-Diputados-vota-hoy-juicio-politico-contra-Rousseff-20160417-0009.html\">http:\/\/www.telesurtv.net\/news\/Camara-de-Diputados-vota-hoy-juicio-politico-contra-Rousseff-20160417-0009.html<\/a><\/span><\/div>\n<div style=\"text-align: justify\"><span style=\"color: red\"><b><br \/><\/b><\/span><\/div>\n<div style=\"text-align: justify\"><span style=\"color: red\"><b>ECUADOR: TERREMOTO AFECTA VARIAS PROVINCIAS<\/b><\/span><\/div>\n<div style=\"clear: both;text-align: center\"><a href=\"https:\/\/1.bp.blogspot.com\/-4_E-nNfNIAs\/VxOmi9R1-nI\/AAAAAAAAITs\/V1jg5M_L5tM5lGcQTVQLNq7d0tugaNs8QCLcB\/s1600\/terremotoecuador1.jpg_1718483346.jpg\" style=\"clear: left;float: left;margin-bottom: 1em;margin-right: 1em\"><img loading=\"lazy\" decoding=\"async\" border=\"0\" height=\"113\" src=\"https:\/\/1.bp.blogspot.com\/-4_E-nNfNIAs\/VxOmi9R1-nI\/AAAAAAAAITs\/V1jg5M_L5tM5lGcQTVQLNq7d0tugaNs8QCLcB\/s200\/terremotoecuador1.jpg_1718483346.jpg\" width=\"200\" \/><\/a><\/div>\n<div style=\"text-align: justify\">Jefes de Estado de Am\u00e9rica Latina y el mundo expresaron a trav\u00e9s de las redes sociales sus condolencias por las v\u00edctimas mortales que dej\u00f3 el terremoto de 7.8 en Ecuador. Las provincias m\u00e1s afectadas por el movimiento son Manab\u00ed, Guayas y Esmeraldas. Al menos 77 personas murieron  tras los sismos que sacudieron este s\u00e1bado al pa\u00eds, inform\u00f3 el vicepresidente Jorge Glas, quien tambi\u00e9n anunci\u00f3 el estado de excepci\u00f3n.<\/div>\n<div style=\"text-align: justify\"><a href=\"http:\/\/www.telesurtv.net\/news\/America-Latina-se-solidariza-con-Ecuador-tras-terremoto-20160416-0052.html\">http:\/\/www.telesurtv.net\/news\/America-Latina-se-solidariza-con-Ecuador-tras-terremoto-20160416-0052.html<\/a><\/div>\n<div style=\"text-align: justify\"><\/div>\n<div style=\"text-align: justify\"><span style=\"color: red\"><b>CUBA: COMIENZ\u00d3 EL VII CONGRESO DEL PARTIDO COMUNISTA<\/b><\/span><\/div>\n<div style=\"clear: both;text-align: center\"><a href=\"https:\/\/1.bp.blogspot.com\/-FXOdBzF4LiY\/VxOojTGJwDI\/AAAAAAAAIT8\/z82scF7_mU0YSfKyAQixy8mnw1bF_hiZgCLcB\/s1600\/raul-castro-VII-Congreso-del-PCC-580x320.jpg\" style=\"clear: left;float: left;margin-bottom: 1em;margin-right: 1em\"><img loading=\"lazy\" decoding=\"async\" border=\"0\" height=\"110\" src=\"https:\/\/1.bp.blogspot.com\/-FXOdBzF4LiY\/VxOojTGJwDI\/AAAAAAAAIT8\/z82scF7_mU0YSfKyAQixy8mnw1bF_hiZgCLcB\/s200\/raul-castro-VII-Congreso-del-PCC-580x320.jpg\" width=\"200\" \/><\/a><\/div>\n<div style=\"text-align: justify\">El Partido Comunista Cubano comenz\u00f3 ayer el S\u00e9ptimo Congreso que sesionar\u00e1 hasta el martes. El presidente de Cuba, Ra\u00fal Castro (84 a\u00f1os), dio un discurso inaugural en el que plante\u00f3 nuevas medidas para garantizar el relevo generacional y anunci\u00f3 una reforma constitucional que recoja la actualizaci\u00f3n socialista, aunque dej\u00f3 en claro que se mantendr\u00e1 el sistema de partido \u00fanico y que la isla no volver\u00e1 al capitalismo.<\/div>\n<div style=\"text-align: justify\"><a href=\"http:\/\/www.pagina12.com.ar\/diario\/elmundo\/4-297139-2016-04-17.html\">http:\/\/www.pagina12.com.ar\/diario\/elmundo\/4-297139-2016-04-17.html<\/a><\/div>\n<div style=\"text-align: justify\"><\/div>\n<p><span style=\"color: red\"><b>BRASIL: ORG. SOCIALES Y CAMPESINAS DEBATEN EN CONFERENCIA INTERNACIONAL DE LA REFORMA AGRARIA<\/b><\/span><\/span><\/p>\n<div style=\"clear: both;text-align: center\"><a href=\"https:\/\/4.bp.blogspot.com\/-OXWBI4LJS88\/VxOpqnnzfXI\/AAAAAAAAIUE\/htHadNqiz98CVYU-RnC5OR_zeg1yEMGBQCLcB\/s1600\/Conferencia-RA-2-600x350.jpg\" style=\"clear: left;float: left;margin-bottom: 1em;margin-right: 1em\"><img loading=\"lazy\" decoding=\"async\" border=\"0\" height=\"116\" src=\"https:\/\/4.bp.blogspot.com\/-OXWBI4LJS88\/VxOpqnnzfXI\/AAAAAAAAIUE\/htHadNqiz98CVYU-RnC5OR_zeg1yEMGBQCLcB\/s200\/Conferencia-RA-2-600x350.jpg\" width=\"200\" \/><\/a><\/div>\n<div>\n<div style=\"text-align: justify\"><span style=\"font-family: Verdana, sans-serif\">La ofensiva del capital contra los territorios en todo el mundo.&nbsp;<\/span><span style=\"font-family: Verdana, sans-serif\">En el primer d\u00eda de la Conferencia Internacional de la Reforma Agraria, que sigue hasta el 17 de abril en el municipio de Marab\u00e1, en Par\u00e1 \u2013 Brasil, los 170 participantes discutieron sobre la realidad agraria en el mundo. Themba, representante del Movimiento de los Sin Tierras de \u00c1frica, destac\u00f3 que el proyecto del capital es controlar todo, no solamente la producci\u00f3n. \u201cNo quieren controlar solamente los alimentos, quieren controlar tu mente, quieren controlar todo. 1% de la poblaci\u00f3n del mundo quiere controlar todos los recursos naturales del planeta\u201d.<\/span><\/div>\n<div style=\"text-align: justify\"><span style=\"font-family: Verdana, sans-serif\"><a href=\"http:\/\/www.nodal.am\/2016\/04\/brasil-organizaciones-sociales-y-campesinas-participan-en-la-conferencia-internacional-de-reforma-agraria\/\">http:\/\/www.nodal.am\/2016\/04\/brasil-organizaciones-sociales-y-campesinas-participan-en-la-conferencia-internacional-de-reforma-agraria\/<\/a><\/span><\/div>\n<div style=\"text-align: justify\"><span style=\"color: red;font-family: Verdana, sans-serif\"><b><br \/><\/b><\/span><\/div>\n<div style=\"text-align: justify\"><span style=\"color: red;font-family: Verdana, sans-serif\"><b>PARAGUAY: MARCHA CAMPESINA POR LAS CALLES DE ASUNCI\u00d3N<\/b><\/span><\/div>\n<div style=\"clear: both;text-align: center\"><a href=\"https:\/\/4.bp.blogspot.com\/--jJVfgYBVv4\/VxOrCRw59lI\/AAAAAAAAIUU\/1R_LYZd1p3gTEsLiaH6MBq1bcMKofpnsQCLcB\/s1600\/PARAGUAY.jpg\" style=\"clear: left;float: left;margin-bottom: 1em;margin-right: 1em\"><img loading=\"lazy\" decoding=\"async\" border=\"0\" height=\"125\" src=\"https:\/\/4.bp.blogspot.com\/--jJVfgYBVv4\/VxOrCRw59lI\/AAAAAAAAIUU\/1R_LYZd1p3gTEsLiaH6MBq1bcMKofpnsQCLcB\/s200\/PARAGUAY.jpg\" width=\"200\" \/><\/a><\/div>\n<div style=\"text-align: justify\"><span style=\"font-family: Verdana, sans-serif\">La marcha de los campesinos por las calles y avenida de Asunci\u00f3n se hace sentir. Hasta ahora suman trece los d\u00edas de movilizaci\u00f3n de labriegos y cooperativistas en la capital paraguaya. Los campesinos se movilizan este mi\u00e9rcoles.<\/span><\/div>\n<div style=\"text-align: justify\"><span style=\"font-family: Verdana, sans-serif\"><a href=\"http:\/\/www.resumenlatinoamericano.org\/2016\/04\/13\/paraguay-continua-la-resistencia-campesina-en-las-calles-de-asuncion\/\">http:\/\/www.resumenlatinoamericano.org\/2016\/04\/13\/paraguay-continua-la-resistencia-campesina-en-las-calles-de-asuncion\/<\/a><\/span><\/div>\n<div style=\"text-align: justify\"><\/div>\n<pre style=\"vertical-align: baseline\"><\/pre>\n<pre style=\"border: 0px;padding: 0px;vertical-align: baseline\">Los brasile\u00f1os despiertan este domingo con las expectativas de lo que pueda suceder en la C\u00e1mara de Diputados en la que se realizar\u00e1 la votaci\u00f3n definitiva para decidir sobre la admisibilidad del proceso de juicio pol\u00edtico contra la presidenta Dilma Rousseff, una medida que ha sido calificada como un golpe a la democracia.<br \/><br \/>La votaci\u00f3n nominal comenzar\u00e1 luego de 34 ho\nras de debates ininterrumpidos que se llevaron a cabo en siete sesiones plenarias, durante las cuales se pronunciaron 273 discursos.<br \/><br \/> Este contenido ha sido publicado originalmente por teleSUR bajo la siguiente direcci\u00f3n: <br \/> <a href=\"http:\/\/www.telesurtv.net\/news\/Camara-de-Diputados-vota-hoy-juicio-politico-contra-Rousseff-20160417-0009.html\" style=\"margin: 0px;padding: 0px;text-decoration: none\">http:\/\/www.telesurtv.net\/news\/Camara-de-Diputados-vota-hoy-juicio-politico-contra-Rousseff-20160417-0009.html<\/a>. Si piensa hacer uso del mismo, por favor, cite la fuente y coloque un enlace hacia la nota original de donde usted ha tomado este contenido. www.teleSURtv.net<\/pre>\n<pre style=\"border: 0px;padding: 0px;vertical-align: baseline\">C\u00e1mara de Diputados vota hoy juicio pol\u00edtico contra Rousseff<br \/><br \/> Este contenido ha sido publicado originalmente por teleSUR bajo la siguiente direcci\u00f3n: <br \/> <a href=\"http:\/\/www.telesurtv.net\/news\/Camara-de-Diputados-vota-hoy-juicio-politico-contra-Rousseff-20160417-0009.html\" style=\"margin: 0px;padding: 0px;text-decoration: none\">http:\/\/www.telesurtv.net\/news\/Camara-de-Diputados-vota-hoy-juicio-politico-contra-Rousseff-20160417-0009.html<\/a>. Si piensa hacer uso del mismo, por favor, cite la fuente y coloque un enlace hacia la nota original de donde usted ha tomado este contenido. www.teleSURtv.net<\/pre>\n<\/div>\n","protected":false},"excerpt":{"rendered":"<p>DESTACADAS DE LA SEMANABRASIL: CAMARA DE DIPUTADOS VOTA EL JUICIO POL\u00cdTICO Los brasile\u00f1os despiertan este domingo con las expectativas de lo que pueda suceder en la C\u00e1mara de Diputados en la que se realizar\u00e1 la votaci\u00f3n definitiva para decidir sobre la admisibilidad del proceso de juicio pol\u00edtico contra la presidenta Dilma Rousseff, una medida que [&hellip;]<\/p>\n","protected":false},"author":4,"featured_media":0,"comment_status":"open","ping_status":"open","sticky":false,"template":"","format":"standard","meta":{"_monsterinsights_skip_tracking":false,"_monsterinsights_sitenote_active":false,"_monsterinsights_sitenote_note":"","_monsterinsights_sitenote_category":0,"jnews-multi-image_gallery":[],"jnews_single_post":[],"jnews_primary_category":[],"_joinchat":[],"footnotes":""},"categories":[1],"tags":[],"class_list":["post-1429","post","type-post","status-publish","format-standard","hentry","category-habitat"],"_links":{"self":[{"href":"http:\/\/fmriachuelo.it10.com.ar\/index.php\/wp-json\/wp\/v2\/posts\/1429","targetHints":{"allow":["GET"]}}],"collection":[{"href":"http:\/\/fmriachuelo.it10.com.ar\/index.php\/wp-json\/wp\/v2\/posts"}],"about":[{"href":"http:\/\/fmriachuelo.it10.com.ar\/index.php\/wp-json\/wp\/v2\/types\/post"}],"author":[{"embeddable":true,"href":"http:\/\/fmriachuelo.it10.com.ar\/index.php\/wp-json\/wp\/v2\/users\/4"}],"replies":[{"embeddable":true,"href":"http:\/\/fmriachuelo.it10.com.ar\/index.php\/wp-json\/wp\/v2\/comments?post=1429"}],"version-history":[{"count":0,"href":"http:\/\/fmriachuelo.it10.com.ar\/index.php\/wp-json\/wp\/v2\/posts\/1429\/revisions"}],"wp:attachment":[{"href":"http:\/\/fmriachuelo.it10.com.ar\/index.php\/wp-json\/wp\/v2\/media?parent=1429"}],"wp:term":[{"taxonomy":"category","embeddable":true,"href":"http:\/\/fmriachuelo.it10.com.ar\/index.php\/wp-json\/wp\/v2\/categories?post=1429"},{"taxonomy":"post_tag","embeddable":true,"href":"http:\/\/fmriachuelo.it10.com.ar\/index.php\/wp-json\/wp\/v2\/tags?post=1429"}],"curies":[{"name":"wp","href":"https:\/\/api.w.org\/{rel}","templated":true}]}}