{"id":14284,"date":"2021-10-26T20:15:05","date_gmt":"2021-10-26T20:15:05","guid":{"rendered":"http:\/\/fmriachuelo.com.ar\/?p=14284"},"modified":"2025-04-25T16:52:04","modified_gmt":"2025-04-25T19:52:04","slug":"jornada-de-lucha-en-defensa-de-la-soberania-de-nuestros-puertos-mares-y-rios","status":"publish","type":"post","link":"http:\/\/fmriachuelo.it10.com.ar\/index.php\/2021\/10\/26\/jornada-de-lucha-en-defensa-de-la-soberania-de-nuestros-puertos-mares-y-rios\/","title":{"rendered":"JORNADA DE LUCHA EN DEFENSA DE LA SOBERAN\u00cdA DE NUESTROS PUERTOS, MARES Y R\u00cdOS"},"content":{"rendered":"<p><strong>[FM Riachuelo, 26\/10\/2021]En el aniversario n\u00famero 123 del\u00a0Ministerio de Obras P\u00fablicas (MOP) V\u00edas Navegables, sindicatos de trabajadores del estado estuvieron realizando un acto frente a la Subsecretar\u00eda Puertos V\u00edas Navegables y Marina Mercante, para exigir pol\u00edticas para concretar la soberan\u00eda de nuestros mares y r\u00edos.<\/strong><\/p>\n<p>El acto fue impulsado por la juventud del <strong>Frente de Unidad German Abdala<\/strong> y acompa\u00f1ado por <strong>ATE V\u00edas Navegables<\/strong>, <strong>CTA Capital Aut\u00f3noma<\/strong>, la <strong>Confederaci\u00f3n Latinoamericana y del Caribe de Trabajadores Estatales<\/strong> (CLATE), <strong>CTA Aut\u00f3noma<\/strong> y <strong>Navegando con el Che<\/strong>.<\/p>\n<p><img loading=\"lazy\" decoding=\"async\" class=\" wp-image-14286 aligncenter\" src=\"http:\/\/fmriachuelo.com.ar\/wp-content\/uploads\/2021\/10\/WhatsApp-Image-2021-10-26-at-17.10.30-300x200.jpeg\" alt=\"\" width=\"449\" height=\"299\" \/><\/p>\n<p><strong>Juan Moscardi<\/strong>, integrante de la juventud del Frente de Unidad German Abdala, particip\u00f3 del acto hablando de la importancia de la militancia territorial para hacerle frente a los poderosos: \u00ab<em>Tenemos que volver a ganar la soberan\u00eda en las calles, para decirle no a la derecha, no a los grupos empresariales, y no al establishment\u00a0 que viene ajustar a la econom\u00eda de nuestro pa\u00eds para llevarse la riqueza y dejar a nuestro pueblo muerto de hambre<\/em>\u00ab.<\/p>\n<p>Tambi\u00e9n estuvo presente <strong>Soledad D\u00edaz Ayala<\/strong>, delegada gremial del Hospital Aeron\u00e1utico Central, quien resalt\u00f3 el rol de los y las\u00a0trabajadoras del Estado que tienen funciones imprescindibles para garantizar la defensa de nuestro territorio: <em>\u00abTenemos que hacernos cargo del rol que nos toca a nosotros de seguir defendiendo la independencia y la autodeterminaci\u00f3n de los pueblos, y eso no puede existir si las aduanas, los puertos y los r\u00edos est\u00e1n en manos de empresas extranjeras. Es incre\u00edble que en un pa\u00eds con rodeado de mar no podamos proveer de pescado a los comedores\u00bb<\/em>.<\/p>\n<p><img loading=\"lazy\" decoding=\"async\" class=\" wp-image-14287 aligncenter\" src=\"http:\/\/fmriachuelo.com.ar\/wp-content\/uploads\/2021\/10\/WhatsApp-Image-2021-10-26-at-17.12.59-300x200.jpeg\" alt=\"\" width=\"510\" height=\"340\" \/><\/p>\n<p>Por \u00faltimo, <strong>Uriel Cababi\u00e9<\/strong>, integrante de la Uni\u00f3n Latinoamericana de T\u00e9cnicos Rurales y Agrarios y expres\u00f3: <em>\u00abLa soberan\u00eda de nuestro puertos es algo que vamos a conseguir, en el corto, mediano o largo plazo, pero lo vamos a conseguir para poner un pie y pensar cuales son realmente las capacidades que tenemos como pa\u00eds(&#8230;) Ac\u00e1 hay una juventud que dice no a la entrega de nuestros puertos y si a la soberan\u00eda nacional\u00bb.<\/em><\/p>\n","protected":false},"excerpt":{"rendered":"<p>[FM Riachuelo, 26\/10\/2021]En el aniversario n\u00famero 123 del\u00a0Ministerio de Obras P\u00fablicas (MOP) V\u00edas Navegables, sindicatos de trabajadores del estado estuvieron realizando un acto frente a la Subsecretar\u00eda Puertos V\u00edas Navegables y Marina Mercante, para exigir pol\u00edticas para concretar la soberan\u00eda de nuestros mares y r\u00edos. El acto fue impulsado por la juventud del Frente de [&hellip;]<\/p>\n","protected":false},"author":5,"featured_media":14289,"comment_status":"closed","ping_status":"closed","sticky":false,"template":"","format":"standard","meta":{"_monsterinsights_skip_tracking":false,"_monsterinsights_sitenote_active":false,"_monsterinsights_sitenote_note":"","_monsterinsights_sitenote_category":0,"jnews-multi-image_gallery":[],"jnews_single_post":{"format":"standard"},"jnews_primary_category":[],"_joinchat":[],"footnotes":""},"categories":[58],"tags":[68,64,65],"class_list":["post-14284","post","type-post","status-publish","format-standard","has-post-thumbnail","hentry","category-noticiariachuelo","tag-de-los-trabajadores","tag-economia-popular","tag-soberania"],"_links":{"self":[{"href":"http:\/\/fmriachuelo.it10.com.ar\/index.php\/wp-json\/wp\/v2\/posts\/14284","targetHints":{"allow":["GET"]}}],"collection":[{"href":"http:\/\/fmriachuelo.it10.com.ar\/index.php\/wp-json\/wp\/v2\/posts"}],"about":[{"href":"http:\/\/fmriachuelo.it10.com.ar\/index.php\/wp-json\/wp\/v2\/types\/post"}],"author":[{"embeddable":true,"href":"http:\/\/fmriachuelo.it10.com.ar\/index.php\/wp-json\/wp\/v2\/users\/5"}],"replies":[{"embeddable":true,"href":"http:\/\/fmriachuelo.it10.com.ar\/index.php\/wp-json\/wp\/v2\/comments?post=14284"}],"version-history":[{"count":1,"href":"http:\/\/fmriachuelo.it10.com.ar\/index.php\/wp-json\/wp\/v2\/posts\/14284\/revisions"}],"predecessor-version":[{"id":22391,"href":"http:\/\/fmriachuelo.it10.com.ar\/index.php\/wp-json\/wp\/v2\/posts\/14284\/revisions\/22391"}],"wp:featuredmedia":[{"embeddable":true,"href":"http:\/\/fmriachuelo.it10.com.ar\/index.php\/wp-json\/"}],"wp:attachment":[{"href":"http:\/\/fmriachuelo.it10.com.ar\/index.php\/wp-json\/wp\/v2\/media?parent=14284"}],"wp:term":[{"taxonomy":"category","embeddable":true,"href":"http:\/\/fmriachuelo.it10.com.ar\/index.php\/wp-json\/wp\/v2\/categories?post=14284"},{"taxonomy":"post_tag","embeddable":true,"href":"http:\/\/fmriachuelo.it10.com.ar\/index.php\/wp-json\/wp\/v2\/tags?post=14284"}],"curies":[{"name":"wp","href":"https:\/\/api.w.org\/{rel}","templated":true}]}}