{"id":1428,"date":"2016-04-17T18:00:00","date_gmt":"2016-04-17T18:00:00","guid":{"rendered":"http:\/\/fmriachuelo.observatorioess.org.ar\/index.php\/2016\/04\/17\/17-de-abril-dia-de-la-lucha-campesina-2\/"},"modified":"2016-04-17T18:00:00","modified_gmt":"2016-04-17T18:00:00","slug":"17-de-abril-dia-de-la-lucha-campesina-2","status":"publish","type":"post","link":"http:\/\/fmriachuelo.it10.com.ar\/index.php\/2016\/04\/17\/17-de-abril-dia-de-la-lucha-campesina-2\/","title":{"rendered":"17 DE ABRIL DIA DE LA LUCHA CAMPESINA"},"content":{"rendered":"<div style=\"text-align: justify\"><span style=\"background-color: white;line-height: 24px\"><span style=\"color: red;font-family: Verdana, sans-serif;font-size: large\"><b>DEFENDER LA MADRE TIERRA ES HONRAR LA VIDA<\/b><\/span><\/span><\/div>\n<div style=\"clear: both;text-align: center\"><a href=\"https:\/\/4.bp.blogspot.com\/-5GcY1PmMZBI\/VxPOa77uqhI\/AAAAAAAAIUo\/_y0szj5QE7IpVrmTUvw6CrPOeT7NyClIwCLcB\/s1600\/via%2Bcampesina.jpg\" style=\"clear: left;float: left;margin-bottom: 1em;margin-right: 1em\"><img loading=\"lazy\" decoding=\"async\" border=\"0\" height=\"179\" src=\"https:\/\/4.bp.blogspot.com\/-5GcY1PmMZBI\/VxPOa77uqhI\/AAAAAAAAIUo\/_y0szj5QE7IpVrmTUvw6CrPOeT7NyClIwCLcB\/s320\/via%2Bcampesina.jpg\" width=\"320\" \/><\/a><\/div>\n<p><span style=\"font-family: Verdana, sans-serif\"><\/p>\n<div style=\"text-align: justify\">Difundimos comunicado:<\/div>\n<div style=\"text-align: justify\">[17 de abril de 2016] Las organizaciones populares del campo profundo seguimos en pie de lucha<\/div>\n<p><\/span><\/p>\n<div style=\"text-align: justify\">\n<div style=\"border: 0px;margin-bottom: 15px;margin-top: 15px;padding: 0px\"><span style=\"font-family: Verdana, sans-serif\">La agricultura campesina alimenta al pueblo y enfr\u00eda el planeta<\/p>\n<p>En el corto tiempo desde que asumi\u00f3 el Frente Cambiemos el poder ejecutivo, el gobierno nacional ha tomado graves medidas econ\u00f3micas que afectan la vida y la producci\u00f3n campesina ind\u00edgena.<\/p>\n<p>La reconcentraci\u00f3n de la producci\u00f3n y comercializaci\u00f3n de los alimentos es la principal causa del aumento inflacionario y especulativo de los precios de los alimentos que aplasta el derecho a la alimentaci\u00f3n de los pueblos.<\/p>\n<p>Grandes grupos empresarios de agronegocios, de exportaci\u00f3n, pooles de siembra, transnacionales mineras y los bancos como socios y aliados, festejan haber logrado imponer sus condiciones al pueblo argentino.<\/p>\n<p>Llevan a la miseria a los peque\u00f1os productores y trabajadores rurales, 80% de la poblaci\u00f3n rural del pa\u00eds, haciendo negocios a costa del deterioro del pa\u00eds, y fugando las extraordinarias ganancias que obtienen a sus pa\u00edses de origen o a sus para\u00edsos fiscales.<\/p>\n<p>Devaluar nuestra moneda y anular las retenciones que deben pagar los empresarios del campo, s\u00f3lo beneficia a los sectores concentrados nacionales y extranjeras. Un feroz impulso a la concentraci\u00f3n de la tierra y la producci\u00f3n en manos del el agronegocio.<\/span><\/div>\n<p><a name='more'><\/a><span style=\"font-family: Verdana, sans-serif\"><br \/>Y para completar el desmadre, los aumentos de agua, luz, gas y transporte, sumados al incremento de m\u00e1s del 70 % en los alimentos, no hacen m\u00e1s que destrozar el consumo y los mercados internos locales y regionales de todo el pa\u00eds, aumentando la pobreza y la indigencia. Los sectores populares de las grandes ciudades y los pueblos quedar\u00e1n cada vez mas condenados a pagar lo que unos pocos grupos econ\u00f3micos decidan por los alimentos de cada d\u00eda.<\/p>\n<p>Mienten cuando dicen que las medidas econ\u00f3micas benefician a las econom\u00edas regionales. Estas medidas s\u00f3lo fortalecen la concentraci\u00f3n de monopolios econ\u00f3micos de regiones y provincias (muchos de ellos transnacionales), donde la familia campesina y de los trabajadores rurales es explotada y expoliada, y debe vender su producto a precios que los lleva a la ruina. De esto pueden dar testimonio peque\u00f1os productores tabacaleros, yerbateros, tealeros, peque\u00f1os criadores de ganado, horticultores, peque\u00f1os fruticultores, vi\u00f1ateros, lecheros, etc.<\/p>\n<p>Las se\u00f1ales en favor de las multinacionales se potencian con el proyecto de sancionar una nueva Ley de Semillas que reconozca la falsa propiedad intelectual de los transg\u00e9nicos, y otorgue m\u00e1s derechos econ\u00f3micos a estos grandes grupos empresarios, que buscan apropiarse de la vida. Ser\u00eda otro golpe m\u00e1s al derecho de los pueblos a cuidar, multiplicar y utilizar las semillas, que son fruto de milenios de actividad agr\u00edcola de cientos de culturas.<\/p>\n<p>\u00bfQue hay de la pol\u00edticas para el sector?<\/p>\n<p>El nuevo Ministerio de Agroindustria ha cortado todos los canales de di\u00e1logo con las organizaciones representativas del sector, ninguneando y silenciando los espacios de discusi\u00f3n de las pol\u00edticas. Ejemplo de esto es el Consejo de Agricultura Familiar, Campesina e Ind\u00edgena.<\/p>\n<p>A la vez, el ministro Buryaile ha congelado el proceso de implementaci\u00f3n de la \u00abLey de reparaci\u00f3n hist\u00f3rica de la agricultura familiar, campesina e ind\u00edgena\u00bb que sintetiza gran parte de las demandas hist\u00f3ricas de los trabajadores empobrecidos del campo profundo, dejando la ley como letra muerta.<\/p>\n<p>El ajuste se complementa con el vaciamiento y desguace de la Secretar\u00eda de Agricultura Familiar, con el consentimiento del Sr. Alloati, actual responsable de dicha cartera, mediante la desaparici\u00f3n por etapas de las pol\u00edticas de apoyo estatal para el desarrollo de la agricultura familiar, campesina e ind\u00edgena, y el despido masivo por discriminaci\u00f3n pol\u00edtica de t\u00e9cnicos vinculados al trabajo de las organizaciones.<\/p>\n<p>Por ello, desde las organizaciones abajo firmantes nos movilizaremos este 19 de Abril en todas las provincias del pa\u00eds, en el marco de la Movilizaci\u00f3n Mundial por el 17 de Abril, D\u00eda Internacional de la Lucha Campesina, y coincidiendo con el D\u00eda Internacional de los Pueblos Originarios. Para defender la Madre Tierra y Honrar la Vida, redoblar nuestras resistencias, poner fin al avance del agronegocio, y fortalecer nuestras luchas por la Soberan\u00eda Alimentaria y la Agroecolog\u00eda.<\/p>\n<p>Para luchar por el reconocimiento de la funci\u00f3n social de la tierra, por el cuidado, protecci\u00f3n y defensa de los bienes comunes, y hacer frente al cambio clim\u00e1tico.<\/p>\n<p>Ante este panorama exigimos:<\/p>\n<p>Cese de la criminalizaci\u00f3n y persecuci\u00f3n de la lucha por la tierra, y de toda movilizaci\u00f3n y organizaci\u00f3n popular.<\/p>\n<p>Urgente Reuni\u00f3n con el Ministro de Agroindustria de la Naci\u00f3n para establecer un mecanismo de di\u00e1logo y discusi\u00f3n con las organizaciones campesinas ind\u00edgenas y de la agricultura familiar.<\/p>\n<p>Llamado a conformar el Consejo de la Agricultura Familiar, Campesina e Ind\u00edgena.<br \/>Urgente restituci\u00f3n y ampliaci\u00f3n de programas para el sector: financiamiento de programas de cr\u00e9ditos, acceso a la tierra, al agua de riego, a la vivienda rural.<\/p>\n<p>Urgente Reglamentaci\u00f3n y asignaci\u00f3n del presupuesto nacional de la Ley de Agricultura Familiar y puesta en marcha de planes y proyectos integrales para el sector contemplados en la ley.<\/p>\n<p>Urgente programa de emergencia para la agricultura campesina ind\u00edgena y familiar, con presupuesto propio, que incluya mercados locales, acceso a tecnolog\u00eda, y pol\u00edticas diferenciadas para el sector.<\/p>\n<p>Urgente programa de regularizaci\u00f3n de tierras y territorios campesinos con apoyo jur\u00eddico y de mensuras coordinado por las organizaciones del sector.<\/p>\n<p>Rechazo a un proyecto de Ley de Semillas que favorezca a las multinacionales del agronegocio, y rechazo a la propiedad intelectual de las semillas. \u00a1Las Semillas, Patrimonio de los Pueblos al servicio de la Humanidad!<\/p>\n<p>Urgente programa de educaci\u00f3n rural agroecol\u00f3gica.<\/p>\n<p>Garantizar la continuidad del Monotributo Social Agropecuario.<\/p>\n<p>Acceso al empleo rural a trav\u00e9s de cooperativas que mejoren infraestructura de agua, caminos, canales, y otras necesidades urgentes de la poblaci\u00f3n rural.<\/p>\n<p>Doble asignaci\u00f3n familiar por hijo, para familias campesinas ind\u00edgenas de comunidades rurales dispersas.<\/p>\n<p>Definir un programa de compras p\u00fablicas para la agricultura familiar campesina ind\u00edgena, y de mercados y ferias populares.<\/p>\n<p>Definir un programa de acceso a la vivienda rural para familias campesinas ind\u00edgenas y de agricultores familiares.<\/p>\n<p>Definir un programa de acceso al agua rural y a la energ\u00eda el\u00e9ctrica para el consumo familiar y el uso pro<br \/>\nductivo.<\/p>\n<p>Restituci\u00f3n urgente de todos los trabajadores de la SAF despedidos de todo el pa\u00eds<\/p>\n<p>Durante d\u00e9cadas el estado y los agronegocios nos han perseguido, negado e ignorado, pero hemos resistido, seguimos y seguiremos creciendo!!!<\/p>\n<p>Reforma agraria integral ya! para la Soberan\u00eda Alimentaria<br \/>Territorios en Manos Campesinas Ind\u00edgenas = Alimentos Sanos Para el Pueblo<\/p>\n<p>17 de Abril D\u00eda Mundial de la Lucha Campesina<br \/>19 de Abril D\u00eda de los Pueblos Originarios de Am\u00e9rica.<br \/>\u00a1Defender la madre tierra es honrar la vida!<\/p>\n<p>Movimiento Nacional Campesino Ind\u00edgena \u2013 MNCI CLOC La via Campesina<\/p>\n<p>Frente Agrario del Evita<\/p>\n<p>Asamblea Campesina e Ind\u00edgena del Norte Argentino \u2013 ACINA<\/p>\n<p>Organizaci\u00f3n Nacional de Los Pueblos Ind\u00edgenas de Argentina \u2013 ONPIA<\/p>\n<p>Encuentro Nacional de Organizaciones Territoriales de Pueblos Originarios \u2013 ENOTPO<\/p>\n<p>CONTACTOS<\/p>\n<p>MNCI: Angel Strapazz\u00f3n, 3844432323<\/p>\n<p>Frente Agrario Evita: Miguel G\u00f3mez, 11-66431770<\/p>\n<p>ACINA: Jos\u00e9 Luis Castillo, 3482539156<\/p>\n<p>ONPIA: Jorge \u00d1ancucheo, 15-5725394<span style=\"color: white;font-family: Arial, Helvetica, sans-serif\"><span style=\"background-color: #144003;font-size: 12px;line-height: 21.6px\">8<\/span><\/span><\/span><\/div>\n","protected":false},"excerpt":{"rendered":"<p>DEFENDER LA MADRE TIERRA ES HONRAR LA VIDA Difundimos comunicado: [17 de abril de 2016] Las organizaciones populares del campo profundo seguimos en pie de lucha La agricultura campesina alimenta al pueblo y enfr\u00eda el planeta En el corto tiempo desde que asumi\u00f3 el Frente Cambiemos el poder ejecutivo, el gobierno nacional ha tomado graves [&hellip;]<\/p>\n","protected":false},"author":4,"featured_media":0,"comment_status":"open","ping_status":"open","sticky":false,"template":"","format":"standard","meta":{"_monsterinsights_skip_tracking":false,"_monsterinsights_sitenote_active":false,"_monsterinsights_sitenote_note":"","_monsterinsights_sitenote_category":0,"jnews-multi-image_gallery":[],"jnews_single_post":[],"jnews_primary_category":[],"_joinchat":[],"footnotes":""},"categories":[74],"tags":[],"class_list":["post-1428","post","type-post","status-publish","format-standard","hentry","category-san-cayetano"],"_links":{"self":[{"href":"http:\/\/fmriachuelo.it10.com.ar\/index.php\/wp-json\/wp\/v2\/posts\/1428","targetHints":{"allow":["GET"]}}],"collection":[{"href":"http:\/\/fmriachuelo.it10.com.ar\/index.php\/wp-json\/wp\/v2\/posts"}],"about":[{"href":"http:\/\/fmriachuelo.it10.com.ar\/index.php\/wp-json\/wp\/v2\/types\/post"}],"author":[{"embeddable":true,"href":"http:\/\/fmriachuelo.it10.com.ar\/index.php\/wp-json\/wp\/v2\/users\/4"}],"replies":[{"embeddable":true,"href":"http:\/\/fmriachuelo.it10.com.ar\/index.php\/wp-json\/wp\/v2\/comments?post=1428"}],"version-history":[{"count":0,"href":"http:\/\/fmriachuelo.it10.com.ar\/index.php\/wp-json\/wp\/v2\/posts\/1428\/revisions"}],"wp:attachment":[{"href":"http:\/\/fmriachuelo.it10.com.ar\/index.php\/wp-json\/wp\/v2\/media?parent=1428"}],"wp:term":[{"taxonomy":"category","embeddable":true,"href":"http:\/\/fmriachuelo.it10.com.ar\/index.php\/wp-json\/wp\/v2\/categories?post=1428"},{"taxonomy":"post_tag","embeddable":true,"href":"http:\/\/fmriachuelo.it10.com.ar\/index.php\/wp-json\/wp\/v2\/tags?post=1428"}],"curies":[{"name":"wp","href":"https:\/\/api.w.org\/{rel}","templated":true}]}}