{"id":1427,"date":"2016-04-18T23:28:00","date_gmt":"2016-04-18T23:28:00","guid":{"rendered":"http:\/\/fmriachuelo.observatorioess.org.ar\/index.php\/2016\/04\/18\/la-verdad-de-venezuela-2\/"},"modified":"2016-04-18T23:28:00","modified_gmt":"2016-04-18T23:28:00","slug":"la-verdad-de-venezuela-2","status":"publish","type":"post","link":"http:\/\/fmriachuelo.it10.com.ar\/index.php\/2016\/04\/18\/la-verdad-de-venezuela-2\/","title":{"rendered":"LA VERDAD DE VENEZUELA"},"content":{"rendered":"<p><span style=\"color: red;font-family: Verdana, sans-serif;font-size: large\"><b>PELIGRO PARA LOS PUEBLOS DE LA PATRIA GRANDE<\/b><\/span><br \/><span style=\"font-family: Verdana, sans-serif\">EL PLAN<\/span><\/p>\n<div style=\"clear: both;text-align: center\"><a href=\"https:\/\/3.bp.blogspot.com\/-jB_tXWJQyo0\/VxVs_5BpbKI\/AAAAAAAAIU8\/YsGjDQ-cacw4XHfoGJcuHqDbNHAvbs2ZACLcB\/s1600\/Rep%25C3%25BAblica-de-Venezuela.jpg\" style=\"clear: left;float: left;margin-bottom: 1em;margin-right: 1em\"><img loading=\"lazy\" decoding=\"async\" border=\"0\" height=\"166\" src=\"https:\/\/3.bp.blogspot.com\/-jB_tXWJQyo0\/VxVs_5BpbKI\/AAAAAAAAIU8\/YsGjDQ-cacw4XHfoGJcuHqDbNHAvbs2ZACLcB\/s200\/Rep%25C3%25BAblica-de-Venezuela.jpg\" width=\"200\" \/><\/a><\/div>\n<div style=\"text-align: justify\"><span style=\"font-family: Verdana, sans-serif\">[Median\u00e1lisis 18-04-2016 por @arleninaguillon]<\/span><\/div>\n<div style=\"text-align: justify\"><span style=\"font-family: Verdana, sans-serif\">A finales de este mes, o principios de mayo, la Asamblea Nacional solicitar\u00e1 la aplicaci\u00f3n, en Venezuela, de la Carta Democr\u00e1tica Interamericana. La solicitud se har\u00e1, ante la Organizaci\u00f3n de Estados Americanos (OEA), tal y como lo corroboraron el presidente del parlamento venezolano, Henry Ramos Allup, y el Secretario General de la OEA, Luis Almagro. El Secretario de Estado de EEUU, John Kerry, en una entrevista difundida anoche por CNN en Espa\u00f1ol, dijo que \u201cpronto viene una reuni\u00f3n de la OEA\u201d y que la solicitud de la aplicaci\u00f3n de la Carta \u201cser\u00e1 uno de los temas de conversaci\u00f3n\u201d. De manera enf\u00e1tica, Kerry dijo que EEUU apoyaba \u201cla Carta de la OEA\u201d, y, en principio, ese pa\u00eds estaba de acuerdo con invocarla en Venezuela. De concretarse ese camino, Venezuela ser\u00eda suspendida como miembro de la OEA y recibir\u00eda una serie de sanciones pol\u00edticas, jur\u00eddicas y econ\u00f3micas, siempre y cuando dos tercios de los pa\u00edses miembros de esa Organizaci\u00f3n voten a favor. En ese contexto, la extrema derecha nacional, y, fundamentalmente, la internacional, necesitan crear un estado de conmoci\u00f3n general en Venezuela que sustente su solicitud. Ya la MUD, coalici\u00f3n de partidos de derecha, acus\u00f3 al Gobierno de \u201clo que pudiera ocurrir en Venezuela\u201d. Ninguno de los activistas ha precisado qu\u00e9 es \u201clo que va a ocurrir\u201d, pero alentaron y coordinaron 1500 puntos de concentraci\u00f3n a partir de ma\u00f1ana, para exigir la renuncia de Maduro. El plan es crear un estado de conmoci\u00f3n, antes de invocar la Carta Democr\u00e1tica.<\/span><\/div>\n","protected":false},"excerpt":{"rendered":"<p>PELIGRO PARA LOS PUEBLOS DE LA PATRIA GRANDEEL PLAN [Median\u00e1lisis 18-04-2016 por @arleninaguillon] A finales de este mes, o principios de mayo, la Asamblea Nacional solicitar\u00e1 la aplicaci\u00f3n, en Venezuela, de la Carta Democr\u00e1tica Interamericana. La solicitud se har\u00e1, ante la Organizaci\u00f3n de Estados Americanos (OEA), tal y como lo corroboraron el presidente del parlamento [&hellip;]<\/p>\n","protected":false},"author":4,"featured_media":0,"comment_status":"open","ping_status":"open","sticky":false,"template":"","format":"standard","meta":{"_monsterinsights_skip_tracking":false,"_monsterinsights_sitenote_active":false,"_monsterinsights_sitenote_note":"","_monsterinsights_sitenote_category":0,"jnews-multi-image_gallery":[],"jnews_single_post":[],"jnews_primary_category":[],"_joinchat":[],"footnotes":""},"categories":[1],"tags":[],"class_list":["post-1427","post","type-post","status-publish","format-standard","hentry","category-habitat"],"_links":{"self":[{"href":"http:\/\/fmriachuelo.it10.com.ar\/index.php\/wp-json\/wp\/v2\/posts\/1427","targetHints":{"allow":["GET"]}}],"collection":[{"href":"http:\/\/fmriachuelo.it10.com.ar\/index.php\/wp-json\/wp\/v2\/posts"}],"about":[{"href":"http:\/\/fmriachuelo.it10.com.ar\/index.php\/wp-json\/wp\/v2\/types\/post"}],"author":[{"embeddable":true,"href":"http:\/\/fmriachuelo.it10.com.ar\/index.php\/wp-json\/wp\/v2\/users\/4"}],"replies":[{"embeddable":true,"href":"http:\/\/fmriachuelo.it10.com.ar\/index.php\/wp-json\/wp\/v2\/comments?post=1427"}],"version-history":[{"count":0,"href":"http:\/\/fmriachuelo.it10.com.ar\/index.php\/wp-json\/wp\/v2\/posts\/1427\/revisions"}],"wp:attachment":[{"href":"http:\/\/fmriachuelo.it10.com.ar\/index.php\/wp-json\/wp\/v2\/media?parent=1427"}],"wp:term":[{"taxonomy":"category","embeddable":true,"href":"http:\/\/fmriachuelo.it10.com.ar\/index.php\/wp-json\/wp\/v2\/categories?post=1427"},{"taxonomy":"post_tag","embeddable":true,"href":"http:\/\/fmriachuelo.it10.com.ar\/index.php\/wp-json\/wp\/v2\/tags?post=1427"}],"curies":[{"name":"wp","href":"https:\/\/api.w.org\/{rel}","templated":true}]}}