{"id":1426,"date":"2016-04-19T13:07:00","date_gmt":"2016-04-19T13:07:00","guid":{"rendered":"http:\/\/fmriachuelo.observatorioess.org.ar\/index.php\/2016\/04\/19\/comunicado-unasur-por-la-situacion-de-brasil\/"},"modified":"2016-04-19T13:07:00","modified_gmt":"2016-04-19T13:07:00","slug":"comunicado-unasur-por-la-situacion-de-brasil","status":"publish","type":"post","link":"http:\/\/fmriachuelo.it10.com.ar\/index.php\/2016\/04\/19\/comunicado-unasur-por-la-situacion-de-brasil\/","title":{"rendered":"COMUNICADO UNASUR POR LA SITUACI\u00d3N DE BRASIL"},"content":{"rendered":"<p><span><b>AMENAZA A LA INSTITUCIONALIDAD&nbsp;<\/b><\/span><\/p>\n<div style=\"clear: both;text-align: center\"><\/div>\n<p><span style=\"font-family: Verdana, sans-serif\"><\/p>\n<div style=\"text-align: justify\"><\/div>\n<div style=\"text-align: justify\">La decisi\u00f3n adoptada ayer por la C\u00e1mara de Diputados de Brasil de continuar el proceso de destituci\u00f3n de la Presidenta Rousseff, sin que haya existido indicio o discusi\u00f3n de fondo durante el debate sobre supuestos delitos, constituye un motivo de seria preocupaci\u00f3n para la regi\u00f3n.<\/div>\n<div style=\"text-align: justify\"><\/div>\n<div style=\"text-align: justify\">La elecci\u00f3n democr\u00e1tica y mayoritaria de Dilma Rousseff como Presidenta Constitucional,  no puede ser derogada en un juicio pol\u00edtico por una mayor\u00eda parlamentaria a menos que exista una prueba que la vincule de manera directa y dolosa con la Comisi\u00f3n de un delito com\u00fan,  hecho que hasta el momento no ha sucedido.<\/div>\n<div style=\"text-align: justify\"><\/div>\n<div style=\"text-align: justify\">Confiamos en que el Senado de la Rep\u00fablica actuando en conciencia como juez y despu\u00e9s de evaluar la firmeza y pertinencia legal de las pruebas aportadas detenga este proceso que puede llegar a afectar seriamente la democracia regional y la seguridad jur\u00eddica hemisf\u00e9rica.<\/div>\n<div style=\"text-align: justify\"><\/div>\n<div style=\"text-align: justify\">Quito, Mitad del Mundo, 18 de abril de 2016<\/div>\n<div style=\"text-align: justify\"><\/div>\n<div style=\"text-align: justify\">&nbsp;<\/div>\n<p><\/span><\/p>\n","protected":false},"excerpt":{"rendered":"<p>AMENAZA A LA INSTITUCIONALIDAD&nbsp; La decisi\u00f3n adoptada ayer por la C\u00e1mara de Diputados de Brasil de continuar el proceso de destituci\u00f3n de la Presidenta Rousseff, sin que haya existido indicio o discusi\u00f3n de fondo durante el debate sobre supuestos delitos, constituye un motivo de seria preocupaci\u00f3n para la regi\u00f3n. La elecci\u00f3n democr\u00e1tica y mayoritaria de [&hellip;]<\/p>\n","protected":false},"author":4,"featured_media":0,"comment_status":"open","ping_status":"open","sticky":false,"template":"","format":"standard","meta":{"_monsterinsights_skip_tracking":false,"_monsterinsights_sitenote_active":false,"_monsterinsights_sitenote_note":"","_monsterinsights_sitenote_category":0,"jnews-multi-image_gallery":[],"jnews_single_post":[],"jnews_primary_category":[],"_joinchat":[],"footnotes":""},"categories":[1],"tags":[],"class_list":["post-1426","post","type-post","status-publish","format-standard","hentry","category-habitat"],"_links":{"self":[{"href":"http:\/\/fmriachuelo.it10.com.ar\/index.php\/wp-json\/wp\/v2\/posts\/1426","targetHints":{"allow":["GET"]}}],"collection":[{"href":"http:\/\/fmriachuelo.it10.com.ar\/index.php\/wp-json\/wp\/v2\/posts"}],"about":[{"href":"http:\/\/fmriachuelo.it10.com.ar\/index.php\/wp-json\/wp\/v2\/types\/post"}],"author":[{"embeddable":true,"href":"http:\/\/fmriachuelo.it10.com.ar\/index.php\/wp-json\/wp\/v2\/users\/4"}],"replies":[{"embeddable":true,"href":"http:\/\/fmriachuelo.it10.com.ar\/index.php\/wp-json\/wp\/v2\/comments?post=1426"}],"version-history":[{"count":0,"href":"http:\/\/fmriachuelo.it10.com.ar\/index.php\/wp-json\/wp\/v2\/posts\/1426\/revisions"}],"wp:attachment":[{"href":"http:\/\/fmriachuelo.it10.com.ar\/index.php\/wp-json\/wp\/v2\/media?parent=1426"}],"wp:term":[{"taxonomy":"category","embeddable":true,"href":"http:\/\/fmriachuelo.it10.com.ar\/index.php\/wp-json\/wp\/v2\/categories?post=1426"},{"taxonomy":"post_tag","embeddable":true,"href":"http:\/\/fmriachuelo.it10.com.ar\/index.php\/wp-json\/wp\/v2\/tags?post=1426"}],"curies":[{"name":"wp","href":"https:\/\/api.w.org\/{rel}","templated":true}]}}