{"id":1425,"date":"2016-04-20T23:11:00","date_gmt":"2016-04-20T23:11:00","guid":{"rendered":"http:\/\/fmriachuelo.observatorioess.org.ar\/index.php\/2016\/04\/20\/movimiento-nacional-de-empresas-recuperadas-protesta-por-las-tarifas-energeticas\/"},"modified":"2016-04-20T23:11:00","modified_gmt":"2016-04-20T23:11:00","slug":"movimiento-nacional-de-empresas-recuperadas-protesta-por-las-tarifas-energeticas","status":"publish","type":"post","link":"http:\/\/fmriachuelo.it10.com.ar\/index.php\/2016\/04\/20\/movimiento-nacional-de-empresas-recuperadas-protesta-por-las-tarifas-energeticas\/","title":{"rendered":"MOVIMIENTO NACIONAL DE EMPRESAS RECUPERADAS PROTESTA POR LAS TARIFAS ENERG\u00c9TICAS"},"content":{"rendered":"<div style=\"text-align: justify\"><span style=\"font-family: Verdana, sans-serif\"><span style=\"color: red;font-size: large\"><b>ASFIXIADOS<\/b><\/span><\/span><\/div>\n<div style=\"clear: both;text-align: center\"><a href=\"https:\/\/4.bp.blogspot.com\/-Be7ynFF3Uj4\/VxgL7PjGjaI\/AAAAAAAAIV8\/aJ6dkkUj47A4_wjIyFXaYR3brQfg3s7wwCLcB\/s1600\/mner.jpg\" style=\"clear: left;float: left;margin-bottom: 1em;margin-right: 1em\"><img loading=\"lazy\" decoding=\"async\" border=\"0\" height=\"141\" src=\"https:\/\/4.bp.blogspot.com\/-Be7ynFF3Uj4\/VxgL7PjGjaI\/AAAAAAAAIV8\/aJ6dkkUj47A4_wjIyFXaYR3brQfg3s7wwCLcB\/s200\/mner.jpg\" width=\"200\" \/><\/a><\/div>\n<div style=\"text-align: justify\"><span style=\"font-family: Verdana, sans-serif\">Difundimos&nbsp;<\/span><span style=\"font-family: Verdana, sans-serif\">Comunicado de Prensa&nbsp;<\/span><\/div>\n<div style=\"text-align: justify\"><span style=\"font-family: Verdana, sans-serif\">En el d\u00eda de hoy, frente al aumento desmedido de tarifas trabajadores y trabajadoras  del Movimiento Nacional de Empresas Recuperadas (MNER) integrantes de CTEP se presenta ante el Ministro de Energ\u00eda.<\/span><\/div>\n<p><span style=\"font-family: Verdana, sans-serif\"><\/p>\n<div style=\"text-align: justify\"><\/div>\n<div style=\"text-align: justify\">Desde las 13 horas del d\u00eda de hoy mi\u00e9rcoles 20 de abril, trabajadores y trabajadoras de empresas recuperadas nucleadas en MNER CTEP se presentar\u00e1n ante el Ministro de Energ\u00eda Juan Jos\u00e9  Aranguren para solicitar que atienda los reclamos de las empresas recuperadas, tras haber solicitado audiencia desde hace dos meses sin haber obtenido respuesta alguna de parte del Ministro.<\/div>\n<div style=\"text-align: justify\"><\/div>\n<div style=\"text-align: justify\">Muchas de las empresas recuperadas que nacieron a la luz de la crisis del 2001 corren el riesgo de cerrar por el aumento desmedido de las tarifas de luz y gas, sumando a ello el aumento del transporte que afecta a todos los trabajadores del sector.<\/div>\n<div style=\"text-align: justify\"><\/div>\n<div style=\"clear: both;text-align: center\"><\/div>\n<div style=\"text-align: justify\">Eduardo \u201cVasco\u201d Mur\u00faa, referente del Movimiento Nacional de Empresas Recuperadas, expres\u00f3: \u00abEste aumento de tarifas no es m\u00e1s ni menos que el resultado de traspasar las deudas de los gobiernos y de los grandes empresarios a los trabajadores y trabajadoras del pueblo argentino. Mientras ellos fabrican offshore para evadir impuestos nuestras empresas corren el riesgo de cerrar por no poder pagar las nuevas facturas de luz.\u00bb<\/div>\n<div style=\"text-align: justify\"><a name='more'><\/a><\/div>\n<div style=\"text-align: justify\">Desde que se conoci\u00f3 la resoluci\u00f3n de aumentar las tarifas, el Movimiento Nacional de Empresas Recuperadas a trav\u00e9s de las cooperativas que la integran vienen, hace meses, solicitando audiencia con el Ministro Aranguren para que tome medidas concretas ante el grave perjuicio que causa a los trabajadores, trabajadoras p\u00fablicos y privados, Pymes, comerciantes y la gente de todo el pa\u00eds, adem\u00e1s de presentar recursos de amparo ante la Justicia para frenar esta medida ilegal.\u201d<\/div>\n<div style=\"text-align: justify\"><\/div>\n<div style=\"text-align: justify\">Por \u00faltimo, Mur\u00faa agreg\u00f3: \u201cLos grandes empresarios que hoy ocupan y ocuparon cargos en el Estado se benefician con medidas como las del d\u00f3lar a futuro y no pagan impuestos porque fugan sus capitales a trav\u00e9s de los Para\u00edsos Fiscales con total impunidad ante un Poder Judicial inerte, mientras tanto terminan de convertir a nuestra Patria en Colonia, por eso desde  el Movimiento creemos que si no se da marcha atr\u00e1s con esta medida ileg\u00edtima e ilegal la \u00fanica respuesta que podemos tener es llamar a toda la sociedad a una REBELI\u00d3N FISCAL y no pagar los impuestos\u00bb.<\/div>\n<div style=\"text-align: justify\"><\/div>\n<div style=\"text-align: justify\"><\/div>\n<div style=\"text-align: justify\"><\/div>\n<div style=\"text-align: justify\"><\/div>\n<div style=\"text-align: justify\"><\/div>\n<div style=\"text-align: justify\"><\/div>\n<div style=\"text-align: justify\"><\/div>\n<div style=\"text-align: justify\"><\/div>\n<div style=\"text-align: justify\"><\/div>\n<p><\/span><\/p>\n<div style=\"text-align: justify\">Contacto de prensa: 1166500680 (Daniel Zakuski)<\/div>\n","protected":false},"excerpt":{"rendered":"<p>ASFIXIADOS Difundimos&nbsp;Comunicado de Prensa&nbsp; En el d\u00eda de hoy, frente al aumento desmedido de tarifas trabajadores y trabajadoras del Movimiento Nacional de Empresas Recuperadas (MNER) integrantes de CTEP se presenta ante el Ministro de Energ\u00eda. Desde las 13 horas del d\u00eda de hoy mi\u00e9rcoles 20 de abril, trabajadores y trabajadoras de empresas recuperadas nucleadas en [&hellip;]<\/p>\n","protected":false},"author":4,"featured_media":0,"comment_status":"open","ping_status":"open","sticky":false,"template":"","format":"standard","meta":{"_monsterinsights_skip_tracking":false,"_monsterinsights_sitenote_active":false,"_monsterinsights_sitenote_note":"","_monsterinsights_sitenote_category":0,"jnews-multi-image_gallery":[],"jnews_single_post":[],"jnews_primary_category":[],"_joinchat":[],"footnotes":""},"categories":[75],"tags":[],"class_list":["post-1425","post","type-post","status-publish","format-standard","hentry","category-trabajo"],"_links":{"self":[{"href":"http:\/\/fmriachuelo.it10.com.ar\/index.php\/wp-json\/wp\/v2\/posts\/1425","targetHints":{"allow":["GET"]}}],"collection":[{"href":"http:\/\/fmriachuelo.it10.com.ar\/index.php\/wp-json\/wp\/v2\/posts"}],"about":[{"href":"http:\/\/fmriachuelo.it10.com.ar\/index.php\/wp-json\/wp\/v2\/types\/post"}],"author":[{"embeddable":true,"href":"http:\/\/fmriachuelo.it10.com.ar\/index.php\/wp-json\/wp\/v2\/users\/4"}],"replies":[{"embeddable":true,"href":"http:\/\/fmriachuelo.it10.com.ar\/index.php\/wp-json\/wp\/v2\/comments?post=1425"}],"version-history":[{"count":0,"href":"http:\/\/fmriachuelo.it10.com.ar\/index.php\/wp-json\/wp\/v2\/posts\/1425\/revisions"}],"wp:attachment":[{"href":"http:\/\/fmriachuelo.it10.com.ar\/index.php\/wp-json\/wp\/v2\/media?parent=1425"}],"wp:term":[{"taxonomy":"category","embeddable":true,"href":"http:\/\/fmriachuelo.it10.com.ar\/index.php\/wp-json\/wp\/v2\/categories?post=1425"},{"taxonomy":"post_tag","embeddable":true,"href":"http:\/\/fmriachuelo.it10.com.ar\/index.php\/wp-json\/wp\/v2\/tags?post=1425"}],"curies":[{"name":"wp","href":"https:\/\/api.w.org\/{rel}","templated":true}]}}