{"id":1424,"date":"2016-04-21T16:41:00","date_gmt":"2016-04-21T16:41:00","guid":{"rendered":"http:\/\/fmriachuelo.observatorioess.org.ar\/index.php\/2016\/04\/21\/movimiento-de-empresas-recuperadas-mner-asfixiantes-tarifas-energeticas\/"},"modified":"2016-04-21T16:41:00","modified_gmt":"2016-04-21T16:41:00","slug":"movimiento-de-empresas-recuperadas-mner-asfixiantes-tarifas-energeticas","status":"publish","type":"post","link":"http:\/\/fmriachuelo.it10.com.ar\/index.php\/2016\/04\/21\/movimiento-de-empresas-recuperadas-mner-asfixiantes-tarifas-energeticas\/","title":{"rendered":"MOVIMIENTO DE EMPRESAS RECUPERADAS MNER: ASFIXIANTES TARIFAS ENERG\u00c9TICAS"},"content":{"rendered":"<div style=\"clear: both;text-align: center\"><a href=\"https:\/\/1.bp.blogspot.com\/-obmQIH-fQLA\/VxkA4XyEHdI\/AAAAAAAAIWU\/n2LPO7ajHf4xqAGHQkOOvUaJ82Fqp8hYQCLcB\/s1600\/mner.jpg\" style=\"clear: left;float: left;margin-bottom: 1em;margin-right: 1em\"><img loading=\"lazy\" decoding=\"async\" border=\"0\" height=\"141\" src=\"https:\/\/1.bp.blogspot.com\/-obmQIH-fQLA\/VxkA4XyEHdI\/AAAAAAAAIWU\/n2LPO7ajHf4xqAGHQkOOvUaJ82Fqp8hYQCLcB\/s200\/mner.jpg\" width=\"200\" \/><\/a><\/div>\n<p><span style=\"color: red;font-family: Verdana, sans-serif\"><b>RESULTADO DE LA LUCHA: ACUERDO<\/b><\/span><br \/><span style=\"font-family: Verdana, sans-serif\"><\/p>\n<div style=\"text-align: justify\">Actualizamos:<\/div>\n<div style=\"text-align: justify\">[FMR 21\/4\/16] Tras&nbsp;largas horas de negociaciones en el Ministerio de Energ\u00eda, los representantes de las recuperadas del MNER-CTEP lograron un &nbsp;acuerdo. El referente del MNER Eduardo \u00abVasco\u00bb Mur\u00faa, junto al subsecretario de coordinaci\u00f3n administrativa el licenciado Sebasti\u00e1n Scheimberg, firmaron un acuerdo donde el Ministerio se comprometi\u00f3 a crear un registro que empezar\u00e1 a regir desde el d\u00eda de ma\u00f1ana, para todas las Empresas Recuperadas del pa\u00eds. La finalidad del mismo es el acceso a la tarifa social del servicio el\u00e9ctrico. &nbsp;<\/p>\n<div style=\"clear: both;text-align: center\"><a href=\"https:\/\/3.bp.blogspot.com\/-TFq_YYUlwdQ\/VxkA99XFVjI\/AAAAAAAAIWc\/zAbjFFa0C7E6vLqE_szzU7nUsY3eWc5NgCKgB\/s1600\/253aba79-be84-4ce7-89ae-9ea1117e8dba.jpg\" style=\"margin-left: 1em;margin-right: 1em\"><img loading=\"lazy\" decoding=\"async\" border=\"0\" height=\"180\" src=\"https:\/\/3.bp.blogspot.com\/-TFq_YYUlwdQ\/VxkA99XFVjI\/AAAAAAAAIWc\/zAbjFFa0C7E6vLqE_szzU7nUsY3eWc5NgCKgB\/s320\/253aba79-be84-4ce7-89ae-9ea1117e8dba.jpg\" width=\"320\" \/><\/a><\/div>\n<\/div>\n<p><\/span><\/p>\n","protected":false},"excerpt":{"rendered":"<p>RESULTADO DE LA LUCHA: ACUERDO Actualizamos: [FMR 21\/4\/16] Tras&nbsp;largas horas de negociaciones en el Ministerio de Energ\u00eda, los representantes de las recuperadas del MNER-CTEP lograron un &nbsp;acuerdo. El referente del MNER Eduardo \u00abVasco\u00bb Mur\u00faa, junto al subsecretario de coordinaci\u00f3n administrativa el licenciado Sebasti\u00e1n Scheimberg, firmaron un acuerdo donde el Ministerio se comprometi\u00f3 a crear un [&hellip;]<\/p>\n","protected":false},"author":4,"featured_media":0,"comment_status":"open","ping_status":"open","sticky":false,"template":"","format":"standard","meta":{"_monsterinsights_skip_tracking":false,"_monsterinsights_sitenote_active":false,"_monsterinsights_sitenote_note":"","_monsterinsights_sitenote_category":0,"jnews-multi-image_gallery":[],"jnews_single_post":[],"jnews_primary_category":[],"_joinchat":[],"footnotes":""},"categories":[75],"tags":[],"class_list":["post-1424","post","type-post","status-publish","format-standard","hentry","category-trabajo"],"_links":{"self":[{"href":"http:\/\/fmriachuelo.it10.com.ar\/index.php\/wp-json\/wp\/v2\/posts\/1424","targetHints":{"allow":["GET"]}}],"collection":[{"href":"http:\/\/fmriachuelo.it10.com.ar\/index.php\/wp-json\/wp\/v2\/posts"}],"about":[{"href":"http:\/\/fmriachuelo.it10.com.ar\/index.php\/wp-json\/wp\/v2\/types\/post"}],"author":[{"embeddable":true,"href":"http:\/\/fmriachuelo.it10.com.ar\/index.php\/wp-json\/wp\/v2\/users\/4"}],"replies":[{"embeddable":true,"href":"http:\/\/fmriachuelo.it10.com.ar\/index.php\/wp-json\/wp\/v2\/comments?post=1424"}],"version-history":[{"count":0,"href":"http:\/\/fmriachuelo.it10.com.ar\/index.php\/wp-json\/wp\/v2\/posts\/1424\/revisions"}],"wp:attachment":[{"href":"http:\/\/fmriachuelo.it10.com.ar\/index.php\/wp-json\/wp\/v2\/media?parent=1424"}],"wp:term":[{"taxonomy":"category","embeddable":true,"href":"http:\/\/fmriachuelo.it10.com.ar\/index.php\/wp-json\/wp\/v2\/categories?post=1424"},{"taxonomy":"post_tag","embeddable":true,"href":"http:\/\/fmriachuelo.it10.com.ar\/index.php\/wp-json\/wp\/v2\/tags?post=1424"}],"curies":[{"name":"wp","href":"https:\/\/api.w.org\/{rel}","templated":true}]}}