{"id":1423,"date":"2016-04-26T12:59:00","date_gmt":"2016-04-26T12:59:00","guid":{"rendered":"http:\/\/fmriachuelo.observatorioess.org.ar\/index.php\/2016\/04\/26\/jornada-nacional-de-lucha-de-los-trabajadores\/"},"modified":"2016-04-26T12:59:00","modified_gmt":"2016-04-26T12:59:00","slug":"jornada-nacional-de-lucha-de-los-trabajadores","status":"publish","type":"post","link":"http:\/\/fmriachuelo.it10.com.ar\/index.php\/2016\/04\/26\/jornada-nacional-de-lucha-de-los-trabajadores\/","title":{"rendered":"JORNADA NACIONAL DE LUCHA DE LOS TRABAJADORES"},"content":{"rendered":"<div style=\"text-align: justify\"><span><b>EL 29 DE ABRIL&nbsp;TAMBI\u00c9N&nbsp;ES DE LA ECONOM\u00cdA POPULAR<\/b><\/span><\/div>\n<div style=\"text-align: justify\"><\/div>\n<div style=\"text-align: justify\"><b style=\"font-family: Verdana, sans-serif\"><a href=\"https:\/\/soundcloud.com\/prensa-fm-riachuelo\/sets\/22-04-2016-asamblea-confederal-de-la-ctep\">ESCUCH\u00c1 EL RESUMEN DE LAS INTERVENCIONES<\/a><\/b><\/div>\n<div style=\"text-align: justify\"><\/div>\n<div style=\"clear: both;text-align: center\"><a href=\"http:\/\/3.bp.blogspot.com\/-4-D0XPOBwno\/Vx9iIBEBYxI\/AAAAAAAAIXI\/kxoCzv_DcCw6lIpcac3j2BZo8L4i6R79ACK4B\/s1600\/gringo.jpg\" style=\"clear: left;float: left;margin-bottom: 1em;margin-right: 1em;text-align: justify\"><img loading=\"lazy\" decoding=\"async\" border=\"0\" height=\"180\" src=\"https:\/\/3.bp.blogspot.com\/-4-D0XPOBwno\/Vx9iIBEBYxI\/AAAAAAAAIXI\/kxoCzv_DcCw6lIpcac3j2BZo8L4i6R79ACK4B\/s320\/gringo.jpg\" width=\"320\" \/><\/a><\/div>\n<div style=\"font-size: 13px;text-align: justify\"><b><span>[FMR 26\/04\/2016] El pasado viernes 22 de abril, la Confederaci\u00f3n de Trabajadores de la Econom\u00eda Popular (CTEP) organiz\u00f3 una Asamblea Confederal para definir un plan de lucha que exprese las necesidades de los diversos sectores de la Econom\u00eda Popular. El encuentro, que reuni\u00f3 delegados de todo el pa\u00eds en la sede de CTEP de Pedro Echag\u00fce en el barrio de Constituci\u00f3n, cont\u00f3 con las voces de los trabajadores que se expresaban desde las distintas ramas de este sector de la econom\u00eda que se caracteriza por salir a construir su propia fuente de trabajo, y por ser una de las v\u00edctimas predilectas de las pol\u00edticas de ajuste y de represi\u00f3n del macrismo.<\/span><\/b><\/div>\n<div style=\"font-family: HelveticaNeue, 'Helvetica Neue', Helvetica, Arial, 'Lucida Grande', sans-serif;font-size: 13px;text-align: justify\"><\/div>\n<div style=\"font-size: 13px;text-align: justify\"><span>Frente a esta situaci\u00f3n, las intervenciones de la mayor\u00eda de los oradores fueron atravesadas por el llamado a una fuerte participaci\u00f3n y movilizaci\u00f3n en la jornada nacional de lucha convocada por las centrales obreras para el 29 de abril. En estas jornada, cercana al 1ero de mayo, d\u00eda internacional de los trabajadores, se busca que el gobierno nacional d\u00e9 respuesta a la agenda de los trabajadores y que, de acuerdo a los planteos de los delegados presentes en el Confederal, es urgente la inclusi\u00f3n de las demandas de la Econom\u00eda Popular. Tambi\u00e9n se acercaron para llevar sus saludos referentes de las centrales obreras que impulsan la jornada del 29: hubo representantes de la CTA de los Trabajadores, de la CTA Aut\u00f3noma y de la CGT Azopardo.<\/span><\/p>\n<\/div>\n<div style=\"font-size: 13px\"><span><\/span><br \/><a name='more'><\/a><\/div>\n<div style=\"clear: both;text-align: center\"><a href=\"http:\/\/2.bp.blogspot.com\/-RylIBmaS50Y\/Vx9hj9yRQiI\/AAAAAAAAIXA\/lSsvSdw5uXgT1iBlvsdqZ1Aj_67RdHgbACK4B\/s1600\/confederal.jpg\" style=\"margin-left: 1em;margin-right: 1em\"><img loading=\"lazy\" decoding=\"async\" border=\"0\" height=\"225\" src=\"https:\/\/2.bp.blogspot.com\/-RylIBmaS50Y\/Vx9hj9yRQiI\/AAAAAAAAIXA\/lSsvSdw5uXgT1iBlvsdqZ1Aj_67RdHgbACK4B\/s400\/confederal.jpg\" width=\"400\" \/><\/a><\/div>\n<div style=\"clear: both;text-align: justify\"><\/div>\n<div style=\"font-size: 13px;text-align: justify\"><span>Cartoneros, trabajadores de la v\u00eda p\u00fablica, campesinos, cooperativistas de programas sociales, trabajadores de fabricas recuperadas, de la cultura y la comunicaci\u00f3n popular, hicieron oir su voz que, no pocas veces, remiti\u00f3 a la consigna que resumi\u00f3 el Papa Francisco: \u00abTierra, Techo, Trabajo\u00bb.<\/span><\/div>\n<div style=\"font-size: 13px;text-align: justify\"><span><br \/><\/span><\/div>\n<div style=\"font-size: 13px\"><a href=\"http:\/\/2.bp.blogspot.com\/-HSSc6K_laZU\/Vx9iMUb3-kI\/AAAAAAAAIXU\/bIszr6_2XJsktAcg-ABoMP-ZpixLxkkaACK4B\/s1600\/jorge.jpg\" style=\"clear: left;float: left;margin-bottom: 1em;margin-right: 1em;text-align: justify\"><img loading=\"lazy\" decoding=\"async\" border=\"0\" height=\"180\" src=\"https:\/\/2.bp.blogspot.com\/-HSSc6K_laZU\/Vx9iMUb3-kI\/AAAAAAAAIXU\/bIszr6_2XJsktAcg-ABoMP-ZpixLxkkaACK4B\/s320\/jorge.jpg\" width=\"320\" \/><\/a><span><\/span><\/p>\n<div style=\"text-align: justify\"><span>Los <b>trabajadores de la v\u00eda p\u00fablica<\/b>, en particular los de la Avenida Nicol\u00e1s Avellaneda en Flores (Ciudad Aut\u00f3noma de Buenos Aires) representados por <b>Jorge Lopez<\/b>, se encargaron de<b> <a href=\"https:\/\/soundcloud.com\/prensa-fm-riachuelo\/20160422-jorge-lopez-trabajador-via-p-avellaneda-balance-situacion?in=prensa-fm-riachuelo\/sets\/22-04-2016-asamblea-confederal-de-la-ctep\">denunciar adem\u00e1s la represi\u00f3n y la persecuci\u00f3n policial a la que vienen siendo sometidos<\/a><\/b> desde que asumieron Rodriguez Larreta y Macri.<\/span><\/div>\n<p><span><\/span><\/div>\n<div style=\"font-size: 13px;text-align: justify\"><\/div>\n<div style=\"font-size: 13px;text-align: justify\"><span>Al elemento de la persecuci\u00f3n y represi\u00f3n hay que agregar las pol\u00edticas de ajuste que asoman \u00abcomo <b><a href=\"https:\/\/soundcloud.com\/prensa-fm-riachuelo\/20160422-vasco-murua-mner-caracterizacion-macrismo?in=prensa-fm-riachuelo\/sets\/22-04-2016-asamblea-confederal-de-la-ctep\">un plan econ\u00f3mico para que se cierren f\u00e1bricas<\/a><\/b>\u00ab. El <b>Vasco Mur\u00faa<\/b>, representando a los <b>trabajadores de las f\u00e1bricas recuperadas<\/b>, se encarg\u00f3 de se\u00f1alar el impacto que el tarifazo en los servicios p\u00fablicos y transporte ten\u00eda en particular con su sector, pero tambi\u00e9n sobre el conjunto de los trabajadores de la Econom\u00eda Popular.<\/span><\/div>\n<div style=\"font-size: 13px;text-align: justify\"><span><br id=\"yiv1602753175yui_3_16_0_ym19_1_1461667893865_3161\" \/><\/span><\/div>\n<div style=\"font-size: 13px\"><a href=\"http:\/\/3.bp.blogspot.com\/-4brj5N6azfQ\/Vx9iNWAgb7I\/AAAAAAAAIXk\/X9tIhtr7rLYT-bYHM89NQje3esazPiLNQCK4B\/s1600\/vasco.jpg\" style=\"clear: right;float: right;margin-bottom: 1em;margin-left: 1em;text-align: justify\"><img loading=\"lazy\" decoding=\"async\" border=\"0\" height=\"180\" src=\"https:\/\/3.bp.blogspot.com\/-4brj5N6azfQ\/Vx9iNWAgb7I\/AAAAAAAAIXk\/X9tIhtr7rLYT-bYHM89NQje3esazPiLNQCK4B\/s320\/vasco.jpg\" width=\"320\" \/><\/a><span><\/span><\/p>\n<div style=\"text-align: justify\"><span>Una situaci\u00f3n igualmente grave padecen los <b>trabajadores campesinos<\/b>. <b>Mauro Fernandez,<\/b> <b>productor de la Uni\u00f3n de Trabajadores de la Tierra<\/b> hizo uso de la palabra para denunciar la combinaci\u00f3n de <b><a href=\"https:\/\/soundcloud.com\/prensa-fm-riachuelo\/20160422-mauro-fernandez-utt-situacion-quinteros?in=prensa-fm-riachuelo\/sets\/22-04-2016-asamblea-confederal-de-la-ctep\">factores econ\u00f3micos y pol\u00edticos que presionan violentamente sobre las posibilidades de los campesinos de acceder a la tierra<\/a><\/b> en condiciones que les permitan al menos vivir humildemente de su trabajo.<\/span><\/div>\n<p><span><\/span><\/div>\n<div style=\"font-size: 13px;text-align: justify\"><\/div>\n<div style=\"font-size: 13px;text-align: justify\"><span>Las consecuencias de un gobierno complice de la especulaci\u00f3n inmobiliaria que presiona sobre la tierra campesina reson\u00f3 al momento de balance<br \/>\nar los <b>avances de la Secretar\u00eda de Vivienda y Habitat Popular<\/b>. <b><a href=\"https:\/\/soundcloud.com\/prensa-fm-riachuelo\/20160422-lito-borelo-osyplp-sobre-nacionalizacion-de-la-ley-341?in=prensa-fm-riachuelo\/sets\/22-04-2016-asamblea-confederal-de-la-ctep\">Lito Borello, de la Organizaci\u00f3n Social y Pol\u00edtica Los Pibes<\/a><\/b> y <b><a href=\"https:\/\/soundcloud.com\/prensa-fm-riachuelo\/20160422-rafael-klejzer-mpld-proyecciones-en-vivienda?in=prensa-fm-riachuelo\/sets\/22-04-2016-asamblea-confederal-de-la-ctep\">Rafael Klejzer, del Movimiento Popular La Dignidad<\/a><\/b>, organizaciones de la CTEP involucradas en la lucha por la vivienda y la urbanizaci\u00f3n de las villas, dejaron en claro que <b>la \u00fanica manera de resolver la cuesti\u00f3n de la vivienda para los trabajadores de la econom\u00eda popular era con organizaci\u00f3n y con lucha<\/b>.<\/span><\/div>\n<div style=\"font-size: 13px;text-align: justify\"><span><br id=\"yiv1602753175yui_3_16_0_ym19_1_1461667893865_3166\" \/><\/span><\/div>\n<div dir=\"ltr\" style=\"font-size: 13px\"><a href=\"http:\/\/1.bp.blogspot.com\/-bP7MpaGCf90\/Vx9iMxP83aI\/AAAAAAAAIXc\/HEgBwyre22cHA4YMUsQHpTBxAAjUmkg-gCK4B\/s1600\/mauro.jpg\" style=\"clear: left;float: left;margin-bottom: 1em;margin-right: 1em;text-align: justify\"><img loading=\"lazy\" decoding=\"async\" border=\"0\" height=\"180\" src=\"https:\/\/1.bp.blogspot.com\/-bP7MpaGCf90\/Vx9iMxP83aI\/AAAAAAAAIXc\/HEgBwyre22cHA4YMUsQHpTBxAAjUmkg-gCK4B\/s320\/mauro.jpg\" width=\"320\" \/><\/a><span><\/span><\/p>\n<div style=\"text-align: justify\"><span>La diversidad de demandas y expresiones que contiene la CTEP tambi\u00e9n tuvo su correlato en la convocatoria y necesidad de una unidad urgente. Sobre el cierre, <b>Sergio Sanchez<\/b>, <b>trabajador cartonero del Movimiento de Trabajadores Excluidos<\/b> fue m\u00e1s preciso al indicar que <b><a href=\"https:\/\/soundcloud.com\/prensa-fm-riachuelo\/20160422-sergio-sanchez-mte-unidos-conseguimos-victorias?in=prensa-fm-riachuelo\/sets\/22-04-2016-asamblea-confederal-de-la-ctep\">ning\u00fan trabajador de la Econom\u00eda Popular se salva solo, sino poniendo el cuerpo para defender \u00aba cada compa\u00f1ero que tenga un problema\u00bb<\/a><\/b>.<\/span><\/div>\n<p><span><\/span><\/div>\n<div dir=\"ltr\" style=\"font-size: 13px;text-align: justify\"><span><br \/><\/span><\/div>\n<div dir=\"ltr\" style=\"font-size: 13px;text-align: justify\"><span>El cierre definitivo qued\u00f3 a cargo de<b> Esteban Gringo Castro<\/b>, quien realiz\u00f3 la <b><a href=\"https:\/\/soundcloud.com\/prensa-fm-riachuelo\/20160422-gringo-castro-ctep-lectura-documento-final-pte1?in=prensa-fm-riachuelo\/sets\/22-04-2016-asamblea-confederal-de-la-ctep\">lectura del documento final<\/a><\/b> del plenario que exhort\u00f3 fuertemente a <b>movilizar el 29 de abril en actitud de lucha por la justicia social<\/b>.<\/span><\/div>\n","protected":false},"excerpt":{"rendered":"<p>EL 29 DE ABRIL&nbsp;TAMBI\u00c9N&nbsp;ES DE LA ECONOM\u00cdA POPULAR ESCUCH\u00c1 EL RESUMEN DE LAS INTERVENCIONES [FMR 26\/04\/2016] El pasado viernes 22 de abril, la Confederaci\u00f3n de Trabajadores de la Econom\u00eda Popular (CTEP) organiz\u00f3 una Asamblea Confederal para definir un plan de lucha que exprese las necesidades de los diversos sectores de la Econom\u00eda Popular. El encuentro, [&hellip;]<\/p>\n","protected":false},"author":4,"featured_media":0,"comment_status":"open","ping_status":"open","sticky":false,"template":"","format":"standard","meta":{"_monsterinsights_skip_tracking":false,"_monsterinsights_sitenote_active":false,"_monsterinsights_sitenote_note":"","_monsterinsights_sitenote_category":0,"jnews-multi-image_gallery":[],"jnews_single_post":[],"jnews_primary_category":[],"_joinchat":[],"footnotes":""},"categories":[1],"tags":[],"class_list":["post-1423","post","type-post","status-publish","format-standard","hentry","category-habitat"],"_links":{"self":[{"href":"http:\/\/fmriachuelo.it10.com.ar\/index.php\/wp-json\/wp\/v2\/posts\/1423","targetHints":{"allow":["GET"]}}],"collection":[{"href":"http:\/\/fmriachuelo.it10.com.ar\/index.php\/wp-json\/wp\/v2\/posts"}],"about":[{"href":"http:\/\/fmriachuelo.it10.com.ar\/index.php\/wp-json\/wp\/v2\/types\/post"}],"author":[{"embeddable":true,"href":"http:\/\/fmriachuelo.it10.com.ar\/index.php\/wp-json\/wp\/v2\/users\/4"}],"replies":[{"embeddable":true,"href":"http:\/\/fmriachuelo.it10.com.ar\/index.php\/wp-json\/wp\/v2\/comments?post=1423"}],"version-history":[{"count":0,"href":"http:\/\/fmriachuelo.it10.com.ar\/index.php\/wp-json\/wp\/v2\/posts\/1423\/revisions"}],"wp:attachment":[{"href":"http:\/\/fmriachuelo.it10.com.ar\/index.php\/wp-json\/wp\/v2\/media?parent=1423"}],"wp:term":[{"taxonomy":"category","embeddable":true,"href":"http:\/\/fmriachuelo.it10.com.ar\/index.php\/wp-json\/wp\/v2\/categories?post=1423"},{"taxonomy":"post_tag","embeddable":true,"href":"http:\/\/fmriachuelo.it10.com.ar\/index.php\/wp-json\/wp\/v2\/tags?post=1423"}],"curies":[{"name":"wp","href":"https:\/\/api.w.org\/{rel}","templated":true}]}}