{"id":14220,"date":"2021-10-21T01:33:33","date_gmt":"2021-10-21T01:33:33","guid":{"rendered":"http:\/\/fmriachuelo.com.ar\/?p=14220"},"modified":"2025-05-07T15:25:58","modified_gmt":"2025-05-07T18:25:58","slug":"18deoctubre-fue-el-hecho-politico-mas-importante-de-los-ultimos-dos-anos","status":"publish","type":"post","link":"http:\/\/fmriachuelo.it10.com.ar\/index.php\/2021\/10\/21\/18deoctubre-fue-el-hecho-politico-mas-importante-de-los-ultimos-dos-anos\/","title":{"rendered":"18 DE OCTUBRE: \u201cFUE EL HECHO POL\u00cdTICO M\u00c1S IMPORTANTE DE LOS \u00daLTIMOS DOS A\u00d1OS\u201d"},"content":{"rendered":"<p><b>[FM Riachuelo, 20\/10\/2021] En el marco de la movilizaci\u00f3n del 18 de octubre, continuamos haciendo balances sobre la jornada de lucha que encontr\u00f3 en hermandad al Movimiento Obrero y los Movimientos Populares. En esta oportunidad, Gildo Onorato, integrante del Movimiento Evita y secretario gremial de la Uni\u00f3n de Trabajadores y Trabajadoras de la Econom\u00eda Popular (UTEP), reflexion\u00f3 sobre la importancia de esta jornada.<\/b><\/p>\n<p><span style=\"font-weight: 400\">\u201c<\/span><i><span style=\"font-weight: 400\">Fue una movilizaci\u00f3n contundente que demostr\u00f3 la unidad del conjunto de la clase trabajadora<\/span><\/i><span style=\"font-weight: 400\">\u201d, destac\u00f3 el dirigente sobre el significado de la jornada. Tambi\u00e9n hizo referencia a la importancia de que la clase trabajadora forme parte de las decisiones pol\u00edticas: \u201c<\/span><i><span style=\"font-weight: 400\">tenemos que construir la representaci\u00f3n pol\u00edtica, no delegarla en los sectores de la burgues\u00eda<\/span><\/i><span style=\"font-weight: 400\">\u201d.<\/span><\/p>\n<p><span style=\"font-weight: 400\">Consultado por el camino que queda por recorrer luego de un hecho pol\u00edtico tan importante, hizo hincapi\u00e9 en la necesidad planear la agenda de Tierra, Techo y Trabajo, y remarc\u00f3: \u201c<\/span><i><span style=\"font-weight: 400\">Hay que plantear un proceso de integraci\u00f3n pol\u00edtica, cultural y econ\u00f3mica con las naciones hermanas que tambi\u00e9n est\u00e1n viviendo un proceso de cambio<\/span><\/i><span style=\"font-weight: 400\">\u201d. Por \u00faltimo, Onorato concluy\u00f3 con una mirada positiva: \u201c<\/span><i><span style=\"font-weight: 400\">Vemos en el horizonte un renacimiento de los procesos emancipatorios de nuestra Naci\u00f3n<\/span><\/i><span style=\"font-weight: 400\">\u201d.<\/span><\/p>\n<p><strong><a href=\"https:\/\/ar.radiocut.fm\/audiocut\/fue-hecho-politico-mas-importante-ultimos-dos-anos\/\">Escucha la nota ac\u00e1<\/a><\/strong><\/p>\n","protected":false},"excerpt":{"rendered":"<p>[FM Riachuelo, 20\/10\/2021] En el marco de la movilizaci\u00f3n del 18 de octubre, continuamos haciendo balances sobre la jornada de lucha que encontr\u00f3 en hermandad al Movimiento Obrero y los Movimientos Populares. En esta oportunidad, Gildo Onorato, integrante del Movimiento Evita y secretario gremial de la Uni\u00f3n de Trabajadores y Trabajadoras de la Econom\u00eda Popular [&hellip;]<\/p>\n","protected":false},"author":5,"featured_media":14221,"comment_status":"closed","ping_status":"closed","sticky":false,"template":"","format":"standard","meta":{"_monsterinsights_skip_tracking":false,"_monsterinsights_sitenote_active":false,"_monsterinsights_sitenote_note":"","_monsterinsights_sitenote_category":0,"jnews-multi-image_gallery":[],"jnews_single_post":{"format":"standard"},"jnews_primary_category":[],"_joinchat":[],"footnotes":""},"categories":[58],"tags":[68,64],"class_list":["post-14220","post","type-post","status-publish","format-standard","has-post-thumbnail","hentry","category-noticiariachuelo","tag-de-los-trabajadores","tag-economia-popular"],"_links":{"self":[{"href":"http:\/\/fmriachuelo.it10.com.ar\/index.php\/wp-json\/wp\/v2\/posts\/14220","targetHints":{"allow":["GET"]}}],"collection":[{"href":"http:\/\/fmriachuelo.it10.com.ar\/index.php\/wp-json\/wp\/v2\/posts"}],"about":[{"href":"http:\/\/fmriachuelo.it10.com.ar\/index.php\/wp-json\/wp\/v2\/types\/post"}],"author":[{"embeddable":true,"href":"http:\/\/fmriachuelo.it10.com.ar\/index.php\/wp-json\/wp\/v2\/users\/5"}],"replies":[{"embeddable":true,"href":"http:\/\/fmriachuelo.it10.com.ar\/index.php\/wp-json\/wp\/v2\/comments?post=14220"}],"version-history":[{"count":1,"href":"http:\/\/fmriachuelo.it10.com.ar\/index.php\/wp-json\/wp\/v2\/posts\/14220\/revisions"}],"predecessor-version":[{"id":22404,"href":"http:\/\/fmriachuelo.it10.com.ar\/index.php\/wp-json\/wp\/v2\/posts\/14220\/revisions\/22404"}],"wp:featuredmedia":[{"embeddable":true,"href":"http:\/\/fmriachuelo.it10.com.ar\/index.php\/wp-json\/"}],"wp:attachment":[{"href":"http:\/\/fmriachuelo.it10.com.ar\/index.php\/wp-json\/wp\/v2\/media?parent=14220"}],"wp:term":[{"taxonomy":"category","embeddable":true,"href":"http:\/\/fmriachuelo.it10.com.ar\/index.php\/wp-json\/wp\/v2\/categories?post=14220"},{"taxonomy":"post_tag","embeddable":true,"href":"http:\/\/fmriachuelo.it10.com.ar\/index.php\/wp-json\/wp\/v2\/tags?post=14220"}],"curies":[{"name":"wp","href":"https:\/\/api.w.org\/{rel}","templated":true}]}}