{"id":1422,"date":"2016-04-26T13:26:00","date_gmt":"2016-04-26T13:26:00","guid":{"rendered":"http:\/\/fmriachuelo.observatorioess.org.ar\/index.php\/2016\/04\/26\/reunion-en-la-conferencia-episcopal-argentina-piden-por-la-emergencia-social\/"},"modified":"2016-04-26T13:26:00","modified_gmt":"2016-04-26T13:26:00","slug":"reunion-en-la-conferencia-episcopal-argentina-piden-por-la-emergencia-social","status":"publish","type":"post","link":"http:\/\/fmriachuelo.it10.com.ar\/index.php\/2016\/04\/26\/reunion-en-la-conferencia-episcopal-argentina-piden-por-la-emergencia-social\/","title":{"rendered":"REUNI\u00d3N EN LA CONFERENCIA EPISCOPAL ARGENTINA: PIDEN POR LA EMERGENCIA SOCIAL"},"content":{"rendered":"<p><span style=\"background-color: white;color: #888888;font-family: wf_segoe-ui_normal, 'Segoe UI', 'Segoe WP', Tahoma, Arial, sans-serif;font-size: 15px;font-style: normal;font-variant: normal;font-weight: normal;letter-spacing: normal;line-height: normal;text-align: start;text-indent: 0px\"><\/span><span style=\"background-color: white;color: #212121;float: none;font-family: wf_segoe-ui_normal, 'Segoe UI', 'Segoe WP', Tahoma, Arial, sans-serif;font-size: 15px;font-style: normal;font-variant: normal;font-weight: normal;letter-spacing: normal;line-height: normal;text-align: start;text-indent: 0px\"><\/span><\/p>\n<div style=\"text-align: start;text-indent: 0px\">\n<div dir=\"ltr\">\n<div dir=\"ltr\">\n<div style=\"clear: both;text-align: center\"><a href=\"https:\/\/1.bp.blogspot.com\/-ZrXUEhsXYkU\/Vx9sSzNiAMI\/AAAAAAAAIX0\/HOZM3_Cr4vcys0hCnyoCN4nM7u5wx5kXwCLcB\/s1600\/ctep.jpg\" style=\"clear: left;float: left;margin-bottom: 1em;margin-right: 1em\"><img loading=\"lazy\" decoding=\"async\" border=\"0\" height=\"150\" src=\"https:\/\/1.bp.blogspot.com\/-ZrXUEhsXYkU\/Vx9sSzNiAMI\/AAAAAAAAIX0\/HOZM3_Cr4vcys0hCnyoCN4nM7u5wx5kXwCLcB\/s200\/ctep.jpg\" width=\"200\" \/><\/a><\/div>\n<p><span style=\"color: red;font-family: Verdana, sans-serif;font-size: large\"><b>EMERGENCIA SOCIAL<\/b><\/span><br \/><span style=\"font-family: Verdana, sans-serif\">Difundimos comunicado:<\/span><br \/><span style=\"font-family: Verdana, sans-serif\">[25\/4\/16]Organizaciones sociales se re\u00fanen hoy con Monse\u00f1or Lozano y pedir\u00e1n que el <br \/>Congreso declare la Emergencia Social<\/p>\n<p>La reuni\u00f3n se llevar\u00e1 a cabo el hoy, lunes 25 de abril, a las 15 h. en la Conferencia Episcopal Argentina, en Suipacha 1030.<\/p>\n<p>Ante el agravamiento de la situaci\u00f3n social en los \u00faltimos meses y la insuficiencia de los anuncios presidenciales para paliar la crisis en los barrios m\u00e1s humildes, los movimientos sociales se reunir\u00e1n con la Iglesia para compartir el diagn\u00f3stico del aumento de la pobreza. Asimismo, llevar\u00e1n luego propuestas ante un amplio espectro de diputados de la oposici\u00f3n para que se declare la Emergencia Social.<\/p>\n<p>El pr\u00f3ximo lunes, el Monse\u00f1or Jorge Eduardo Lozano, presidente de la Comisi\u00f3n Episcopal de Pastoral Social (CEPAS), recibir\u00e1 a integrantes de Barrios de Pie, la CCC Y Ctep en la sede de la Conferencia Episcopal Argentina.<\/span><br \/><a name='more'><\/a><span style=\"font-family: Verdana, sans-serif\"><br \/>En esta ocasi\u00f3n, adem\u00e1s de compartir su sensibilidad y preocupaci\u00f3n por la situaci\u00f3n de los que m\u00e1s sufren la pobreza en nuestro pa\u00eds, las organizaciones discutir\u00e1n con la Iglesia la propuesta de declarar la Emergencia Social. Seg\u00fan la UCA las primeras medidas del Gobierno de Mauricio Macri, en especial la devaluaci\u00f3n, impulsaron la pobreza casi cuatro puntos en abril.<br \/>Las organizaciones sociales concurrir\u00e1n el martes al Congreso, donde tendr\u00e1n una reuni\u00f3n de trabajo con un amplio espectro de diputados para tratar los proyectos consensuados con la Pastoral Social sobre la declaraci\u00f3n de la Emergencia Social.<\/p>\n<p><span style=\"font-size: x-small\">Contacto de prensa:<br \/>Gabriela: 11-32669917<\/span><\/span><br \/><span style=\"font-family: Verdana, sans-serif;font-size: x-small\">Federico: 0221- 15 536806<\/span><\/div>\n<\/div>\n<\/div>\n","protected":false},"excerpt":{"rendered":"<p>EMERGENCIA SOCIALDifundimos comunicado:[25\/4\/16]Organizaciones sociales se re\u00fanen hoy con Monse\u00f1or Lozano y pedir\u00e1n que el Congreso declare la Emergencia Social La reuni\u00f3n se llevar\u00e1 a cabo el hoy, lunes 25 de abril, a las 15 h. en la Conferencia Episcopal Argentina, en Suipacha 1030. Ante el agravamiento de la situaci\u00f3n social en los \u00faltimos meses y [&hellip;]<\/p>\n","protected":false},"author":4,"featured_media":0,"comment_status":"open","ping_status":"open","sticky":false,"template":"","format":"standard","meta":{"_monsterinsights_skip_tracking":false,"_monsterinsights_sitenote_active":false,"_monsterinsights_sitenote_note":"","_monsterinsights_sitenote_category":0,"jnews-multi-image_gallery":[],"jnews_single_post":[],"jnews_primary_category":[],"_joinchat":[],"footnotes":""},"categories":[1],"tags":[],"class_list":["post-1422","post","type-post","status-publish","format-standard","hentry","category-habitat"],"_links":{"self":[{"href":"http:\/\/fmriachuelo.it10.com.ar\/index.php\/wp-json\/wp\/v2\/posts\/1422","targetHints":{"allow":["GET"]}}],"collection":[{"href":"http:\/\/fmriachuelo.it10.com.ar\/index.php\/wp-json\/wp\/v2\/posts"}],"about":[{"href":"http:\/\/fmriachuelo.it10.com.ar\/index.php\/wp-json\/wp\/v2\/types\/post"}],"author":[{"embeddable":true,"href":"http:\/\/fmriachuelo.it10.com.ar\/index.php\/wp-json\/wp\/v2\/users\/4"}],"replies":[{"embeddable":true,"href":"http:\/\/fmriachuelo.it10.com.ar\/index.php\/wp-json\/wp\/v2\/comments?post=1422"}],"version-history":[{"count":0,"href":"http:\/\/fmriachuelo.it10.com.ar\/index.php\/wp-json\/wp\/v2\/posts\/1422\/revisions"}],"wp:attachment":[{"href":"http:\/\/fmriachuelo.it10.com.ar\/index.php\/wp-json\/wp\/v2\/media?parent=1422"}],"wp:term":[{"taxonomy":"category","embeddable":true,"href":"http:\/\/fmriachuelo.it10.com.ar\/index.php\/wp-json\/wp\/v2\/categories?post=1422"},{"taxonomy":"post_tag","embeddable":true,"href":"http:\/\/fmriachuelo.it10.com.ar\/index.php\/wp-json\/wp\/v2\/tags?post=1422"}],"curies":[{"name":"wp","href":"https:\/\/api.w.org\/{rel}","templated":true}]}}