{"id":14217,"date":"2021-10-19T21:44:12","date_gmt":"2021-10-19T21:44:12","guid":{"rendered":"http:\/\/fmriachuelo.com.ar\/?p=14217"},"modified":"2025-05-07T15:27:08","modified_gmt":"2025-05-07T18:27:08","slug":"18-de-octubre-fue-una-demostracion-de-unidad-de-clase-extraordinaria","status":"publish","type":"post","link":"http:\/\/fmriachuelo.it10.com.ar\/index.php\/2021\/10\/19\/18-de-octubre-fue-una-demostracion-de-unidad-de-clase-extraordinaria\/","title":{"rendered":"18 DE OCTUBRE: \u201cFUE UNA DEMOSTRACI\u00d3N DE UNIDAD DE CLASE EXTRAORDINARIA\u201d"},"content":{"rendered":"<p><b>[FM Riachuelo, 19\/10\/2021] La movilizaci\u00f3n de ayer encontr\u00f3 hermanada a toda la clase trabajadora: Movimientos Populares y Movimiento Obrero en unidad. Durante esta semana, estaremos realizando balances de esta jornada hist\u00f3rica con referentes del campo popular. En este caso, reflexionamos sobre este d\u00eda con Cristian \u00abEl Vasco\u00bb Erramuspe, referente del Frente 22 de Agosto y secretario de Acci\u00f3n Pol\u00edtica de la Uni\u00f3n de Trabajadores y Trabajadoras de la Econom\u00eda Popular (UTEP).<\/b><b>\u201c<\/b><b><i>En principio, fue una demostraci\u00f3n de unidad de clase extraordinaria, que hace mucho tiempo no se ve<\/i><\/b><b>\u201d, comenz\u00f3 por se\u00f1alar El Vasco.<\/b><\/p>\n<p><span style=\"font-weight: 400\">Para el referente, la movilizaci\u00f3n represent\u00f3 tambi\u00e9n una demostraci\u00f3n de fuerza: \u201c<\/span><i><span style=\"font-weight: 400\">Una vez m\u00e1s, los Movimientos Populares que estamos en la UTEP demostramos la gran capacidad de movilizaci\u00f3n que tenemos, que no es con aparatos, sino con compa\u00f1eros viniendo en trenes y colectivos desde el conurbano profundo, y ven\u00edan contentos, a estar con sus organizaciones hermanas y compa\u00f1eros<\/span><\/i><span style=\"font-weight: 400\">\u201d.<\/span><\/p>\n<p><span style=\"font-weight: 400\">Tambi\u00e9n fue consultado por el decreto 711\/2021 que sac\u00f3 ayer el Gobierno Nacional, que viene a allanar el camino para el Proyecto presentado por Sergio Massa \u201cPuente al Empleo\u201d, que no reconoce la potencialidad de la Econom\u00eda Popular para generar trabajo: \u201c<\/span><i><span style=\"font-weight: 400\">Son decisiones pol\u00edticas que toman. A nosotros no nos han consultado nada, y es un proyecto que viene por arriba. En vez de hacer eje en los trabajadores y trabajadoras de la Econom\u00eda Popular y como est\u00e1n estructurados, y se canalicen los recursos del Estado a trav\u00e9s de las cooperativas, o un proyecto que englobe m\u00e1s incluso, se trata no solamente de no canalizar los recursos, sino que se sigue discutiendo los 900.000 compa\u00f1eros que est\u00e1n cobrando el salario social complementario, y no se discute la pobreza ni la riqueza<\/span><\/i><span style=\"font-weight: 400\">\u201d.<\/span><\/p>\n<p><span style=\"font-weight: 400\">La movilizaci\u00f3n de ayer tampoco se salv\u00f3 de este ninguneo hacia un sujeto con capacidad pol\u00edtica propia: \u201c<\/span><i><span style=\"font-weight: 400\">Salvo heroicas excepciones como ustedes y otros medios alternativos de comunicaci\u00f3n, que est\u00e1n vinculados a las organizaciones sociales, yo miro por ejemplo C5N y no veo a un compa\u00f1ero jam\u00e1s, y habla sobre nosotros cualquiera menos un compa\u00f1ero o compa\u00f1era de la Econom\u00eda Popular. Ayer, la verdad que la cobertura fue muy poca, casi nada, y tambi\u00e9n hay un ninguneo de ese lado<\/span><\/i><span style=\"font-weight: 400\">\u201d, concluy\u00f3 El Vasco.<\/span><\/p>\n<p><a href=\"https:\/\/ar.radiocut.fm\/audiocut\/movilzacion-del-18-octubre-fue-una-demostracion-unidad-clase-extraordinaria\/\"><strong>Escuch\u00e1 la nota completa ac\u00e1<\/strong><\/a><\/p>\n","protected":false},"excerpt":{"rendered":"<p>[FM Riachuelo, 19\/10\/2021] La movilizaci\u00f3n de ayer encontr\u00f3 hermanada a toda la clase trabajadora: Movimientos Populares y Movimiento Obrero en unidad. Durante esta semana, estaremos realizando balances de esta jornada hist\u00f3rica con referentes del campo popular. En este caso, reflexionamos sobre este d\u00eda con Cristian \u00abEl Vasco\u00bb Erramuspe, referente del Frente 22 de Agosto y [&hellip;]<\/p>\n","protected":false},"author":5,"featured_media":14218,"comment_status":"closed","ping_status":"closed","sticky":false,"template":"","format":"standard","meta":{"_monsterinsights_skip_tracking":false,"_monsterinsights_sitenote_active":false,"_monsterinsights_sitenote_note":"","_monsterinsights_sitenote_category":0,"jnews-multi-image_gallery":[],"jnews_single_post":{"format":"standard"},"jnews_primary_category":[],"_joinchat":[],"footnotes":""},"categories":[58],"tags":[64,148],"class_list":["post-14217","post","type-post","status-publish","format-standard","has-post-thumbnail","hentry","category-noticiariachuelo","tag-economia-popular","tag-trabajo"],"_links":{"self":[{"href":"http:\/\/fmriachuelo.it10.com.ar\/index.php\/wp-json\/wp\/v2\/posts\/14217","targetHints":{"allow":["GET"]}}],"collection":[{"href":"http:\/\/fmriachuelo.it10.com.ar\/index.php\/wp-json\/wp\/v2\/posts"}],"about":[{"href":"http:\/\/fmriachuelo.it10.com.ar\/index.php\/wp-json\/wp\/v2\/types\/post"}],"author":[{"embeddable":true,"href":"http:\/\/fmriachuelo.it10.com.ar\/index.php\/wp-json\/wp\/v2\/users\/5"}],"replies":[{"embeddable":true,"href":"http:\/\/fmriachuelo.it10.com.ar\/index.php\/wp-json\/wp\/v2\/comments?post=14217"}],"version-history":[{"count":1,"href":"http:\/\/fmriachuelo.it10.com.ar\/index.php\/wp-json\/wp\/v2\/posts\/14217\/revisions"}],"predecessor-version":[{"id":22405,"href":"http:\/\/fmriachuelo.it10.com.ar\/index.php\/wp-json\/wp\/v2\/posts\/14217\/revisions\/22405"}],"wp:featuredmedia":[{"embeddable":true,"href":"http:\/\/fmriachuelo.it10.com.ar\/index.php\/wp-json\/"}],"wp:attachment":[{"href":"http:\/\/fmriachuelo.it10.com.ar\/index.php\/wp-json\/wp\/v2\/media?parent=14217"}],"wp:term":[{"taxonomy":"category","embeddable":true,"href":"http:\/\/fmriachuelo.it10.com.ar\/index.php\/wp-json\/wp\/v2\/categories?post=14217"},{"taxonomy":"post_tag","embeddable":true,"href":"http:\/\/fmriachuelo.it10.com.ar\/index.php\/wp-json\/wp\/v2\/tags?post=14217"}],"curies":[{"name":"wp","href":"https:\/\/api.w.org\/{rel}","templated":true}]}}