{"id":1421,"date":"2016-04-26T13:33:00","date_gmt":"2016-04-26T13:33:00","guid":{"rendered":"http:\/\/fmriachuelo.observatorioess.org.ar\/index.php\/2016\/04\/26\/honduras-encuentro-internacional-berta-caceres-vive\/"},"modified":"2016-04-26T13:33:00","modified_gmt":"2016-04-26T13:33:00","slug":"honduras-encuentro-internacional-berta-caceres-vive","status":"publish","type":"post","link":"http:\/\/fmriachuelo.it10.com.ar\/index.php\/2016\/04\/26\/honduras-encuentro-internacional-berta-caceres-vive\/","title":{"rendered":"HONDURAS: ENCUENTRO INTERNACIONAL BERTA C\u00c1CERES VIVE"},"content":{"rendered":"<p><span style=\"color: red;font-family: Verdana, sans-serif;font-size: large\"><b>FORTALECER EL INTERNACIONALISMO SOLIDARIO<\/p>\n<div style=\"clear: both;text-align: center\"><a href=\"https:\/\/4.bp.blogspot.com\/-Inm6B8PZpNk\/Vx9tn5x_4WI\/AAAAAAAAIYA\/VSJU-LDUzqorO0KtHm1ddY3CMRdo9ljmwCLcB\/s1600\/BERTA.jpg\" style=\"clear: left;float: left;margin-bottom: 1em;margin-right: 1em\"><img loading=\"lazy\" decoding=\"async\" border=\"0\" height=\"240\" src=\"https:\/\/4.bp.blogspot.com\/-Inm6B8PZpNk\/Vx9tn5x_4WI\/AAAAAAAAIYA\/VSJU-LDUzqorO0KtHm1ddY3CMRdo9ljmwCLcB\/s320\/BERTA.jpg\" width=\"320\" \/><\/a><\/div>\n<p><\/b><\/span><span style=\"font-family: Verdana, sans-serif\"><\/p>\n<div style=\"text-align: justify\">[Anred] Durante los d\u00edas\u202d \u202c13,\u202d \u202c14\u202d \u202cy\u202d \u202c15\u202d \u202cde abril se desarroll\u00f3 en Honduras el Encuentro Internacional de los Pueblos \u00abBerta C\u00e1ceres Vive\u00bb,\u202d \u202ccon la presencia de alrededor\u202d \u202cde mil seiscientos delegados y delegadas de distintos departamentos del pa\u00eds y grupos provenientes de veintid\u00f3s pa\u00edses del mundo.\u202d \u202cEl mismo se desarroll\u00f3 durante los dos primeros d\u00edas en Tegucigalpa y durante el tercero y \u00faltimo se traslad\u00f3 a R\u00edo Blanco para realizar un ceremonia en homenaje a Berta,\u202d \u202cla coordinadora del COPINH\u202d (\u202cConsejo C\u00edvico de Organizaciones Populares e Ind\u00edgenas de Honduras\u202d) \u202casesinada el pasado\u202d \u202c3\u202d \u202cde marzo.\u202d \u202cAll\u00ed el d\u00eda viernes fueron brutalmente atacadxs por sicarios pagados por la trasnacional DESA que act\u00faa en la regi\u00f3n,\u202d \u202cfrente a la inacci\u00f3n y complicidad de las fuerzas policiales presentes. Por RNMA. Fotos: Luis M\u00e9ndez y Copinh Intibuc\u00e1<\/div>\n<div style=\"text-align: justify\">M\u00e1s informaci\u00f3n en:&nbsp;<a href=\"http:\/\/www.anred.org\/spip.php?article11833\">http:\/\/www.anred.org\/spip.php?article11833<\/a><\/div>\n<div style=\"text-align: justify\"><a name='more'><\/a><\/div>\n<div style=\"text-align: justify\">&nbsp;<\/div>\n<p><\/span><\/p>\n","protected":false},"excerpt":{"rendered":"<p>FORTALECER EL INTERNACIONALISMO SOLIDARIO [Anred] Durante los d\u00edas\u202d \u202c13,\u202d \u202c14\u202d \u202cy\u202d \u202c15\u202d \u202cde abril se desarroll\u00f3 en Honduras el Encuentro Internacional de los Pueblos \u00abBerta C\u00e1ceres Vive\u00bb,\u202d \u202ccon la presencia de alrededor\u202d \u202cde mil seiscientos delegados y delegadas de distintos departamentos del pa\u00eds y grupos provenientes de veintid\u00f3s pa\u00edses del mundo.\u202d \u202cEl mismo se desarroll\u00f3 [&hellip;]<\/p>\n","protected":false},"author":4,"featured_media":0,"comment_status":"open","ping_status":"open","sticky":false,"template":"","format":"standard","meta":{"_monsterinsights_skip_tracking":false,"_monsterinsights_sitenote_active":false,"_monsterinsights_sitenote_note":"","_monsterinsights_sitenote_category":0,"jnews-multi-image_gallery":[],"jnews_single_post":[],"jnews_primary_category":[],"_joinchat":[],"footnotes":""},"categories":[1],"tags":[],"class_list":["post-1421","post","type-post","status-publish","format-standard","hentry","category-habitat"],"_links":{"self":[{"href":"http:\/\/fmriachuelo.it10.com.ar\/index.php\/wp-json\/wp\/v2\/posts\/1421","targetHints":{"allow":["GET"]}}],"collection":[{"href":"http:\/\/fmriachuelo.it10.com.ar\/index.php\/wp-json\/wp\/v2\/posts"}],"about":[{"href":"http:\/\/fmriachuelo.it10.com.ar\/index.php\/wp-json\/wp\/v2\/types\/post"}],"author":[{"embeddable":true,"href":"http:\/\/fmriachuelo.it10.com.ar\/index.php\/wp-json\/wp\/v2\/users\/4"}],"replies":[{"embeddable":true,"href":"http:\/\/fmriachuelo.it10.com.ar\/index.php\/wp-json\/wp\/v2\/comments?post=1421"}],"version-history":[{"count":0,"href":"http:\/\/fmriachuelo.it10.com.ar\/index.php\/wp-json\/wp\/v2\/posts\/1421\/revisions"}],"wp:attachment":[{"href":"http:\/\/fmriachuelo.it10.com.ar\/index.php\/wp-json\/wp\/v2\/media?parent=1421"}],"wp:term":[{"taxonomy":"category","embeddable":true,"href":"http:\/\/fmriachuelo.it10.com.ar\/index.php\/wp-json\/wp\/v2\/categories?post=1421"},{"taxonomy":"post_tag","embeddable":true,"href":"http:\/\/fmriachuelo.it10.com.ar\/index.php\/wp-json\/wp\/v2\/tags?post=1421"}],"curies":[{"name":"wp","href":"https:\/\/api.w.org\/{rel}","templated":true}]}}