{"id":1420,"date":"2016-04-27T14:22:00","date_gmt":"2016-04-27T14:22:00","guid":{"rendered":"http:\/\/fmriachuelo.observatorioess.org.ar\/index.php\/2016\/04\/27\/asamblea-confederal-de-los-trabajadores-de-la-economia\/"},"modified":"2016-04-27T14:22:00","modified_gmt":"2016-04-27T14:22:00","slug":"asamblea-confederal-de-los-trabajadores-de-la-economia","status":"publish","type":"post","link":"http:\/\/fmriachuelo.it10.com.ar\/index.php\/2016\/04\/27\/asamblea-confederal-de-los-trabajadores-de-la-economia\/","title":{"rendered":"ASAMBLEA CONFEDERAL DE LOS TRABAJADORES DE LA ECONOM\u00cdA"},"content":{"rendered":"<p><span><b>EL 29 DE ABRIL TAMBI\u00c9N ES DE LA ECONOM\u00cdA POPULAR<\/b><\/span><\/p>\n<div style=\"text-align: justify\"><b style=\"font-family: Verdana, sans-serif;text-align: center\"><a href=\"https:\/\/soundcloud.com\/prensa-fm-riachuelo\/sets\/22-04-2016-asamblea-confederal-de-la-ctep\">ESCUCH\u00c1 EL RESUMEN DE LAS INTERVENCIONES<\/a><\/b><span>&nbsp;<\/span><\/div>\n<div style=\"text-align: justify\"><span><a href=\"https:\/\/soundcloud.com\/prensa-fm-riachuelo\/20160422-gringo-castro-ctep-lectura-documento-final-pte1?in=prensa-fm-riachuelo\/sets\/22-04-2016-asamblea-confederal-de-la-ctep\"><b>DOCUMENTO FINAL DEL CONFEDERAL<\/b><\/a><\/span><\/div>\n<div style=\"text-align: justify\"><span>Mir\u00e1 el video completo:<\/span><\/div>\n<div style=\"text-align: center\"><\/div>\n<div style=\"text-align: left\"><\/div>\n<div style=\"text-align: center\"><\/div>\n<p><span><\/span><\/p>\n<div style=\"text-align: justify\"><b><span>[FMR 26\/04\/2016] El pasado viernes 22 de abril, la Confederaci\u00f3n de Trabajadores de la Econom\u00eda Popular (CTEP) organiz\u00f3 una Asamblea Confederal para definir un plan de lucha que exprese las necesidades de los diversos sectores de la Econom\u00eda Popular. El encuentro, que reuni\u00f3 delegados de todo el pa\u00eds en la sede de CTEP de la Ciudad de Buenos Aires, cont\u00f3 con las voces de los trabajadores, &nbsp;que se expresaban desde las distintas ramas de este sector de la econom\u00eda, &nbsp;que se caracteriza por salir a construir su propia fuente de trabajo y por ser una de las v\u00edctimas predilectas de las pol\u00edticas de ajuste y de represi\u00f3n del macrismo.<\/span><\/b><\/div>\n<div style=\"text-align: justify\"><span><br \/><\/span><\/div>\n<div style=\"text-align: justify\"><span>Frente a esta situaci\u00f3n, las intervenciones de la mayor\u00eda de los oradores fueron atravesadas por el llamado a una fuerte participaci\u00f3n y movilizaci\u00f3n en la jornada nacional de lucha convocada por las centrales obreras para el 29 de abril. En esta jornada, cercana al 1ero de mayo, d\u00eda internacional de los trabajadores, se busca que el gobierno nacional d\u00e9 respuesta a la agenda de los trabajadores y que, de acuerdo a los planteos de los delegados presentes en el Confederal, es urgente la inclusi\u00f3n de las demandas de la Econom\u00eda Popular. Tambi\u00e9n se acercaron para llevar sus saludos referentes de las centrales obreras que impulsan la jornada del 29: hubo representantes de la CTA de los Trabajadores, de la CTA Aut\u00f3noma y de la CGT Azopardo.<\/span><\/div>\n<div style=\"text-align: justify\"><span><br \/><\/span><\/div>\n<div style=\"text-align: justify\"><span>Cartoneros, trabajadores de la v\u00eda p\u00fablica, campesinos, cooperativistas de programas sociales, trabajadores de f\u00e1bricas recuperadas, de la cultura y la comunicaci\u00f3n popular, hicieron oir su voz que, no pocas veces, remiti\u00f3 a la consigna que resumi\u00f3 el Papa Francisco: \u00abTierra, Techo, Trabajo\u00bb.<\/span><\/div>\n<div style=\"text-align: justify\"><span>Los trabajadores de la v\u00eda p\u00fablica, en particular los de la Avenida Nicol\u00e1s Avellaneda en Flores (Ciudad Aut\u00f3noma de Buenos Aires) representados por Jorge L\u00f3pez, se encargaron dedenunciar adem\u00e1s la represi\u00f3n y la persecuci\u00f3n policial a la que vienen siendo sometidosdesde que asumieron Rodr\u00edguez Larreta y Macri.<\/span><\/div>\n<div style=\"text-align: justify\"><a name='more'><\/a><span><br \/><\/span><\/div>\n<div style=\"text-align: justify\"><span>Al elemento de la persecuci\u00f3n y represi\u00f3n hay que agregar las pol\u00edticas de ajuste que asoman \u00abcomo un plan econ\u00f3mico para que se cierren f\u00e1bricas\u00bb. El Vasco Mur\u00faa, representando a los trabajadores de las f\u00e1bricas recuperadas, se encarg\u00f3 de se\u00f1alar el impacto que el tarifazo en los servicios p\u00fablicos y transporte ten\u00eda en particular con su sector, pero tambi\u00e9n sobre el conjunto de los trabajadores de la Econom\u00eda Popular.<\/span><\/div>\n<div style=\"text-align: justify\"><span><br \/><\/span><\/div>\n<p><\/p>\n<div>\n<div style=\"text-align: justify\"><span>Una situaci\u00f3n igualmente grave padecen los trabajadores campesinos. Mauro Fern\u00e1ndez, productor de la Uni\u00f3n de Trabajadores de la Tierra hizo uso de la palabra para denunciar la combinaci\u00f3n de<\/span><span><span style=\"font-size: medium\">&nbsp;<a href=\"https:\/\/soundcloud.com\/prensa-fm-riachuelo\/20160422-mauro-fernandez-utt-situacion-quinteros?in=prensa-fm-riachuelo\/sets\/22-04-2016-asamblea-confederal-de-la-ctep\" target=\"_blank\" rel=\"noopener\"><b>factores econ\u00f3micos y pol\u00edticos que presionan violentamente sobre las posibilidades de los campesinos de acceder a la tierra<\/b><\/a>&nbsp;<\/span><\/span><span>en condiciones que les permitan al menos vivir humildemente de su trabajo.<\/span><\/div>\n<div style=\"text-align: justify\"><span style=\"font-size: 13px\"><br \/><\/span><\/div>\n<p><span><\/span><\/p>\n<div style=\"text-align: justify\"><span><span>Las consecuencias de un gobierno c\u00f3mplice de la especulaci\u00f3n inmobiliaria que presiona sobre la tierra campesina reson\u00f3 al momento de balancear los avances de la Secretar\u00eda de Vivienda y H\u00e1bitat Popular.<\/span><span style=\"font-size: medium\"><b>&nbsp;<a href=\"https:\/\/soundcloud.com\/prensa-fm-riachuelo\/20160422-lito-borelo-osyplp-sobre-nacionalizacion-de-la-ley-341?in=prensa-fm-riachuelo\/sets\/22-04-2016-asamblea-confederal-de-la-ctep\" target=\"_blank\" rel=\"noopener\">Lito Borello, de la Organizaci\u00f3n Social<\/a>&nbsp;y Pol\u00edtica Los Pibes y&nbsp;<a href=\"https:\/\/soundcloud.com\/prensa-fm-riachuelo\/20160422-rafael-klejzer-mpld-proyecciones-en-vivienda?in=prensa-fm-riachuelo\/sets\/22-04-2016-asamblea-confederal-de-la-ctep\" target=\"_blank\" rel=\"noopener\">Rafael Klejzer, del Movimiento Popular La Dignidad<\/a><\/b>,&nbsp;<\/span><span>organizaciones de la CTEP involucradas en la lucha por la vivienda y la urbanizaci\u00f3n de las villas, dejaron en claro que la \u00fanica manera de resolver la cuesti\u00f3n de la vivienda para los trabajadores de la econom\u00eda popular era con organizaci\u00f3n y con lucha.<\/span><\/span><\/div>\n<p><span><\/p>\n<div style=\"text-align: justify\"><span>\u200b<\/span><\/div>\n<p><\/span><span><\/p>\n<div style=\"text-align: justify\">La diversidad de demandas y expresiones que contiene la CTEP tambi\u00e9n tuvo su correlato en la convocatoria y necesidad de una unidad urgente. Sobre el cierre, Sergio S\u00e1nchez, trabajador cartonero del Movimiento de Trabajadores Excluidos fue m\u00e1s preciso al indicar que<span><span style=\"font-size: medium\">&nbsp;<a href=\"https:\/\/soundcloud.c\nom\/prensa-fm-riachuelo\/20160422-sergio-sanchez-mte-unidos-conseguimos-victorias?in=prensa-fm-riachuelo\/sets\/22-04-2016-asamblea-confederal-de-la-ctep\" target=\"_blank\" rel=\"noopener\"><b>ning\u00fan trabajador de la Econom\u00eda Popular se salva solo, sino poniendo el cuerpo para defender \u00aba cada compa\u00f1ero que tenga un problema<\/b><\/a>\u00ab.<\/span><\/span><\/div>\n<p><\/span><\/div>\n<div>\n<div style=\"text-align: justify\"><span>El cierre definitivo qued\u00f3 a cargo de Esteban Gringo Castro, quien realiz\u00f3 la <\/span><span><span style=\"font-size: medium\"><b><a href=\"https:\/\/soundcloud.com\/prensa-fm-riachuelo\/20160422-gringo-castro-ctep-lectura-documento-final-pte1?in=prensa-fm-riachuelo\/sets\/22-04-2016-asamblea-confederal-de-la-ctep\" target=\"_blank\" rel=\"noopener\">lectura del documento final<\/a><\/b>&nbsp;<\/span><\/span><span>del plenario que exhort\u00f3 fuertemente a movilizar el 29 de abril en actitud de lucha por la justicia social.<\/span><\/div>\n<p><br style=\"background-color: white;font-size: 13px;text-align: center\" \/><span><span style=\"font-size: medium\"><span><b><a href=\"https:\/\/soundcloud.com\/prensa-fm-riachuelo\/sets\/22-04-2016-asamblea-confederal-de-la-ctep\" target=\"_blank\" rel=\"noopener\">ESCUCH\u00c1 EL RESUMEN DE LAS INTERVENCIONES<\/a><\/b><\/span><\/span><\/span><\/div>\n","protected":false},"excerpt":{"rendered":"<p>EL 29 DE ABRIL TAMBI\u00c9N ES DE LA ECONOM\u00cdA POPULAR ESCUCH\u00c1 EL RESUMEN DE LAS INTERVENCIONES&nbsp; DOCUMENTO FINAL DEL CONFEDERAL Mir\u00e1 el video completo: [FMR 26\/04\/2016] El pasado viernes 22 de abril, la Confederaci\u00f3n de Trabajadores de la Econom\u00eda Popular (CTEP) organiz\u00f3 una Asamblea Confederal para definir un plan de lucha que exprese las necesidades [&hellip;]<\/p>\n","protected":false},"author":4,"featured_media":0,"comment_status":"open","ping_status":"open","sticky":false,"template":"","format":"standard","meta":{"_monsterinsights_skip_tracking":false,"_monsterinsights_sitenote_active":false,"_monsterinsights_sitenote_note":"","_monsterinsights_sitenote_category":0,"jnews-multi-image_gallery":[],"jnews_single_post":[],"jnews_primary_category":[],"_joinchat":[],"footnotes":""},"categories":[75],"tags":[],"class_list":["post-1420","post","type-post","status-publish","format-standard","hentry","category-trabajo"],"_links":{"self":[{"href":"http:\/\/fmriachuelo.it10.com.ar\/index.php\/wp-json\/wp\/v2\/posts\/1420","targetHints":{"allow":["GET"]}}],"collection":[{"href":"http:\/\/fmriachuelo.it10.com.ar\/index.php\/wp-json\/wp\/v2\/posts"}],"about":[{"href":"http:\/\/fmriachuelo.it10.com.ar\/index.php\/wp-json\/wp\/v2\/types\/post"}],"author":[{"embeddable":true,"href":"http:\/\/fmriachuelo.it10.com.ar\/index.php\/wp-json\/wp\/v2\/users\/4"}],"replies":[{"embeddable":true,"href":"http:\/\/fmriachuelo.it10.com.ar\/index.php\/wp-json\/wp\/v2\/comments?post=1420"}],"version-history":[{"count":0,"href":"http:\/\/fmriachuelo.it10.com.ar\/index.php\/wp-json\/wp\/v2\/posts\/1420\/revisions"}],"wp:attachment":[{"href":"http:\/\/fmriachuelo.it10.com.ar\/index.php\/wp-json\/wp\/v2\/media?parent=1420"}],"wp:term":[{"taxonomy":"category","embeddable":true,"href":"http:\/\/fmriachuelo.it10.com.ar\/index.php\/wp-json\/wp\/v2\/categories?post=1420"},{"taxonomy":"post_tag","embeddable":true,"href":"http:\/\/fmriachuelo.it10.com.ar\/index.php\/wp-json\/wp\/v2\/tags?post=1420"}],"curies":[{"name":"wp","href":"https:\/\/api.w.org\/{rel}","templated":true}]}}