{"id":142,"date":"2015-08-11T12:19:00","date_gmt":"2015-08-11T12:19:00","guid":{"rendered":"http:\/\/fmriachuelo.observatorioess.org.ar\/index.php\/2015\/08\/11\/caba-interponen-recurso-de-amparo-para-que-no-cierren-centro-educativo\/"},"modified":"2025-05-09T13:20:17","modified_gmt":"2025-05-09T16:20:17","slug":"caba-interponen-recurso-de-amparo-para-que-no-cierren-centro-educativo","status":"publish","type":"post","link":"http:\/\/fmriachuelo.it10.com.ar\/index.php\/2015\/08\/11\/caba-interponen-recurso-de-amparo-para-que-no-cierren-centro-educativo\/","title":{"rendered":"CABA: INTERPONEN RECURSO DE AMPARO PARA QUE NO CIERREN CENTRO EDUCATIVO"},"content":{"rendered":"<p><span style=\"font-family: Verdana,sans-serif\"><span style=\"color: red;font-size: large\"><b>EN RETIRADA&nbsp;DEL ESTADO DE LA CIUDAD EN EDUCACI\u00d3N<\/b><\/span><\/span><br \/><span style=\"font-family: Verdana,sans-serif\">UN AMPARO PAR LOS CHICOS DE LA VILLA&nbsp;SOLDATI<\/span><br \/><span style=\"font-family: Verdana\"><\/span><\/p>\n<div style=\"clear: both;text-align: center\"><span style=\"font-family: Verdana,sans-serif\"><a href=\"http:\/\/2.bp.blogspot.com\/-OkFIJG2UZzw\/Vcnmgjam3MI\/AAAAAAAAF6g\/XwJZ6ckWH34\/s1600\/construy.jpg\" style=\"clear: left;float: left;margin-bottom: 1em;margin-right: 1em\"><img loading=\"lazy\" decoding=\"async\" border=\"0\" height=\"167\" src=\"http:\/\/2.bp.blogspot.com\/-OkFIJG2UZzw\/Vcnmgjam3MI\/AAAAAAAAF6g\/XwJZ6ckWH34\/s200\/construy.jpg\" width=\"200\" \/><\/a><\/span><\/div>\n<div style=\"text-align: justify\"><span style=\"font-family: Verdana,sans-serif\"><b>El gobierno porte\u00f1o deja cesantes a 16 docentes del Centro Educativo Construyendo Sue\u00f1os, que funciona en Villa Soldati. Ya avis\u00f3 que para sostenerlo tienen que conseguir una ONG y dej\u00f3 de pagarles los sueldos. Hoy, el gremio presentar\u00e1 un pedido de cautelar. Un centro educativo que funciona para 200 chicos desde hace 8 a\u00f1os.<\/b><\/span> <br \/><a name='more'><\/a><span style=\"font-family: Verdana,sans-serif\">&nbsp;La Uni\u00f3n de Trabajadores de la Educaci\u00f3n (UTE) presentar\u00e1 hoy un recurso de amparo ante la Justicia porte\u00f1a para que el Ministerio de Educaci\u00f3n de la Ciudad reincorpore a 16 trabajadores del centro educativo Construyendo Sue\u00f1os, de Villa Soldati, que funciona desde hace ocho a\u00f1os para unos 200 j\u00f3venes del barrio F\u00e1tima. \u201cQuer\u00edamos que este centro fuera por m\u00e1s y lo est\u00e1n dando de baja: desplazaron a los trabajadores contratados por la Ciudad sin ning\u00fan aviso previo\u201d, explicaron desde UTE a este diario. Desde la coordinaci\u00f3n del centro aseguraron que van a \u201cseguir luchando por sostener este espacio que contiene a tantos chicos\u201d.<br \/>Desde UTE aseguraron a P\u00e1gina\/12 que los docentes fueron dejados cesantes en forma repentina, lo que implica \u201cel inminente cierre\u201d del centro educativo que funciona desde hace ocho a\u00f1os atendiendo a chicos del barrio F\u00e1tima. \u201cEl centro por ahora funciona porque los docentes siguen en sus puestos de trabajo, pero el salario les fue cortado, sin previo aviso, sin telegrama ni nada el pasado s\u00e1bado, cuando cobraron todos los docentes de la ciudad pero ellos no\u201d, explic\u00f3 el secretario de pol\u00edticas socioeducativas de UTE, Ariel S\u00e1nchez. Los trabajadores del centro siguen recibiendo a los chicos pese a que no cobran desde junio.<\/span><\/p>\n<div style=\"text-align: justify\"><span style=\"font-family: Verdana,sans-serif\">S\u00e1nchez indic\u00f3 que le pidieron explicaciones a las autoridades por el abrupto recorte, pero desde el Gobierno de la Ciudad les contestaron que \u201clos contratos hab\u00edan sido dados de baja\u201d y que \u201cera una decisi\u00f3n tomada\u201d.<br \/>Adem\u00e1s, el secretario de UTE anticip\u00f3 que presentar\u00e1n un amparo aduciendo que \u201cse trat\u00f3 de despidos sin justa causa\u201d, no hubo \u201cpreaviso\u201d a los afectados y \u201clo m\u00e1s importante es que se ven amenazados los derechos de ni\u00f1os y adolescentes\u201d que son los principales beneficiados por el funcionamiento de este centro educativo.<br \/>Seg\u00fan Lorena Navarro, delegada y coordinadora del centro, desde el Gobierno de la Ciudad les \u201ccomunicaron que si ahora no se firma un acuerdo con una ONG para que los docentes pasen a monotributo, el centro educativo va a dejar de funcionar porque el Ministerio de Educaci\u00f3n de la Ciudad ya no va a pagar los salarios\u201d. Para la coordinadora, esta pr\u00e1ctica \u201cforma parte de las pol\u00edticas p\u00fablicas del macrismo, que apuntan a tercerizar y precarizar a los trabajadores que tiene a su cargo\u201d.<br \/>Seg\u00fan explic\u00f3 la referente, el centro que funciona de lunes a s\u00e1bado en Ana Mar\u00eda Janer s\/n y pasaje 4 del barrio F\u00e1tima ofrece diferentes cursos y talleres educativos \u2013tales como radio, apoyo escolar e iniciaci\u00f3n deportiva\u2013 y de capacitaci\u00f3n laboral \u2013como carpinter\u00eda, jardiner\u00eda y panader\u00eda\u2013 para chicos desde 6 a 18 a\u00f1os.<br \/>Adem\u00e1s, el lugar cuenta \u201ccon una gran biblioteca, muy completa, que a duras penas entra en el edificio y que sirve para que todos los chicos puedan acceder a la lectura\u201d. El edificio del centro educativo est\u00e1 asentado en una casa que recibi\u00f3 el equipo de coordinadores y que reformaron \u201centre todos. Se inaugur\u00f3 con todas las normas de seguridad al d\u00eda y recibe las visitas correspondientes de control\u201d, ampli\u00f3 la delegada.<br \/>Seg\u00fan explic\u00f3 Navarro, el centro surgi\u00f3 despu\u00e9s de la crisis de 2001. \u201cLos barrios eran un desastre y perdimos a muchos j\u00f3venes por violencia institucional y paco entre otras cosas.\u201d En un barrio que en ese momento \u201cestaba convulsionado\u201d un grupo \u201cmuy heterog\u00e9neo de vecinos y con miradas distintas de la realidad\u201d decidi\u00f3 reunirse peri\u00f3dicamente para empezar a \u201cver c\u00f3mo resolver problem\u00e1ticas como la documentaci\u00f3n y la falta de formaci\u00f3n. Adem\u00e1s, todo trabajo que se necesitaba lo hac\u00edamos organiz\u00e1ndonos y poni\u00e9ndonos al hombro la situaci\u00f3n\u201d.<br \/>Tras varios a\u00f1os, el grupo logr\u00f3 conformar el centro educativo Construyendo Sue\u00f1os, que fue inaugurado en 2007 con \u201cmerienda y apoyo escolar para los chicos\u201d. Navarro cont\u00f3 a este diario que en la inauguraci\u00f3n del centro \u201cparticiparon varias organizaciones de la Iglesia y hasta estuvo presente el (entonces) cardenal (Jorge Mario) Bergoglio\u201d, a quien le extendieron una nota cuando estuvo en Paraguay.<br \/>\u201cQueremos que el Papa conozca la situaci\u00f3n del centro hoy y c\u00f3mo el Gobierno de la Ciudad est\u00e1 queriendo cerrarlo, porque si los docentes no cobran, no va a funcionar\u201d, dijo Ariel S\u00e1nchez.<br \/>El representante gremial cont\u00f3, adem\u00e1s, que hoy a partir de las 17.30, el tema ser\u00e1 abordado en un plenario de delegados y realizar\u00e1n \u201calguna medida en funci\u00f3n de los saldos de la reuni\u00f3n\u201d.<br \/>Los docentes pertenecen desde hace ocho a\u00f1os a la planta transitoria de la Ciudad y \u201ccobran horas c\u00e1tedra\u201d como \u201cun paso previo a ser trabajadores estables\u201d, dijo el gremialista. \u201cEn los centros educativos Carrillo y Arancibia logramos con la lucha de estos a\u00f1os que los docentes sean interinos y queremos que pase lo mismo con los de Construyendo Sue\u00f1os\u201d, sostuvo el dirigente sindical.<br \/>Seg\u00fan explic\u00f3 a este diario Lorena Navarro, en el lugar hay 16 empleados, de los cuales cuatro son coordinadores, dos son de gabinete pedag\u00f3gico, una pertenece a mantenimiento y el resto son profesores.<br \/>La referente agreg\u00f3 que desde el grupo llevan adelante el centro \u201cpese a las pol\u00edticas p\u00fablicas de esta gesti\u00f3n de la ciudad\u201d y agreg\u00f3 que van \u201ca seguir sosteniendo este espacio que es tan importante para el barrio a pesar de todo. Nosotros nos negamos a ser precarizados y tercerizados y estas son las represalias\u201d.<br \/>Seg\u00fan Navarro, \u201cConstruyendo Sue\u00f1os surgi\u00f3 as\u00ed, luchando contra las adversidades, y as\u00ed vamos a seguir lo que sea necesario para sostener el centro educativo\u201d.<\/span><br \/><span style=\"font-family: Verdana,sans-serif\"><span style=\"font-size: x-small\"><span style=\"color: #0b5394\"><b>P\u00c1GINA 12\/PRODUCCI\u00d3N RIACHUELO <\/b><\/span><\/span><\/span><\/div>\n<\/div>\n","protected":false},"excerpt":{"rendered":"<p>EN RETIRADA&nbsp;DEL ESTADO DE LA CIUDAD EN EDUCACI\u00d3NUN AMPARO PAR LOS CHICOS DE LA VILLA&nbsp;SOLDATI El gobierno porte\u00f1o deja cesantes a 16 docentes del Centro Educativo Construyendo Sue\u00f1os, que funciona en Villa Soldati. Ya avis\u00f3 que para sostenerlo tienen que conseguir una ONG y dej\u00f3 de pagarles los sueldos. Hoy, el gremio presentar\u00e1 un pedido [&hellip;]<\/p>\n","protected":false},"author":4,"featured_media":0,"comment_status":"open","ping_status":"open","sticky":false,"template":"","format":"standard","meta":{"_monsterinsights_skip_tracking":false,"_monsterinsights_sitenote_active":false,"_monsterinsights_sitenote_note":"","_monsterinsights_sitenote_category":0,"jnews-multi-image_gallery":[],"jnews_single_post":{"format":"standard"},"jnews_primary_category":[],"_joinchat":[],"footnotes":""},"categories":[58],"tags":[81,101],"class_list":["post-142","post","type-post","status-publish","format-standard","hentry","category-noticiariachuelo","tag-aguafuertes-portenas","tag-educacion"],"_links":{"self":[{"href":"http:\/\/fmriachuelo.it10.com.ar\/index.php\/wp-json\/wp\/v2\/posts\/142","targetHints":{"allow":["GET"]}}],"collection":[{"href":"http:\/\/fmriachuelo.it10.com.ar\/index.php\/wp-json\/wp\/v2\/posts"}],"about":[{"href":"http:\/\/fmriachuelo.it10.com.ar\/index.php\/wp-json\/wp\/v2\/types\/post"}],"author":[{"embeddable":true,"href":"http:\/\/fmriachuelo.it10.com.ar\/index.php\/wp-json\/wp\/v2\/users\/4"}],"replies":[{"embeddable":true,"href":"http:\/\/fmriachuelo.it10.com.ar\/index.php\/wp-json\/wp\/v2\/comments?post=142"}],"version-history":[{"count":1,"href":"http:\/\/fmriachuelo.it10.com.ar\/index.php\/wp-json\/wp\/v2\/posts\/142\/revisions"}],"predecessor-version":[{"id":23914,"href":"http:\/\/fmriachuelo.it10.com.ar\/index.php\/wp-json\/wp\/v2\/posts\/142\/revisions\/23914"}],"wp:attachment":[{"href":"http:\/\/fmriachuelo.it10.com.ar\/index.php\/wp-json\/wp\/v2\/media?parent=142"}],"wp:term":[{"taxonomy":"category","embeddable":true,"href":"http:\/\/fmriachuelo.it10.com.ar\/index.php\/wp-json\/wp\/v2\/categories?post=142"},{"taxonomy":"post_tag","embeddable":true,"href":"http:\/\/fmriachuelo.it10.com.ar\/index.php\/wp-json\/wp\/v2\/tags?post=142"}],"curies":[{"name":"wp","href":"https:\/\/api.w.org\/{rel}","templated":true}]}}