{"id":1419,"date":"2016-04-28T13:04:00","date_gmt":"2016-04-28T13:04:00","guid":{"rendered":"http:\/\/fmriachuelo.observatorioess.org.ar\/index.php\/2016\/04\/28\/29-de-abril-jornada-nacional-de-lucha-de-todos-los-trabajadores-2\/"},"modified":"2016-04-28T13:04:00","modified_gmt":"2016-04-28T13:04:00","slug":"29-de-abril-jornada-nacional-de-lucha-de-todos-los-trabajadores-2","status":"publish","type":"post","link":"http:\/\/fmriachuelo.it10.com.ar\/index.php\/2016\/04\/28\/29-de-abril-jornada-nacional-de-lucha-de-todos-los-trabajadores-2\/","title":{"rendered":"29 DE ABRIL JORNADA NACIONAL DE LUCHA DE TODOS LOS TRABAJADORES"},"content":{"rendered":"<p><span><b>\u00a1ECONOM\u00cdA POPULAR PRESENTE!<\/b><\/span><br \/><span><b><span style=\"color: blue\">Escuch\u00e1 el<\/span><span style=\"color: red\">&nbsp;<\/span><a href=\"https:\/\/soundcloud.com\/prensa-fm-riachuelo\/29-jornada-nac-de-lucha\"><span style=\"color: blue\">SPOT: 29 JORNADA NACIONAL DE LUCHA DE TODOS LOS TRABAJADORES<\/span><\/a><\/b><\/span><\/p>\n<div style=\"clear: both;text-align: center\"><a href=\"https:\/\/1.bp.blogspot.com\/-53qnVx0xUhQ\/VyIIo5nrgVI\/AAAAAAAAIYg\/QGfDR3qc8cQNh-W4B2VN5wIJ_7Ynb1EBQCLcB\/s1600\/29.jpg\" style=\"clear: left;float: left;margin-bottom: 1em;margin-right: 1em\"><img loading=\"lazy\" decoding=\"async\" border=\"0\" height=\"224\" src=\"https:\/\/1.bp.blogspot.com\/-53qnVx0xUhQ\/VyIIo5nrgVI\/AAAAAAAAIYg\/QGfDR3qc8cQNh-W4B2VN5wIJ_7Ynb1EBQCLcB\/s320\/29.jpg\" width=\"320\" \/><\/a><\/div>\n<p><span><br \/>ORGANIZATE, MOVILIZATE Y SAL\u00cd A LA CALLE EN DEFENSA DE NUESTRA PATRIA<br \/><b>Sumate con nosotros en GARAY Y LIMA para marchar con la CTEP<\/b><\/span><br \/><span><br \/>Contra el hambre, los despidos y el tarifazo.<\/p>\n<p>Por <b>Tierra, Techo y Trabajo<\/b>.<br \/>Por los luchadores sociales criminalizados.<\/p>\n<p>Por los trabajadores de la V\u00eda P\u00fablica, de las F\u00e1bricas Recuperadas, de la Cultura y la Comunicaci\u00f3n Popular.<\/p>\n<p>Por los campesinos y cartoneros, perseguidos y reprimidos por las fuerzas de seguridad.<\/p>\n<p>Los militantes y trabajadores de la Comunicaci\u00f3n Popular que hacemos la FM RIACHUELO marchamos con la Confederaci\u00f3n de Trabajadores de la Econom\u00eda Popular (CTEP).<\/p>\n<p>VIERNES 29 DE ABRIL<\/p>\n<p>JORNADA NACIONAL DE LUCHA DE TODOS LOS TRABAJADORES <\/p>\n<p>Concentramos a las 12 hs.<\/p>\n<p>Sumate con nosotros en GARAY Y LIMA para marchar con la CTEP<\/p>\n<p>VIERNES 29 DE ABRIL<\/p>\n<p>JORNADA NACIONAL DE LUCHA DE TODOS LOS TRABAJADORES <\/p>\n<p>\u201cEl 29 tenemos que participar\u00bb<\/p>\n<p>El plan estrat\u00e9gico lo discutimos con los trabajadores.<\/p>\n<p>Con el conjunto de la clase trabajadora.<\/p>\n<p>Ni un trabajador afuera.<\/p>\n<p>Todos adentro.<\/p>\n<p>Construyendo nuestra patria<\/p>\n<p>Construyendo la victoria.\u201d<\/p>\n<p>Con la CTEP.<\/span><\/p>\n","protected":false},"excerpt":{"rendered":"<p>\u00a1ECONOM\u00cdA POPULAR PRESENTE!Escuch\u00e1 el&nbsp;SPOT: 29 JORNADA NACIONAL DE LUCHA DE TODOS LOS TRABAJADORES ORGANIZATE, MOVILIZATE Y SAL\u00cd A LA CALLE EN DEFENSA DE NUESTRA PATRIASumate con nosotros en GARAY Y LIMA para marchar con la CTEPContra el hambre, los despidos y el tarifazo. Por Tierra, Techo y Trabajo.Por los luchadores sociales criminalizados. Por los trabajadores [&hellip;]<\/p>\n","protected":false},"author":4,"featured_media":0,"comment_status":"open","ping_status":"open","sticky":false,"template":"","format":"standard","meta":{"_monsterinsights_skip_tracking":false,"_monsterinsights_sitenote_active":false,"_monsterinsights_sitenote_note":"","_monsterinsights_sitenote_category":0,"jnews-multi-image_gallery":[],"jnews_single_post":[],"jnews_primary_category":[],"_joinchat":[],"footnotes":""},"categories":[75],"tags":[],"class_list":["post-1419","post","type-post","status-publish","format-standard","hentry","category-trabajo"],"_links":{"self":[{"href":"http:\/\/fmriachuelo.it10.com.ar\/index.php\/wp-json\/wp\/v2\/posts\/1419","targetHints":{"allow":["GET"]}}],"collection":[{"href":"http:\/\/fmriachuelo.it10.com.ar\/index.php\/wp-json\/wp\/v2\/posts"}],"about":[{"href":"http:\/\/fmriachuelo.it10.com.ar\/index.php\/wp-json\/wp\/v2\/types\/post"}],"author":[{"embeddable":true,"href":"http:\/\/fmriachuelo.it10.com.ar\/index.php\/wp-json\/wp\/v2\/users\/4"}],"replies":[{"embeddable":true,"href":"http:\/\/fmriachuelo.it10.com.ar\/index.php\/wp-json\/wp\/v2\/comments?post=1419"}],"version-history":[{"count":0,"href":"http:\/\/fmriachuelo.it10.com.ar\/index.php\/wp-json\/wp\/v2\/posts\/1419\/revisions"}],"wp:attachment":[{"href":"http:\/\/fmriachuelo.it10.com.ar\/index.php\/wp-json\/wp\/v2\/media?parent=1419"}],"wp:term":[{"taxonomy":"category","embeddable":true,"href":"http:\/\/fmriachuelo.it10.com.ar\/index.php\/wp-json\/wp\/v2\/categories?post=1419"},{"taxonomy":"post_tag","embeddable":true,"href":"http:\/\/fmriachuelo.it10.com.ar\/index.php\/wp-json\/wp\/v2\/tags?post=1419"}],"curies":[{"name":"wp","href":"https:\/\/api.w.org\/{rel}","templated":true}]}}