{"id":1418,"date":"2016-04-30T17:48:00","date_gmt":"2016-04-30T17:48:00","guid":{"rendered":"http:\/\/fmriachuelo.observatorioess.org.ar\/index.php\/2016\/04\/30\/29-de-abril-jornada-nacional-de-lucha-de-los-trabajadores\/"},"modified":"2016-04-30T17:48:00","modified_gmt":"2016-04-30T17:48:00","slug":"29-de-abril-jornada-nacional-de-lucha-de-los-trabajadores","status":"publish","type":"post","link":"http:\/\/fmriachuelo.it10.com.ar\/index.php\/2016\/04\/30\/29-de-abril-jornada-nacional-de-lucha-de-los-trabajadores\/","title":{"rendered":"29 DE ABRIL: JORNADA NACIONAL DE LUCHA DE LOS TRABAJADORES"},"content":{"rendered":"<p><span style=\"color: red\"><b><span style=\"font-size: large\"><span><span>EL<span> PUEBLO<\/span><\/span> DE PIE Y EN LUCHA<\/span><\/span><\/b><\/span><br \/><span style=\"color: red\"><span style=\"font-size: small\"><span>Escuch\u00e1 a continuaci\u00f3n<span style=\"color: red;font-size: medium;font-weight: bold\">&nbsp;<\/span><a href=\"https:\/\/soundcloud.com\/prensa-fm-riachuelo\/sets\/acto-29-04-2016\" style=\"font-weight: bold\"><span style=\"color: blue\">ALGUNOS TESTIMONIOS DE LA MARCHA: DEL SECTOR POPULAR Y DEL SECTOR FORMAL<\/span><\/a><\/span><\/span><\/span><\/p>\n<div style=\"clear: both;text-align: center\"><a href=\"https:\/\/4.bp.blogspot.com\/-0Mn8HYLFRN8\/VyTSge970bI\/AAAAAAAAIY4\/fCZXFx33L3UIcductKUJVOxyQXQu8wTKwCLcB\/s1600\/_DSC0107.JPG\" style=\"margin-left: 1em;margin-right: 1em\"><img loading=\"lazy\" decoding=\"async\" border=\"0\" height=\"262\" src=\"https:\/\/4.bp.blogspot.com\/-0Mn8HYLFRN8\/VyTSge970bI\/AAAAAAAAIY4\/fCZXFx33L3UIcductKUJVOxyQXQu8wTKwCLcB\/s400\/_DSC0107.JPG\" width=\"400\" \/><\/a><\/div>\n<p><span><\/span><\/p>\n<div style=\"text-align: justify\"><span><b>[FMR 30\/04\/16] En el d\u00eda de ayer los trabajadores de la econom\u00eda popular nucleados en la Confederaci\u00f3n de Trabjadores de la Econom\u00eda Popular, CTEP, iniciaron la jornada de Movilizaci\u00f3n Nacional de los Trabajadores, con una multitudinaria concentraci\u00f3n en Plaza Constituci\u00f3n, que se realiz\u00f3 a las 12 hs. As\u00ed dieron comienzo a la marcha con un acto reivindicativo, de la econom\u00eda popular, como parte integrante del campo de los trabajadores. Desde all\u00ed marcharon para unirse a todos los trabajadores en el acto central frente al Monumento al Trabajo en la Ciudad de Buenos Aires.<\/b><\/span><\/div>\n<p><span><\/span><\/p>\n<div style=\"clear: both;text-align: center\"><a href=\"https:\/\/1.bp.blogspot.com\/-jtL6gp0cPgk\/VyTWNpPDxpI\/AAAAAAAAIZE\/HCoh1A8C_LcEl2p4NE0o9Mj-fM_9XVORgCLcB\/s1600\/20160430075148R.jpg\" style=\"margin-left: 1em;margin-right: 1em\"><img loading=\"lazy\" decoding=\"async\" border=\"0\" height=\"186\" src=\"https:\/\/1.bp.blogspot.com\/-jtL6gp0cPgk\/VyTWNpPDxpI\/AAAAAAAAIZE\/HCoh1A8C_LcEl2p4NE0o9Mj-fM_9XVORgCLcB\/s400\/20160430075148R.jpg\" width=\"400\" \/><\/a><\/div>\n<p><\/p>\n<div style=\"text-align: justify\"><span>Los trabajadores de las distintas ramas de la CTEP convergieron en Av. Garay y Lima, frente a Plaza Constituci\u00f3n. En el escenario tomaron la palabra los integrantes de la Mesa Promotora de la CTEP,&nbsp; para darle apertura a la Jornada Nacional de Movilizaci\u00f3n y Lucha.&nbsp; Imparti\u00f3 una bendici\u00f3n el Padre Eduardo Farrel con palabras de reconocimiento para este sector de la econom\u00eda,&nbsp; que retoman las pronunciadas por el Papa Francisco.&nbsp; Para dar por finalizado este acto se escucharon las palabras del secretario general de la CTEP, Esteban \u00abGringo\u00bb Castro.<\/span><\/p>\n<p><a name='more'><\/a><span> <\/span><\/div>\n<div style=\"text-align: justify\"><a href=\"https:\/\/1.bp.blogspot.com\/-Seoh3FOTig4\/VyTg77IZAWI\/AAAAAAAAIZU\/oTnFf5PPftkYKNxfzbHNhJijvgZYsk62ACLcB\/s1600\/20160429_130036R.jpg\" style=\"clear: right;float: right;margin-bottom: 1em;margin-left: 1em\"><img loading=\"lazy\" decoding=\"async\" border=\"0\" height=\"189\" src=\"https:\/\/1.bp.blogspot.com\/-Seoh3FOTig4\/VyTg77IZAWI\/AAAAAAAAIZU\/oTnFf5PPftkYKNxfzbHNhJijvgZYsk62ACLcB\/s320\/20160429_130036R.jpg\" width=\"320\" \/><\/a><span>Todos los oradores coincidieron en calificar a las actuales pol\u00edticas de gobierno contrarias a la clase trabajadora y al sector popular, mientras beneficia abiertamente a los sectores m\u00e1s concentrados de la econom\u00eda. Al tiempo que se destac\u00f3 la capacidad de organizaci\u00f3n del sector como la fuerza motora para luchar y resistir frente a la voracidad de las pol\u00edticas de gobierno. <\/span><\/div>\n<div style=\"text-align: justify\"><span><\/span><\/div>\n<div style=\"text-align: justify\"><span>El sector m\u00e1s castigado por las actuales pol\u00edticas econ\u00f3micas march\u00f3 como parte del conjunto de los trabajadores que se concentraron frente al Monumento al Trabajador.<\/span><\/p>\n<div style=\"clear: both;text-align: center\"><a href=\"https:\/\/1.bp.blogspot.com\/-XEM0DokZicc\/VyTkhV3kvPI\/AAAAAAAAIZs\/PVHVKChZfKM0gE44A3e1uqWLKaJYY7FSQCLcB\/s1600\/IMG-20160429-WA0054.jpg\" style=\"margin-left: 1em;margin-right: 1em\"><img loading=\"lazy\" decoding=\"async\" border=\"0\" height=\"222\" src=\"https:\/\/1.bp.blogspot.com\/-XEM0DokZicc\/VyTkhV3kvPI\/AAAAAAAAIZs\/PVHVKChZfKM0gE44A3e1uqWLKaJYY7FSQCLcB\/s400\/IMG-20160429-WA0054.jpg\" width=\"400\" \/><\/a><\/div>\n<div style=\"clear: both;text-align: center\"><span>&nbsp;<\/span><a href=\"https:\/\/2.bp.blogspot.com\/-TKwSGHuIhjU\/VyTiKK-6fkI\/AAAAAAAAIZg\/bMUH0RrpSJoCXpgnz6z7mtgLR5yoSiXYwCLcB\/s1600\/5DuAUp9zR.jpg\" style=\"margin-left: 1em;margin-right: 1em\"><img loading=\"lazy\" decoding=\"async\" border=\"0\" height=\"237\" src=\"https:\/\/2.bp.blogspot.com\/-TKwSGHuIhjU\/VyTiKK-6fkI\/AAAAAAAAIZg\/bMUH0RrpSJoCXpgnz6z7mtgLR5yoSiXYwCLcB\/s400\/5DuAUp9zR.jpg\" width=\"400\" \/><\/a><\/div>\n<p><span><\/span><\/p>\n<div style=\"clear: both;text-align: center\"><span><a href=\"https:\/\/1.bp.blogspot.com\/-RyXTEoR6LGs\/VyTrF3x1YqI\/AAAAAAAAIZ8\/DPN89APGPNUB-qJMsTgaLToK1WC41gH8QCLcB\/s1600\/IMG_20160429_140450271_HDR.jpg\" style=\"margin-left: 1em;margin-right: 1em\"><img loading=\"lazy\" decoding=\"async\" border=\"0\" height=\"223\" src=\"https:\/\/1.bp.blogspot.com\/-RyXTEoR6LGs\/VyTrF3x1YqI\/AAAAAAAAIZ8\/DPN89APGPNUB-qJMsTgaLToK1WC41gH8QCLcB\/s400\/IMG_20160429_140450271_HDR.jpg\" width=\"400\" \/><\/a><\/span><\/div>\n<p><span><\/span><\/p>\n<div style=\"clear: both;text-align: center\"><a href=\"https:\/\/3.bp.blogspot.com\/-7hY6zSxKfFk\/VyWHAAc36qI\/AAAAAAAAIas\/gND2LCTdccsEz6IqP0oJ7K8w6_gIWSj7QCLcB\/s1600\/IMG-20160430-WA0002.jpg\" style=\"margin-left: 1em;margin-right: 1em\"><img loading=\"lazy\" decoding=\"async\" border=\"0\" height=\"223\" src=\"https:\/\/3.bp.blogspot.com\/-7hY6zSxKfFk\/VyWHAAc36qI\/AAAAAAAAIas\/gND2LCTdccsEz6IqP0oJ7K8w6_gIWSj7QCLcB\/s400\/IMG-20160430-WA0002.jpg\" width=\"400\" \/><\/a><\/div>\n<div style=\"clear: both;text-align: center\"><span><\/span><\/div>\n<p><span><\/span><span><\/span><span><\/span><\/p>\n<div style=\"clear: both;text-align: center\"><span><a href=\"https:\/\/2.bp.blogspot.com\/-VRzs0LAedb4\/VyTuwfn6f3I\/AAAAAAAAIaM\/a1RCHvL1YwIfWBxf7PuemM4S0WuCO-uAACLcB\/s1600\/0ZcLykP5R.jpg\" style=\"margin-left: 1em;margin-right: 1em\"><img loading=\"lazy\" decoding=\"async\" border=\"0\" height=\"247\" src=\"https:\/\/2.bp.blogspot.com\/-VRzs0LAedb4\/VyTuwfn6f3I\/AAAAAAAAIaM\/a1RCHvL1YwIfWBxf7PuemM4S0WuCO-uAACLcB\/s400\/0ZcLykP5R.jpg\" width=\"400\" \/><\/a><\/span><\/div>\n<p><\/p>\n<div style=\"clear: both;text-align: center\"><a href=\"https:\/\/3.bp.blogspot.com\/-AUFdAEZxXcQ\/VyTu5nB1jbI\/AAAAAAAAIaU\/yjqpUESrBKADiRqSs2MYuGEEU-cWRM65QCLcB\/s1600\/20160430093648R.jpg\" style=\"margin-left: 1em;margin-right: 1em\"><img loading=\"lazy\" decoding=\"async\" border=\"0\" height=\"320\" src=\"https:\/\/3.bp.blogspot.com\/-AUFdAEZxXcQ\/VyTu5nB1jbI\/AAAAAAAAIaU\/yjqpUESrBKADiRqSs2MYuGEEU-cWRM65QCLcB\/s320\/20160430093648R.jpg\" width=\"315\" \/><\/a><\/div>\n<\/div>\n","protected":false},"excerpt":{"rendered":"<p>EL PUEBLO DE PIE Y EN LUCHAEscuch\u00e1 a continuaci\u00f3n&nbsp;ALGUNOS TESTIMONIOS DE LA MARCHA: DEL SECTOR POPULAR Y DEL SECTOR FORMAL [FMR 30\/04\/16] En el d\u00eda de ayer los trabajadores de la econom\u00eda popular nucleados en la Confederaci\u00f3n de Trabjadores de la Econom\u00eda Popular, CTEP, iniciaron la jornada de Movilizaci\u00f3n Nacional de los Trabajadores, con una [&hellip;]<\/p>\n","protected":false},"author":4,"featured_media":0,"comment_status":"open","ping_status":"open","sticky":false,"template":"","format":"standard","meta":{"_monsterinsights_skip_tracking":false,"_monsterinsights_sitenote_active":false,"_monsterinsights_sitenote_note":"","_monsterinsights_sitenote_category":0,"jnews-multi-image_gallery":[],"jnews_single_post":[],"jnews_primary_category":[],"_joinchat":[],"footnotes":""},"categories":[75],"tags":[],"class_list":["post-1418","post","type-post","status-publish","format-standard","hentry","category-trabajo"],"_links":{"self":[{"href":"http:\/\/fmriachuelo.it10.com.ar\/index.php\/wp-json\/wp\/v2\/posts\/1418","targetHints":{"allow":["GET"]}}],"collection":[{"href":"http:\/\/fmriachuelo.it10.com.ar\/index.php\/wp-json\/wp\/v2\/posts"}],"about":[{"href":"http:\/\/fmriachuelo.it10.com.ar\/index.php\/wp-json\/wp\/v2\/types\/post"}],"author":[{"embeddable":true,"href":"http:\/\/fmriachuelo.it10.com.ar\/index.php\/wp-json\/wp\/v2\/users\/4"}],"replies":[{"embeddable":true,"href":"http:\/\/fmriachuelo.it10.com.ar\/index.php\/wp-json\/wp\/v2\/comments?post=1418"}],"version-history":[{"count":0,"href":"http:\/\/fmriachuelo.it10.com.ar\/index.php\/wp-json\/wp\/v2\/posts\/1418\/revisions"}],"wp:attachment":[{"href":"http:\/\/fmriachuelo.it10.com.ar\/index.php\/wp-json\/wp\/v2\/media?parent=1418"}],"wp:term":[{"taxonomy":"category","embeddable":true,"href":"http:\/\/fmriachuelo.it10.com.ar\/index.php\/wp-json\/wp\/v2\/categories?post=1418"},{"taxonomy":"post_tag","embeddable":true,"href":"http:\/\/fmriachuelo.it10.com.ar\/index.php\/wp-json\/wp\/v2\/tags?post=1418"}],"curies":[{"name":"wp","href":"https:\/\/api.w.org\/{rel}","templated":true}]}}