{"id":1417,"date":"2016-05-02T02:25:00","date_gmt":"2016-05-02T02:25:00","guid":{"rendered":"http:\/\/fmriachuelo.observatorioess.org.ar\/index.php\/2016\/05\/02\/29-de-abril-jornada-nacional-de-lucha-de-todos-los-trabajadores\/"},"modified":"2016-05-02T02:25:00","modified_gmt":"2016-05-02T02:25:00","slug":"29-de-abril-jornada-nacional-de-lucha-de-todos-los-trabajadores","status":"publish","type":"post","link":"http:\/\/fmriachuelo.it10.com.ar\/index.php\/2016\/05\/02\/29-de-abril-jornada-nacional-de-lucha-de-todos-los-trabajadores\/","title":{"rendered":"29 DE ABRIL: JORNADA NACIONAL DE LUCHA DE TODOS LOS TRABAJADORES"},"content":{"rendered":"<p><span style=\"color: red;font-family: Verdana, sans-serif;font-size: large\"><b>LA ECONOM\u00cdA POPULAR DIJO PRESENTE<\/b><\/span><br \/><span style=\"color: blue;font-family: Verdana, sans-serif\"><b><a href=\"https:\/\/soundcloud.com\/prensa-fm-riachuelo\/sets\/acto-29-04-2016\"> ESCUCH\u00c1 LAS INTERVENCIONES DEL ACTO DE LOS TRABAJADORES DE LA ECONOM\u00cdA POPULAR<\/a><\/b><\/span><br \/><span style=\"font-family: Verdana, sans-serif\"><b><span style=\"color: blue\"><a href=\"https:\/\/soundcloud.com\/prensa-fm-riachuelo\/sets\/29-04-2016-testimonios-de-la\"> ESCUCH\u00c1 LOS TESTIMONIOS DE LOS PARTICIPANTES DE LA MARCHA<\/a><\/span><\/b><\/span><br \/><span style=\"font-family: Verdana, sans-serif\"><b><br \/><\/b><\/span><\/p>\n<div style=\"clear: both;text-align: center\"><a href=\"https:\/\/3.bp.blogspot.com\/-FYiitE38_G8\/Vya5MqV8XzI\/AAAAAAAAIbE\/6yRG58bL_Kcx1YLejygAgLVHrv2DqtBZQCLcB\/s1600\/CTEPP.jpg\" style=\"clear: left;float: left;margin-bottom: 1em;margin-right: 1em\"><img loading=\"lazy\" decoding=\"async\" border=\"0\" height=\"211\" src=\"https:\/\/3.bp.blogspot.com\/-FYiitE38_G8\/Vya5MqV8XzI\/AAAAAAAAIbE\/6yRG58bL_Kcx1YLejygAgLVHrv2DqtBZQCLcB\/s320\/CTEPP.jpg\" width=\"320\" \/><\/a><\/div>\n<p><span style=\"font-family: Verdana, sans-serif\"><\/p>\n<div style=\"text-align: justify\">[FMR 30\/04\/16] En barrios como La Boca, la participaci\u00f3n popular en la hist\u00f3rica jornada de lucha del viernes 29 de abril se palpitaba desde temprano. Las calles y las paredes amanecieron con pintadas, volantes y panfletos que, adem\u00e1s de las consignas que retrataban el malestar y padecimiento que producen las pol\u00edticas macristas, convocaban a movilizarse a la diversidad de marchas que convergieron en el monumento al Trabajo ubicado en Independencia y Paseo Col\u00f3n. Lo que tambi\u00e9n contaban las pintadas de los barrios es que, antes de llegar al acto en las inmediaciones de la Facultad de Ingenier\u00eda, miles de trabajadores que inventaron su propia fuente de ingreso y que no est\u00e1n amparados por ninguna de las \u00ab5 centrales sindicales\u00bb, concentraron en Plaza Constituci\u00f3n donde la Confederaci\u00f3n de la Econom\u00eda Popular (CTEP) organiz\u00f3 el <a href=\"https:\/\/soundcloud.com\/prensa-fm-riachuelo\/sets\/acto-29-04-2016\">Acto de la Econom\u00eda Popular<\/a>.<\/div>\n<div style=\"text-align: justify\"><\/div>\n<div style=\"clear: both;text-align: center\"><a href=\"https:\/\/4.bp.blogspot.com\/-rAmUtZvOaZo\/Vya5o0nn27I\/AAAAAAAAIbI\/Pr1aRTPwLL0zdxQIEccHHPyP4mfeQANXQCLcB\/s1600\/CONSTII.jpg\" style=\"clear: left;float: left;margin-bottom: 1em;margin-right: 1em\"><img loading=\"lazy\" decoding=\"async\" border=\"0\" height=\"189\" src=\"https:\/\/4.bp.blogspot.com\/-rAmUtZvOaZo\/Vya5o0nn27I\/AAAAAAAAIbI\/Pr1aRTPwLL0zdxQIEccHHPyP4mfeQANXQCLcB\/s320\/CONSTII.jpg\" width=\"320\" \/><\/a><\/div>\n<div style=\"text-align: justify\">Los trabajadores de las distintas ramas de la CTEP, a los que se sum\u00f3 tambi\u00e9n el Movimiento Barrios de Pie, convergieron en Av. Garay y Lima, frente a Plaza Constituci\u00f3n. En el escenario tomaron la palabra los integrantes de la Mesa Promotora de la CTEP,  para darle apertura a la Jornada Nacional de Movilizaci\u00f3n y Lucha.  Imparti\u00f3 una <a href=\"https:\/\/soundcloud.com\/prensa-fm-riachuelo\/padra-farrel-2\">bendici\u00f3n el Padre Eduardo Farrell con palabras de reconocimiento<\/a> para este sector de la econom\u00eda, que retoman las pronunciadas por el Papa Francisco. El cierre del acto estuvo a cargo del Secretario General de la CTEP, <a href=\"https:\/\/soundcloud.com\/prensa-fm-riachuelo\/esteban-gringo-castro-cierre-acto\">Esteban \u00abGringo\u00bb Castro<\/a> quien reivindic\u00f3 la necesidad del reconocimiento gremial como fuente de legalidad para acceder a los derechos laborales y las conquistas que de all\u00ed se derivan.<\/div>\n<div style=\"clear: both;text-align: center\"><a href=\"https:\/\/4.bp.blogspot.com\/-Iy4bjn78aV4\/Vya6NcxLZ7I\/AAAAAAAAIbU\/bXzlV1weBEkR-Oilwf-WXARFZsenoT6tACLcB\/s1600\/constiii.jpg\" style=\"margin-left: 1em;margin-right: 1em\"><img loading=\"lazy\" decoding=\"async\" border=\"0\" height=\"179\" src=\"https:\/\/4.bp.blogspot.com\/-Iy4bjn78aV4\/Vya6NcxLZ7I\/AAAAAAAAIbU\/bXzlV1weBEkR-Oilwf-WXARFZsenoT6tACLcB\/s320\/constiii.jpg\" width=\"320\" \/><\/a><\/div>\n<p><\/span><\/p>\n<div>\n<div style=\"text-align: justify\"><span style=\"font-family: Verdana, sans-serif\">Una vez finalizado el acto, los concurrentes formaron una columna con un n\u00famero superior a los diez mil trabajadores: &nbsp;de la v\u00eda p\u00fablica, de cooperativas de trabajo, cartoneros, de f\u00e1bricas recuperadas que desfilaron por la Avenida Garay hacia el Monumento al Trabajo. Los trabajadores de la econom\u00eda popular dieron as\u00ed el presente en la hist\u00f3rica jornada donde la masividad de la movilizaci\u00f3n dio cuenta de una resistencia popular que empieza a asomar y a buscar las formas de torcer, una vez m\u00e1s, una historia de injusticias.<\/span><\/div>\n<p><span style=\"font-family: Verdana, sans-serif\"><\/p>\n<div style=\"background-color: white;color: #212121;font-family: wf_segoe-ui_normal, 'Segoe UI', 'Segoe WP', Tahoma, Arial, sans-serif;font-size: 15px;text-align: center\"><\/div>\n<div style=\"background-color: white;color: #212121;font-family: wf_segoe-ui_normal, 'Segoe UI', 'Segoe WP', Tahoma, Arial, sans-serif;font-size: 15px;text-align: center\"><span style=\"font-size: x-small\"><b style=\"color: red;font-family: Verdana, Geneva, sans-serif;line-height: 18.48px\"><span style=\"font-family: verdana, sans-serif\"><span style=\"color: black\"><a href=\"https:\/\/soundcloud.com\/prensa-fm-riachuelo\/sets\/acto-29-04-2016\" target=\"_blank\" rel=\"noopener\">ESCUCH\u00c1 LAS INTERVENCIONES DEL ACTO DE LA ECONOM\u00cdA POPULAR<\/a><br \/><\/span><\/span><\/b><\/span><\/div>\n<div style=\"background-color: white;color: #212121;font-family: wf_segoe-ui_normal, 'Segoe UI', 'Segoe WP', Tahoma, Arial, sans-serif;font-size: 15px;text-align: center\"><span style=\"font-size: x-small\"><b style=\"color: red;font-family: Verdana, Geneva, sans-serif;line-height: 18.48px\"><span style=\"font-family: verdana, sans-serif\"><span style=\"color: black\"><a href=\"https:\/\/soundcloud.com\/prensa-fm-riachuelo\/sets\/29-04-2016-testimonios-de-la\" target=\"_blank\" rel=\"noopener\">ESCUCH\u00c1 LOS TESTIMONIOS DE LOS PARTICIPANTES<\/a><\/span><\/span><\/b><\/span><\/div>\n<p><\/span><\/div>\n","protected":false},"excerpt":{"rendered":"<p>LA ECONOM\u00cdA POPULAR DIJO PRESENTE ESCUCH\u00c1 LAS INTERVENCIONES DEL ACTO DE LOS TRABAJADORES DE LA ECONOM\u00cdA POPULAR ESCUCH\u00c1 LOS TESTIMONIOS DE LOS PARTICIPANTES DE LA MARCHA [FMR 30\/04\/16] En barrios como La Boca, la participaci\u00f3n popular en la hist\u00f3rica jornada de lucha del viernes 29 de abril se palpitaba desde temprano. Las calles y las [&hellip;]<\/p>\n","protected":false},"author":4,"featured_media":0,"comment_status":"open","ping_status":"open","sticky":false,"template":"","format":"standard","meta":{"_monsterinsights_skip_tracking":false,"_monsterinsights_sitenote_active":false,"_monsterinsights_sitenote_note":"","_monsterinsights_sitenote_category":0,"jnews-multi-image_gallery":[],"jnews_single_post":[],"jnews_primary_category":[],"_joinchat":[],"footnotes":""},"categories":[75],"tags":[],"class_list":["post-1417","post","type-post","status-publish","format-standard","hentry","category-trabajo"],"_links":{"self":[{"href":"http:\/\/fmriachuelo.it10.com.ar\/index.php\/wp-json\/wp\/v2\/posts\/1417","targetHints":{"allow":["GET"]}}],"collection":[{"href":"http:\/\/fmriachuelo.it10.com.ar\/index.php\/wp-json\/wp\/v2\/posts"}],"about":[{"href":"http:\/\/fmriachuelo.it10.com.ar\/index.php\/wp-json\/wp\/v2\/types\/post"}],"author":[{"embeddable":true,"href":"http:\/\/fmriachuelo.it10.com.ar\/index.php\/wp-json\/wp\/v2\/users\/4"}],"replies":[{"embeddable":true,"href":"http:\/\/fmriachuelo.it10.com.ar\/index.php\/wp-json\/wp\/v2\/comments?post=1417"}],"version-history":[{"count":0,"href":"http:\/\/fmriachuelo.it10.com.ar\/index.php\/wp-json\/wp\/v2\/posts\/1417\/revisions"}],"wp:attachment":[{"href":"http:\/\/fmriachuelo.it10.com.ar\/index.php\/wp-json\/wp\/v2\/media?parent=1417"}],"wp:term":[{"taxonomy":"category","embeddable":true,"href":"http:\/\/fmriachuelo.it10.com.ar\/index.php\/wp-json\/wp\/v2\/categories?post=1417"},{"taxonomy":"post_tag","embeddable":true,"href":"http:\/\/fmriachuelo.it10.com.ar\/index.php\/wp-json\/wp\/v2\/tags?post=1417"}],"curies":[{"name":"wp","href":"https:\/\/api.w.org\/{rel}","templated":true}]}}