{"id":1416,"date":"2016-05-04T12:49:00","date_gmt":"2016-05-04T12:49:00","guid":{"rendered":"http:\/\/fmriachuelo.observatorioess.org.ar\/index.php\/2016\/05\/04\/san-vicente-intentan-desalojar-tierras-ocupadas-para-trabajar\/"},"modified":"2016-05-04T12:49:00","modified_gmt":"2016-05-04T12:49:00","slug":"san-vicente-intentan-desalojar-tierras-ocupadas-para-trabajar","status":"publish","type":"post","link":"http:\/\/fmriachuelo.it10.com.ar\/index.php\/2016\/05\/04\/san-vicente-intentan-desalojar-tierras-ocupadas-para-trabajar\/","title":{"rendered":"SAN VICENTE: INTENTAN DESALOJAR TIERRAS OCUPADAS PARA TRABAJAR"},"content":{"rendered":"<div dir=\"ltr\" style=\"background-color: white\"><span><b>TRABAJADORES DE LA TIERRA&nbsp;<\/b><\/span><\/div>\n<div dir=\"ltr\" style=\"background-color: white\"><span><b><br \/><\/b><\/span><\/div>\n<div style=\"clear: both;text-align: center\"><a href=\"https:\/\/4.bp.blogspot.com\/-Eli8KVwp2ac\/VyntUfeEwCI\/AAAAAAAAIbs\/YeBbUf5tb2wCUrMH7M0FnrHIfGG3mlFaACLcB\/s1600\/sanvi%2B1.jpg\" style=\"clear: left;float: left;margin-bottom: 1em;margin-right: 1em\"><img loading=\"lazy\" decoding=\"async\" border=\"0\" height=\"240\" src=\"https:\/\/4.bp.blogspot.com\/-Eli8KVwp2ac\/VyntUfeEwCI\/AAAAAAAAIbs\/YeBbUf5tb2wCUrMH7M0FnrHIfGG3mlFaACLcB\/s320\/sanvi%2B1.jpg\" width=\"320\" \/><\/a><\/div>\n<div dir=\"ltr\" style=\"background-color: white\"><span><a href=\"https:\/\/soundcloud.com\/prensa-fm-riachuelo\/05-03-2016-ocupacion-pacifica-en-san-vicente-agustin-mpld-cuenta-la-situacion\" style=\"font-weight: bold\"><span style=\"color: blue\">ESCUCH\u00c1 LA ENTREVISTA COMPLETA AL REFERENTE DEL M.P.LA DIGNIDAD<\/span><\/a><span style=\"color: red;font-weight: bold\">&nbsp;<\/span>realizada ayer en el programa <span style=\"color: red\">Romp\u00e9 el Cerco Informativo (L a V 18 a 19 hs.)<\/span><\/span><\/div>\n<div dir=\"ltr\" style=\"background-color: white;text-align: justify\"><span><b>[FMR 03\/05\/16]Los trabajadores de la tierra organizados &nbsp;de la localidad de Domselaar despu\u00e9s de realizar una medida de protesta ser\u00e1n atendidos por el&nbsp;intendente&nbsp;de San Vicente.&nbsp;Este comprometi\u00f3 a recibirlos el&nbsp;pr\u00f3ximo&nbsp;lunes para empezar a gestionar la posibilidad de&nbsp;acordar la entrega de tierras ociosas para organizar una colonia agr\u00edcola para producir alimentos.&nbsp;<\/b><\/span><\/div>\n<div dir=\"ltr\" style=\"background-color: white\"><span><br \/><\/span><\/div>\n<p><span><\/span><\/p>\n<div style=\"text-align: justify\"><span>URGENTE FUERZAS DE SEGURIDAD CON EL INTENDENTE DE SAN VICENTE DE CAMBIEMOS MAURICIO GOMEZ INTENTAN DESALOJAR OCUPACION PACIFICA DE TIERRAS ABANDONADAS&nbsp;<\/span><\/div>\n<p><span><\/span><\/p>\n<div style=\"text-align: justify\"><span>\u00a1TIERRA PARA QUIEN LA TRABAJA!<\/span><\/div>\n<p><span><\/p>\n<div style=\"text-align: justify\">Producimos alimentos sanos para los pueblos de la zona, somos famiblias que vivimos y producimos cerca de los grandes centros urbanos. Somos quienes producimos los lechones de fin de a\u00f1o, la masa para la muzzarella de las grandes f\u00e1bricas, los quesos, los huevos y pollos de campo, la miel pura de abejas que consume toda la poblaci\u00f3n diariamente.<\/div>\n<div style=\"text-align: justify\">Hemos ocupado tierras abandonadas en forma pac\u00edfica. De no haberlo hecho ser\u00edan parte de alg\u00fan negocio inmobiliario de unos pocos, countrys o loteos para venta de alg\u00fan puntero del barrio, pero siempre negocios para unos pocos. Nosotros, los productores organizados en la Uni\u00f3n de trabajadores de la Tierra (UTT), proponemos tierra para quien la trabaja!!! Tierra ociosa para producir y vivir!! No hemos usurpado tierras, no rompimos ninguna tranquera, ni cortamos alambres, no somos violentos. Las tierras que recuperamos, son tierras abandonadas.<br \/><a name='more'><\/a><\/div>\n<div style=\"text-align: justify\">Esta regi\u00f3n es una zona de producci\u00f3n rural, por eso los municipios realizan diversas festividades a lo largo del a\u00f1o en relaci\u00f3n a la producci\u00f3n agropecuaria \u00a1\u00bfPero los productores?! Lo planteamos al anterior gobierno y a la nueva gesti\u00f3n, les dimos tiempo, esperamos, propusimos y nada pas\u00f3!!! Algunas de las propuestas en torno a la problem\u00e1tica de la tierra fueron: la Creaci\u00f3n de Parques Rurales, Areas de Reserva de la Producci\u00f3n Familiar, Programa Municipal de Apoyo y Fomento a la Producci\u00f3n Familiar.<\/div>\n<div style=\"text-align: justify\">\u00a1\u00a1\u00a1Los productores necesitamos tierra para producir!!! \u00a1\u00a1\u00a1No podemos esperar mas!!!&nbsp;<\/div>\n<div style=\"text-align: justify\">Hacemos hincapi\u00e9 en que ning\u00fan conflicto se soluciona en el enfrentamiento de pobres contra pobres y que es necesario que todos los vecinos y familias productoras visualicemos el real problema y los verdaderos responsables como son los matones del barrio en complicidad con las autoridades municipales.<\/div>\n<div style=\"text-align: justify\">Instamos al gobierno nacional, provincial y municipal a que tengan pol\u00edticas activas ante esta problem\u00e1tica. Tanto en la regulaci\u00f3n del accionar de las inmobiliarias, como en la ejecuci\u00f3n de la propuesta de \u201cColonia Agr\u00edcola Integral de Abastecimiento Urbano\u201d, proyecto de pol\u00edtica p\u00fablica que desde la UTT venimos presentando y que tiende a solucionar la problem\u00e1tica de la tierra mediante cr\u00e9ditos a cooperativas para el acceso colectivo a la tierra y la generaci\u00f3n de colonias agr\u00edcolas.<\/div>\n<div style=\"text-align: justify\">Apelamos a la solidaridad del conjunto de la comunidad ante esta problem\u00e1tica, y no al odio y la mezquindad.<\/div>\n<div style=\"text-align: justify\">\u00a1CREACI\u00d3N DE LA 2\u00b0 COLONIA AGR\u00cdCOLA INTEGRAL DE ABASTECIMIENTO URBANO EN SAN VICENTE!<\/div>\n<div style=\"text-align: justify\">\u00a1TIERRA PARA QUIEN LA TRABAJA!<\/div>\n<div style=\"text-align: justify\">\u00a1ALIMENTOS SANOS Y A PRECIOS POPULARES PARA EL PUEBLO!<\/div>\n<div style=\"text-align: justify\">\u00a1POR SOBERAN\u00cdA ALIMENTARIA!&nbsp;<\/div>\n<div style=\"text-align: justify\">Uni\u00f3n de Trabajadores de la Tierra(UTT)&nbsp;<\/div>\n<div style=\"text-align: justify\">Confluencia MP La Dignidad. CTEP<\/div>\n<div style=\"text-align: justify\">Contactos:&nbsp;<\/div>\n<div style=\"text-align: justify\">Agust\u00edn 1160471013<\/div>\n<div style=\"text-align: justify\">Lucas 11-2410-2839<\/div>\n<p><\/span><\/p>\n","protected":false},"excerpt":{"rendered":"<p>TRABAJADORES DE LA TIERRA&nbsp; ESCUCH\u00c1 LA ENTREVISTA COMPLETA AL REFERENTE DEL M.P.LA DIGNIDAD&nbsp;realizada ayer en el programa Romp\u00e9 el Cerco Informativo (L a V 18 a 19 hs.) [FMR 03\/05\/16]Los trabajadores de la tierra organizados &nbsp;de la localidad de Domselaar despu\u00e9s de realizar una medida de protesta ser\u00e1n atendidos por el&nbsp;intendente&nbsp;de San Vicente.&nbsp;Este comprometi\u00f3 a [&hellip;]<\/p>\n","protected":false},"author":4,"featured_media":0,"comment_status":"open","ping_status":"open","sticky":false,"template":"","format":"standard","meta":{"_monsterinsights_skip_tracking":false,"_monsterinsights_sitenote_active":false,"_monsterinsights_sitenote_note":"","_monsterinsights_sitenote_category":0,"jnews-multi-image_gallery":[],"jnews_single_post":[],"jnews_primary_category":[],"_joinchat":[],"footnotes":""},"categories":[74],"tags":[],"class_list":["post-1416","post","type-post","status-publish","format-standard","hentry","category-san-cayetano"],"_links":{"self":[{"href":"http:\/\/fmriachuelo.it10.com.ar\/index.php\/wp-json\/wp\/v2\/posts\/1416","targetHints":{"allow":["GET"]}}],"collection":[{"href":"http:\/\/fmriachuelo.it10.com.ar\/index.php\/wp-json\/wp\/v2\/posts"}],"about":[{"href":"http:\/\/fmriachuelo.it10.com.ar\/index.php\/wp-json\/wp\/v2\/types\/post"}],"author":[{"embeddable":true,"href":"http:\/\/fmriachuelo.it10.com.ar\/index.php\/wp-json\/wp\/v2\/users\/4"}],"replies":[{"embeddable":true,"href":"http:\/\/fmriachuelo.it10.com.ar\/index.php\/wp-json\/wp\/v2\/comments?post=1416"}],"version-history":[{"count":0,"href":"http:\/\/fmriachuelo.it10.com.ar\/index.php\/wp-json\/wp\/v2\/posts\/1416\/revisions"}],"wp:attachment":[{"href":"http:\/\/fmriachuelo.it10.com.ar\/index.php\/wp-json\/wp\/v2\/media?parent=1416"}],"wp:term":[{"taxonomy":"category","embeddable":true,"href":"http:\/\/fmriachuelo.it10.com.ar\/index.php\/wp-json\/wp\/v2\/categories?post=1416"},{"taxonomy":"post_tag","embeddable":true,"href":"http:\/\/fmriachuelo.it10.com.ar\/index.php\/wp-json\/wp\/v2\/tags?post=1416"}],"curies":[{"name":"wp","href":"https:\/\/api.w.org\/{rel}","templated":true}]}}