{"id":1415,"date":"2016-05-04T22:30:00","date_gmt":"2016-05-04T22:30:00","guid":{"rendered":"http:\/\/fmriachuelo.observatorioess.org.ar\/index.php\/2016\/05\/04\/confederacion-de-trabajadores-de-la-economia-popular-de-la-ciudad-anuncian-plan-de-lucha\/"},"modified":"2016-05-04T22:30:00","modified_gmt":"2016-05-04T22:30:00","slug":"confederacion-de-trabajadores-de-la-economia-popular-de-la-ciudad-anuncian-plan-de-lucha","status":"publish","type":"post","link":"http:\/\/fmriachuelo.it10.com.ar\/index.php\/2016\/05\/04\/confederacion-de-trabajadores-de-la-economia-popular-de-la-ciudad-anuncian-plan-de-lucha\/","title":{"rendered":"CONFEDERACI\u00d3N DE TRABAJADORES DE LA ECONOM\u00cdA POPULAR DE LA CIUDAD ANUNCIAN PLAN DE LUCHA"},"content":{"rendered":"<p><span><b>POR LA DIGNIDAD<\/b><\/span><br \/><span><b><br \/><\/b><\/span><\/p>\n<div style=\"clear: both;text-align: center\"><a href=\"https:\/\/2.bp.blogspot.com\/-HRwnQLgbuBs\/Vyp3BPrS7uI\/AAAAAAAAIcA\/ssA68eKL20oXmz-qPDEAijYQ8Brdd9oDwCLcB\/s1600\/ctep.jpg\" style=\"clear: left;float: left;margin-bottom: 1em;margin-right: 1em\"><img loading=\"lazy\" decoding=\"async\" border=\"0\" height=\"150\" src=\"https:\/\/2.bp.blogspot.com\/-HRwnQLgbuBs\/Vyp3BPrS7uI\/AAAAAAAAIcA\/ssA68eKL20oXmz-qPDEAijYQ8Brdd9oDwCLcB\/s200\/ctep.jpg\" width=\"200\" \/><\/a><\/div>\n<p><span><\/span><\/p>\n<div style=\"text-align: justify\"><span><b>[FMR 04\/05\/16] Ma\u00f1ana a las 12 hs. la seccional capital de la CTEP anunciar\u00e1 en conferencia de prensa un plan de lucha de los trabajadores, que se realizar\u00e1 frente a la Legislatura de la Ciudad de Buenos Aires.<\/b><\/span><\/div>\n<p><span><\/p>\n<div style=\"text-align: justify\">Los trabajadores y trabajadoras de la Econom\u00eda Popular nucleados en la seccional Capital de la Confederaci\u00f3n de Trabajadores de la Econom\u00eda Popular (CTEP), anunciar\u00e1n el inicio de un plan de lucha en una conferencia de prensa que se realizar\u00e1 en la puerta de la Legislatura porte\u00f1a estejueves 5 de mayo a las 12hs. Participar\u00e1n de la misma dirigentes y referentes de distintas ramas de la CTEP.<\/div>\n<div style=\"text-align: justify\"><a name='more'><\/a><\/div>\n<div style=\"text-align: justify\">Con el objetivo de obtener respuestas por parte del gobierno de la Ciudad de Buenos Aires frente a las dificultades que padece el sector, los representantes de CTEP-Capital exigir\u00e1n una reuni\u00f3n urgente con el jefe de Gobierno, Horacio Rodr\u00edguez Larreta, a fin de plantear una serie de reclamos.<\/div>\n<div style=\"text-align: justify\"><\/div>\n<div style=\"text-align: justify\">El pliego de demandas incluir\u00e1 el reconocimiento legal de los trabajadores de la econom\u00eda popular, sus actividades y su sindicato; el cese inmediato de las pol\u00edticas represivas contra los trabajadores en v\u00eda p\u00fablica; la construcci\u00f3n de polos de desarrollo de emprendimientos productivos con condiciones dignas; una pol\u00edtica concreta para la construcci\u00f3n y finalizaci\u00f3n de viviendas y la urbanizaci\u00f3n de villas a trav\u00e9s de cooperativas de trabajo integradas por los vecinos; la apertura de la ley 341 colectiva; el llamado a una paritaria social que contemple el aumento y la extensi\u00f3n de los complementos salariales, y la declaraci\u00f3n de la emergencia social en el \u00e1mbito de la Ciudad.<\/div>\n<div style=\"text-align: justify\"><\/div>\n<div style=\"text-align: justify\">Estas medidas se inscriben en una decisi\u00f3n a nivel nacional de la CTEP, que en su \u00faltimo plenario confederal defini\u00f3 dar inicio a un plan de lucha en todo el territorio nacional para mejorar la calidad de vida los millones de trabajadores de la econom\u00eda popular.<\/div>\n<p><\/span><span><b><br \/><\/b><\/span><\/p>\n","protected":false},"excerpt":{"rendered":"<p>POR LA DIGNIDAD [FMR 04\/05\/16] Ma\u00f1ana a las 12 hs. la seccional capital de la CTEP anunciar\u00e1 en conferencia de prensa un plan de lucha de los trabajadores, que se realizar\u00e1 frente a la Legislatura de la Ciudad de Buenos Aires. Los trabajadores y trabajadoras de la Econom\u00eda Popular nucleados en la seccional Capital de [&hellip;]<\/p>\n","protected":false},"author":4,"featured_media":0,"comment_status":"open","ping_status":"open","sticky":false,"template":"","format":"standard","meta":{"_monsterinsights_skip_tracking":false,"_monsterinsights_sitenote_active":false,"_monsterinsights_sitenote_note":"","_monsterinsights_sitenote_category":0,"jnews-multi-image_gallery":[],"jnews_single_post":[],"jnews_primary_category":[],"_joinchat":[],"footnotes":""},"categories":[75],"tags":[],"class_list":["post-1415","post","type-post","status-publish","format-standard","hentry","category-trabajo"],"_links":{"self":[{"href":"http:\/\/fmriachuelo.it10.com.ar\/index.php\/wp-json\/wp\/v2\/posts\/1415","targetHints":{"allow":["GET"]}}],"collection":[{"href":"http:\/\/fmriachuelo.it10.com.ar\/index.php\/wp-json\/wp\/v2\/posts"}],"about":[{"href":"http:\/\/fmriachuelo.it10.com.ar\/index.php\/wp-json\/wp\/v2\/types\/post"}],"author":[{"embeddable":true,"href":"http:\/\/fmriachuelo.it10.com.ar\/index.php\/wp-json\/wp\/v2\/users\/4"}],"replies":[{"embeddable":true,"href":"http:\/\/fmriachuelo.it10.com.ar\/index.php\/wp-json\/wp\/v2\/comments?post=1415"}],"version-history":[{"count":0,"href":"http:\/\/fmriachuelo.it10.com.ar\/index.php\/wp-json\/wp\/v2\/posts\/1415\/revisions"}],"wp:attachment":[{"href":"http:\/\/fmriachuelo.it10.com.ar\/index.php\/wp-json\/wp\/v2\/media?parent=1415"}],"wp:term":[{"taxonomy":"category","embeddable":true,"href":"http:\/\/fmriachuelo.it10.com.ar\/index.php\/wp-json\/wp\/v2\/categories?post=1415"},{"taxonomy":"post_tag","embeddable":true,"href":"http:\/\/fmriachuelo.it10.com.ar\/index.php\/wp-json\/wp\/v2\/tags?post=1415"}],"curies":[{"name":"wp","href":"https:\/\/api.w.org\/{rel}","templated":true}]}}