{"id":1414,"date":"2016-05-05T01:38:00","date_gmt":"2016-05-05T01:38:00","guid":{"rendered":"http:\/\/fmriachuelo.observatorioess.org.ar\/index.php\/2016\/05\/05\/apunalan-a-militante-de-boca-es-pueblo\/"},"modified":"2016-05-05T01:38:00","modified_gmt":"2016-05-05T01:38:00","slug":"apunalan-a-militante-de-boca-es-pueblo","status":"publish","type":"post","link":"http:\/\/fmriachuelo.it10.com.ar\/index.php\/2016\/05\/05\/apunalan-a-militante-de-boca-es-pueblo\/","title":{"rendered":"APU\u00d1ALAN A MILITANTE DE BOCA ES PUEBLO"},"content":{"rendered":"<p><span><b>\u00a1URGENTE!<\/b><\/span><br \/><span><b><br \/><\/b><\/span><\/p>\n<div style=\"clear: both;text-align: center\"><a href=\"https:\/\/2.bp.blogspot.com\/-RTDHu7sGWts\/Vyqj2EvMJxI\/AAAAAAAAIcM\/BoR7KuiXa2YY3AYGPAQuwXoqAAEYdfWAACLcB\/s1600\/BOCA%2BES%2BPUEBLO.jpg\" style=\"clear: left;float: left;margin-bottom: 1em;margin-right: 1em\"><img loading=\"lazy\" decoding=\"async\" border=\"0\" height=\"210\" src=\"https:\/\/2.bp.blogspot.com\/-RTDHu7sGWts\/Vyqj2EvMJxI\/AAAAAAAAIcM\/BoR7KuiXa2YY3AYGPAQuwXoqAAEYdfWAACLcB\/s320\/BOCA%2BES%2BPUEBLO.jpg\" width=\"320\" \/><\/a><\/div>\n<p><span><\/span><\/p>\n<div style=\"text-align: justify\"><span>Difundimos comunicado:<\/span><\/div>\n<p><span><\/p>\n<div style=\"text-align: justify\"><\/div>\n<div style=\"text-align: justify\"><b>APU\u0147ALAN A MILITANTE DE BOCA ES PUEBLO<\/b><\/div>\n<div style=\"text-align: justify\"><\/div>\n<div style=\"text-align: justify\">En el marco del Consejo Consultivo de la comuna 4, al que acudimos como organizaci\u00f3n y vecinos de La Boca, para exigir que se legitime el Consejo convocado con anterioridad el 16\/3 en el que se rechaz\u00f3 la venta de los terrenos de casa amarilla, sucedi\u00f3 un grave episodio.<\/div>\n<div style=\"text-align: justify\"><\/div>\n<div style=\"text-align: justify\">Al momento de intentar plantear este tema, una patota que responde a un puntero del PRO (y no integrantes de la barra como informan los medios) comenz\u00f3 a agredirnos f\u00edsica y verbalmente. Uno de ellos sac\u00f3 un objeto cortante con el que hiri\u00f3 gravemente en la garganta a un compa\u00f1ero de Boca Es Pueblo. Adem\u00e1s a un militante del barrio le dieron un culatazo en la cabeza dej\u00e1ndolo inconciente. Ambos constituyeron claros intentos de homicidio.<\/div>\n<div style=\"text-align: justify\"><a name='more'><\/a><\/div>\n<div style=\"text-align: justify\">Denunciamos la existencia de una zona liberada por parte de la polic\u00eda dado que no se explica su ausencia en un evento de estas caracter\u00edsticas llevadas a cabo en un edificio p\u00fablico.<\/div>\n<div style=\"text-align: justify\"><\/div>\n<div style=\"text-align: justify\">Hacemos responsable al Gobierno de la Ciudad de le integridad f\u00edsica de nuestros militantes. Exigimos que aporte las pruebas necesarias para esclarecer lo sucedido (c\u00e1maras de seguridad, registro de los participantes, etc).<\/div>\n<div style=\"text-align: justify\"><\/div>\n<div style=\"text-align: justify\">A las organizaciones, vecinos e hinchas les pedimos que se mantengan en estado de alerta y movilizaci\u00f3n.<\/div>\n<div style=\"text-align: justify\"><\/div>\n<div style=\"text-align: justify\">BOCA ES PUEBLO<\/div>\n<div style=\"text-align: justify\">\u00abEl presente es de lucha, el futuro Es nuestro\u00bb<\/div>\n<div style=\"text-align: justify\"><\/div>\n<div style=\"text-align: justify\">Contactos<\/div>\n<div style=\"text-align: justify\">Carlos 2216040836<\/div>\n<div style=\"text-align: justify\">Mat\u00edas 1565670174<\/div>\n<div style=\"text-align: justify\">Pablo 1561877528<\/div>\n<div style=\"text-align: justify\">Ariel 1549803005<\/div>\n<p><\/span><\/p>\n","protected":false},"excerpt":{"rendered":"<p>\u00a1URGENTE! Difundimos comunicado: APU\u0147ALAN A MILITANTE DE BOCA ES PUEBLO En el marco del Consejo Consultivo de la comuna 4, al que acudimos como organizaci\u00f3n y vecinos de La Boca, para exigir que se legitime el Consejo convocado con anterioridad el 16\/3 en el que se rechaz\u00f3 la venta de los terrenos de casa amarilla, [&hellip;]<\/p>\n","protected":false},"author":4,"featured_media":0,"comment_status":"open","ping_status":"open","sticky":false,"template":"","format":"standard","meta":{"_monsterinsights_skip_tracking":false,"_monsterinsights_sitenote_active":false,"_monsterinsights_sitenote_note":"","_monsterinsights_sitenote_category":0,"jnews-multi-image_gallery":[],"jnews_single_post":[],"jnews_primary_category":[],"_joinchat":[],"footnotes":""},"categories":[1],"tags":[],"class_list":["post-1414","post","type-post","status-publish","format-standard","hentry","category-habitat"],"_links":{"self":[{"href":"http:\/\/fmriachuelo.it10.com.ar\/index.php\/wp-json\/wp\/v2\/posts\/1414","targetHints":{"allow":["GET"]}}],"collection":[{"href":"http:\/\/fmriachuelo.it10.com.ar\/index.php\/wp-json\/wp\/v2\/posts"}],"about":[{"href":"http:\/\/fmriachuelo.it10.com.ar\/index.php\/wp-json\/wp\/v2\/types\/post"}],"author":[{"embeddable":true,"href":"http:\/\/fmriachuelo.it10.com.ar\/index.php\/wp-json\/wp\/v2\/users\/4"}],"replies":[{"embeddable":true,"href":"http:\/\/fmriachuelo.it10.com.ar\/index.php\/wp-json\/wp\/v2\/comments?post=1414"}],"version-history":[{"count":0,"href":"http:\/\/fmriachuelo.it10.com.ar\/index.php\/wp-json\/wp\/v2\/posts\/1414\/revisions"}],"wp:attachment":[{"href":"http:\/\/fmriachuelo.it10.com.ar\/index.php\/wp-json\/wp\/v2\/media?parent=1414"}],"wp:term":[{"taxonomy":"category","embeddable":true,"href":"http:\/\/fmriachuelo.it10.com.ar\/index.php\/wp-json\/wp\/v2\/categories?post=1414"},{"taxonomy":"post_tag","embeddable":true,"href":"http:\/\/fmriachuelo.it10.com.ar\/index.php\/wp-json\/wp\/v2\/tags?post=1414"}],"curies":[{"name":"wp","href":"https:\/\/api.w.org\/{rel}","templated":true}]}}